{"id":101865,"date":"2025-11-27T23:07:09","date_gmt":"2025-11-27T23:07:09","guid":{"rendered":"https:\/\/www.europesays.com\/fi\/101865\/"},"modified":"2025-11-27T23:07:09","modified_gmt":"2025-11-27T23:07:09","slug":"finlandia-palkittu-lastenkirja-taynna-ystavyytta-arviossa-tomi-kontion-koira-nimeltaan-kissa-hyvastelee-ystavan","status":"publish","type":"post","link":"https:\/\/www.europesays.com\/fi\/101865\/","title":{"rendered":"Finlandia-palkittu lastenkirja t\u00e4ynn\u00e4 yst\u00e4vyytt\u00e4 \u2013 arviossa Tomi Kontion Koira nimelt\u00e4\u00e4n Kissa hyv\u00e4stelee yst\u00e4v\u00e4n"},"content":{"rendered":"<p class=\"p1\">On huhtikuu, kuukausi, josta sanotaan, ett\u00e4 se on kuukausista julmin. N\u00e4\u00e4t\u00e4 haluaa n\u00e4ytt\u00e4\u00e4 Koiralle ja Kissalle paikan, jossa h\u00e4n on syntynyt. Kolmikko l\u00e4htee matkaan mets\u00e4\u00e4n, jossa he ihastelevat her\u00e4\u00e4v\u00e4\u00e4 luontoa. <\/p>\n<p class=\"p1\">Huhtikuu n\u00e4ytt\u00e4\u00e4kin iloisia kasvojaan ja lopulta my\u00f6s armeliaita. On nimitt\u00e4in aika N\u00e4\u00e4d\u00e4n l\u00e4hte\u00e4. <\/p>\n<p class=\"p1\">Tomi Kontio kuvaa hyv\u00e4stej\u00e4 ja surua niin, ett\u00e4 my\u00f6s aikuisen lukijan on pyyhitt\u00e4v\u00e4 silm\u00e4kulmiaan. Surun keskell\u00e4 on l\u00e4sn\u00e4 my\u00f6s lohdutus, jonka el\u00e4inyst\u00e4v\u00e4t Kissa ja Koira kohtaavat, kun tuntevat poismenneen yst\u00e4v\u00e4ns\u00e4 l\u00e4sn\u00e4olon.<\/p>\n<p class=\"p1\">Kissa miettii: <\/p>\n<blockquote>\n<p class=\"p1\">\u201dKun min\u00e4 nauran, muistan kaikki monilukuiset naurut N\u00e4\u00e4d\u00e4n kanssa. Ilooni tulee surun syvyytt\u00e4. Ehk\u00e4 se tekee ilosta jotenkin kallisarvoisempaa. Ilossani ei ole N\u00e4\u00e4d\u00e4n muistoa vaan h\u00e4nen l\u00e4sn\u00e4olonsa. H\u00e4n on olemassa, vaikka ei el\u00e4.\u201d<\/p>\n<\/blockquote>\n<p class=\"p1\">Onnellinen loppu tuo Kissalle ja Koiralle my\u00f6s uuden kodin Tiikerin luona, tyt\u00f6n, joka ottaa heid\u00e4t asumaan perheens\u00e4 kanssa. Kun on turvallinen koti, voi olla taas ihan niin kuin koira ja kissa.<\/p>\n<p class=\"p1\" style=\"text-align: center;\">* *<\/p>\n<p class=\"p1\"><b>Elina Warstan<\/b> mustavalkoinen kuvitus t\u00e4ydent\u00e4\u00e4 tarinaa erinomaisesti ja tekee kirjan el\u00e4in- ja ihmishahmot el\u00e4viksi. <\/p>\n<p class=\"p1\">Kirja on niin pohdiskeleva ja lohduttava, ett\u00e4 sit\u00e4 voi suositella niin lapsen kanssa luettavaksi kuin ihan vain aikuiselle yksin\u00e4\u00e4nkin luettavaksi silloin, kun el\u00e4m\u00e4 tuo eteen vaikeita tilanteita. Kirjan ik\u00e4suositus on seitsem\u00e4st\u00e4 ik\u00e4vuodesta yl\u00f6sp\u00e4in.<\/p>\n<p class=\"p1\" style=\"text-align: right;\">Marjatta Honkasalo <\/p>\n<p style=\"text-align: center;\">* *<\/p>\n<p>\u2666\ufe0f\u00a0PIENI TUKI, ISO APU\u00a0\u2666\ufe0f<\/p>\n<p class=\"x_MsoNormal x_ContentPasted0\"><strong>Tilaatko joskus kirjan tai \u00e4\u00e4nikirjan verkosta? L\u00f6yd\u00e4t ostoslinkkej\u00e4 jokaisesta Kulttuuritoimituksen kirjakritiikist\u00e4. Niist\u00e4 tehdyist\u00e4 ostoksista Kulttuuritoimitus saa pienen siivun, joka auttaa yll\u00e4pit\u00e4m\u00e4\u00e4n sivustoa.\u00a0<\/strong><\/p>\n","protected":false},"excerpt":{"rendered":"On huhtikuu, kuukausi, josta sanotaan, ett\u00e4 se on kuukausista julmin. N\u00e4\u00e4t\u00e4 haluaa n\u00e4ytt\u00e4\u00e4 Koiralle ja Kissalle paikan, jossa&hellip;\n","protected":false},"author":2,"featured_media":101866,"comment_status":"","ping_status":"","sticky":false,"template":"","format":"standard","meta":{"footnotes":""},"categories":[130],"tags":[137,33,31,30,19479,19480,10815,32,19481,109],"class_list":{"0":"post-101865","1":"post","2":"type-post","3":"status-publish","4":"format-standard","5":"has-post-thumbnail","7":"category-viihde","8":"tag-entertainment","9":"tag-fi","10":"tag-finland","11":"tag-finnish","12":"tag-koira-nimeltaan-kissa-hyvastelee-ystavan","13":"tag-kuvakirja","14":"tag-lastenkirja","15":"tag-suomi","16":"tag-tomi-kontio","17":"tag-viihde"},"share_on_mastodon":{"url":"https:\/\/pubeurope.com\/@fi\/115624178045335845","error":""},"_links":{"self":[{"href":"https:\/\/www.europesays.com\/fi\/wp-json\/wp\/v2\/posts\/101865","targetHints":{"allow":["GET"]}}],"collection":[{"href":"https:\/\/www.europesays.com\/fi\/wp-json\/wp\/v2\/posts"}],"about":[{"href":"https:\/\/www.europesays.com\/fi\/wp-json\/wp\/v2\/types\/post"}],"author":[{"embeddable":true,"href":"https:\/\/www.europesays.com\/fi\/wp-json\/wp\/v2\/users\/2"}],"replies":[{"embeddable":true,"href":"https:\/\/www.europesays.com\/fi\/wp-json\/wp\/v2\/comments?post=101865"}],"version-history":[{"count":0,"href":"https:\/\/www.europesays.com\/fi\/wp-json\/wp\/v2\/posts\/101865\/revisions"}],"wp:featuredmedia":[{"embeddable":true,"href":"https:\/\/www.europesays.com\/fi\/wp-json\/wp\/v2\/media\/101866"}],"wp:attachment":[{"href":"https:\/\/www.europesays.com\/fi\/wp-json\/wp\/v2\/media?parent=101865"}],"wp:term":[{"taxonomy":"category","embeddable":true,"href":"https:\/\/www.europesays.com\/fi\/wp-json\/wp\/v2\/categories?post=101865"},{"taxonomy":"post_tag","embeddable":true,"href":"https:\/\/www.europesays.com\/fi\/wp-json\/wp\/v2\/tags?post=101865"}],"curies":[{"name":"wp","href":"https:\/\/api.w.org\/{rel}","templated":true}]}}