{"id":101867,"date":"2025-11-27T23:10:23","date_gmt":"2025-11-27T23:10:23","guid":{"rendered":"https:\/\/www.europesays.com\/fi\/101867\/"},"modified":"2025-11-27T23:10:23","modified_gmt":"2025-11-27T23:10:23","slug":"uudenkaupungin-lidlia-uudistetaan-myymala-kiinni-ensi-tiistaina","status":"publish","type":"post","link":"https:\/\/www.europesays.com\/fi\/101867\/","title":{"rendered":"Uudenkaupungin Lidli\u00e4 uudistetaan \u2013 myym\u00e4l\u00e4 kiinni ensi tiistaina"},"content":{"rendered":"<p>            <a href=\"https:\/\/www.uudenkaupunginsanomat.fi\/wp-content\/uploads\/2025\/11\/11542374.jpg\" data-caption=\"Lidlin nykyinen myym\u00e4l\u00e4kiinteist\u00f6 on valmistunut vuonna 2003.\" rel=\"nofollow noopener\" target=\"_blank\"><img loading=\"lazy\" decoding=\"async\" width=\"696\" height=\"454\" class=\"entry-thumb td-modal-image\" src=\"https:\/\/www.europesays.com\/fi\/wp-content\/uploads\/2025\/11\/11542374-696x454.jpg\"   alt=\"\" title=\"Lidlin nykyinen myym\u00e4l\u00e4kiinteist\u00f6 on valmistunut vuonna 2003.\"\/><\/a>Lidlin nykyinen myym\u00e4l\u00e4kiinteist\u00f6 on valmistunut vuonna 2003.<\/p>\n<p>Uudenkaupungin myym\u00e4l\u00e4 on yksi vanhimmista Lidl-myym\u00e4l\u00f6ist\u00e4 Suomessa. Nyt perinteikk\u00e4\u00e4ss\u00e4 myym\u00e4l\u00e4ss\u00e4 tehd\u00e4\u00e4n nopea mutta mittava remontti, jossa p\u00e4ivitet\u00e4\u00e4n hyllyj\u00e4rjestyst\u00e4 ja tekniikkaa.<\/p>\n<p>\u2013\u2009Nykyajan kuluttaja arvostaa nopeutta ja helppoutta. Olemme miettineet, miten voimme tehd\u00e4 Lidliss\u00e4 asioinnin entist\u00e4kin sujuvammaksi. Keskeisen\u00e4 t\u00e4ss\u00e4 on tuotteiden sijoittelu ja esillepano myym\u00e4l\u00f6iss\u00e4, aluep\u00e4\u00e4llikk\u00f6 <b>Marko Heinil\u00e4<\/b> kertoo Lidlin tiedotteessa.<\/p>\n<p>Jo sis\u00e4\u00e4ntulossa on vastassa muutos: hedelmille ja vihanneksille rakentuu kokonainen alue pelk\u00e4n k\u00e4yt\u00e4v\u00e4n sijaan.<\/p>\n<p>Tuorelihat siirtyv\u00e4t altaista kaappeihin ja pakasteiden paikka puolestaan siirtyy myym\u00e4l\u00e4n per\u00e4lt\u00e4 l\u00e4hemm\u00e4s asiakaskierron loppua.<\/p>\n<p>Makeiset, jotka ovat aiemmin sijainneet ymp\u00e4ri myym\u00e4l\u00e4\u00e4, ovat uudessa j\u00e4rjestyksess\u00e4 samalla alueella \u2013 remontin j\u00e4lkeen samasta paikasta l\u00f6ytyv\u00e4t niin irtokarkit, suklaat ja muut makeiset. My\u00f6s monet kuivatuotteet vaihtavat muutoksessa paikkaa.<\/p>\n<p>\u2013\u2009Muutoksilla saadaan lis\u00e4\u00e4 tilaa tuotevalikoiman kasvulle. Esimerkiksi kuivatavaralle tulee kalustemuutoksien ansiosta 10\u201315 prosenttia lis\u00e4\u00e4 hyllytilaa. Esillepanomuutosten ohella myym\u00e4l\u00e4n yleisilmett\u00e4 raikastetaan uusimalla esimerkiksi valaistusta, aluep\u00e4\u00e4llikk\u00f6 Heinil\u00e4 sanoo.<\/p>\n<p>Uudenkaupungin myym\u00e4l\u00e4 on remontin vuoksi kiinni tiistaina 2.12. Keskiviikkona myym\u00e4l\u00e4 on auki normaalisti, jolloin remonttia viimeistell\u00e4\u00e4n ja myym\u00e4l\u00e4 on valmis torstaina 4.12.<\/p>\n","protected":false},"excerpt":{"rendered":"Lidlin nykyinen myym\u00e4l\u00e4kiinteist\u00f6 on valmistunut vuonna 2003. Uudenkaupungin myym\u00e4l\u00e4 on yksi vanhimmista Lidl-myym\u00e4l\u00f6ist\u00e4 Suomessa. Nyt perinteikk\u00e4\u00e4ss\u00e4 myym\u00e4l\u00e4ss\u00e4 tehd\u00e4\u00e4n&hellip;\n","protected":false},"author":2,"featured_media":101868,"comment_status":"","ping_status":"","sticky":false,"template":"","format":"standard","meta":{"footnotes":""},"categories":[76],"tags":[79,77,33,31,30,32,78],"class_list":{"0":"post-101867","1":"post","2":"type-post","3":"status-publish","4":"format-standard","5":"has-post-thumbnail","7":"category-talous","8":"tag-business","9":"tag-economy","10":"tag-fi","11":"tag-finland","12":"tag-finnish","13":"tag-suomi","14":"tag-talous"},"share_on_mastodon":{"url":"https:\/\/pubeurope.com\/@fi\/115624190691777358","error":""},"_links":{"self":[{"href":"https:\/\/www.europesays.com\/fi\/wp-json\/wp\/v2\/posts\/101867","targetHints":{"allow":["GET"]}}],"collection":[{"href":"https:\/\/www.europesays.com\/fi\/wp-json\/wp\/v2\/posts"}],"about":[{"href":"https:\/\/www.europesays.com\/fi\/wp-json\/wp\/v2\/types\/post"}],"author":[{"embeddable":true,"href":"https:\/\/www.europesays.com\/fi\/wp-json\/wp\/v2\/users\/2"}],"replies":[{"embeddable":true,"href":"https:\/\/www.europesays.com\/fi\/wp-json\/wp\/v2\/comments?post=101867"}],"version-history":[{"count":0,"href":"https:\/\/www.europesays.com\/fi\/wp-json\/wp\/v2\/posts\/101867\/revisions"}],"wp:featuredmedia":[{"embeddable":true,"href":"https:\/\/www.europesays.com\/fi\/wp-json\/wp\/v2\/media\/101868"}],"wp:attachment":[{"href":"https:\/\/www.europesays.com\/fi\/wp-json\/wp\/v2\/media?parent=101867"}],"wp:term":[{"taxonomy":"category","embeddable":true,"href":"https:\/\/www.europesays.com\/fi\/wp-json\/wp\/v2\/categories?post=101867"},{"taxonomy":"post_tag","embeddable":true,"href":"https:\/\/www.europesays.com\/fi\/wp-json\/wp\/v2\/tags?post=101867"}],"curies":[{"name":"wp","href":"https:\/\/api.w.org\/{rel}","templated":true}]}}