{"id":101874,"date":"2025-11-27T23:25:09","date_gmt":"2025-11-27T23:25:09","guid":{"rendered":"https:\/\/www.europesays.com\/fi\/101874\/"},"modified":"2025-11-27T23:25:09","modified_gmt":"2025-11-27T23:25:09","slug":"nikki-sixx-kommentoi-yhtyetoverinsa-vince-neilin-paluuta-lavoille-olen-ylpea-hanesta","status":"publish","type":"post","link":"https:\/\/www.europesays.com\/fi\/101874\/","title":{"rendered":"Nikki Sixx kommentoi yhtyetoverinsa Vince Neilin paluuta lavoille &#8211; &#8221;Olen ylpe\u00e4 h\u00e4nest\u00e4&#8221;"},"content":{"rendered":"<p>M\u00f6tley Cr\u00fce -basisti Nikki Sixx vieraili SiriusXM:n Trunk Nation With Eddie Trunk -ohjelmassa jutustelemassa yhtyeen tulevasta The Return Of Carnival Of Sins -kiertueesta. Orkesteri juhlistaa ensi kes\u00e4n retkell\u00e4\u00e4n 20 vuoden takaista Carnival Of Sins -rundia sek\u00e4 b\u00e4ndin 45-vuotista historiaa.<\/p>\n<p>Haastattelusta uutisoi <a href=\"https:\/\/blabbermouth.net\/news\/nikki-sixx-on-vince-neils-return-to-stage-after-suffering-a-stroke-im-proud-of-him-the-fact-that-he-had-the-courage-to-get-up-there\" target=\"_blank\" rel=\"noreferrer noopener nofollow\">Blabbermouth<\/a>.<\/p>\n<p>Sixx kommentoi my\u00f6s M\u00f6tley Cr\u00fce -laulaja Vince Neilin paluuta esiintymislavoille Las Vegasissa. Alunperin kev\u00e4\u00e4lle suunniteltu keikkaputki jouduttiin siirt\u00e4m\u00e4\u00e4n kun Neil sai aivoinfarktin loppuvuodesta 2024.<\/p>\n<p>\u201dOlen ylpe\u00e4 h\u00e4nest\u00e4 ja siit\u00e4, ett\u00e4 h\u00e4nell\u00e4 oli rohkeutta nousta lavalle\u201d, Sixx sanoo. \u201dEp\u00e4ilyksi\u00e4 oli ilmassa h\u00e4nen saatua aivoinfarktin. Emme tienneet tulisiko h\u00e4n toipumaan. Tied\u00e4n ett\u00e4 h\u00e4n pelk\u00e4si. Mutta toipumiseen tarvitaan aikaa, ja on asioille on teht\u00e4viss\u00e4 paljonkin.\u201d<\/p>\n<p>\u201dTerveys on kaikki kaikessa\u201d, basisti jatkaa. \u201dEn v\u00e4lit\u00e4 kuinka iso b\u00e4ndi sinulla on. Tai kuinka iso t\u00e4hti olet. En v\u00e4lit\u00e4 kuinka varakas v\u00e4it\u00e4t olevasi. Ilman terveytt\u00e4 ei ole mit\u00e4\u00e4n.\u201d<\/p>\n<p>\u201dOlemme ty\u00f6skennelleet 40 vuotta yhdess\u00e4, kiert\u00e4neet ymp\u00e4ri maailmaa, ja yht\u00e4kki\u00e4 oli olemassa mahdollisuus, ettei h\u00e4n voisi en\u00e4\u00e4 koskaan nousta lavalle. Joten se, ett\u00e4 h\u00e4n lopulta nousi lavalle\u2026\u201d, Sixx sanoo. \u201dArvostan sit\u00e4, ett\u00e4 h\u00e4n puhui asiasta julkisesti, sill\u00e4 on paljon sellaisia tyyppej\u00e4, ett\u00e4 kun asiat menev\u00e4t pieleen \u2013 esimerkkin\u00e4 min\u00e4 ja addiktiot \u2013 ihmiset luovuttavat heid\u00e4n suhteensa tai he eiv\u00e4t vain selviydy ongelmistaan.\u201d<\/p>\n<p>\u201dOlimme h\u00e4nen tukenaan koko ajan, olimme h\u00e4neen puheyhteydess\u00e4 kun h\u00e4n keskittyi terveyteens\u00e4 ja kaikkeen. Annoimme h\u00e4nelle reilusti tilaa ja aikaa treeneiss\u00e4 saada \u00e4\u00e4nij\u00e4nteens\u00e4 kuntoon. Olin todella tyytyv\u00e4inen. Se kuulosti todella hyv\u00e4lt\u00e4. Ja tuntui my\u00f6s.\u201d<\/p>\n","protected":false},"excerpt":{"rendered":"M\u00f6tley Cr\u00fce -basisti Nikki Sixx vieraili SiriusXM:n Trunk Nation With Eddie Trunk -ohjelmassa jutustelemassa yhtyeen tulevasta The Return&hellip;\n","protected":false},"author":2,"featured_media":101875,"comment_status":"","ping_status":"","sticky":false,"template":"","format":"standard","meta":{"footnotes":""},"categories":[136],"tags":[407,137,33,31,30,408,32,109],"class_list":{"0":"post-101874","1":"post","2":"type-post","3":"status-publish","4":"format-standard","5":"has-post-thumbnail","7":"category-julkkikset","8":"tag-celebrities","9":"tag-entertainment","10":"tag-fi","11":"tag-finland","12":"tag-finnish","13":"tag-julkkikset","14":"tag-suomi","15":"tag-viihde"},"share_on_mastodon":{"url":"https:\/\/pubeurope.com\/@fi\/115624248808676630","error":""},"_links":{"self":[{"href":"https:\/\/www.europesays.com\/fi\/wp-json\/wp\/v2\/posts\/101874","targetHints":{"allow":["GET"]}}],"collection":[{"href":"https:\/\/www.europesays.com\/fi\/wp-json\/wp\/v2\/posts"}],"about":[{"href":"https:\/\/www.europesays.com\/fi\/wp-json\/wp\/v2\/types\/post"}],"author":[{"embeddable":true,"href":"https:\/\/www.europesays.com\/fi\/wp-json\/wp\/v2\/users\/2"}],"replies":[{"embeddable":true,"href":"https:\/\/www.europesays.com\/fi\/wp-json\/wp\/v2\/comments?post=101874"}],"version-history":[{"count":0,"href":"https:\/\/www.europesays.com\/fi\/wp-json\/wp\/v2\/posts\/101874\/revisions"}],"wp:featuredmedia":[{"embeddable":true,"href":"https:\/\/www.europesays.com\/fi\/wp-json\/wp\/v2\/media\/101875"}],"wp:attachment":[{"href":"https:\/\/www.europesays.com\/fi\/wp-json\/wp\/v2\/media?parent=101874"}],"wp:term":[{"taxonomy":"category","embeddable":true,"href":"https:\/\/www.europesays.com\/fi\/wp-json\/wp\/v2\/categories?post=101874"},{"taxonomy":"post_tag","embeddable":true,"href":"https:\/\/www.europesays.com\/fi\/wp-json\/wp\/v2\/tags?post=101874"}],"curies":[{"name":"wp","href":"https:\/\/api.w.org\/{rel}","templated":true}]}}