{"id":101881,"date":"2025-11-27T23:37:08","date_gmt":"2025-11-27T23:37:08","guid":{"rendered":"https:\/\/www.europesays.com\/fi\/101881\/"},"modified":"2025-11-27T23:37:08","modified_gmt":"2025-11-27T23:37:08","slug":"hallitus-esittaa-korotettua-tukea-opiskelija-asuntotuotantoon-uutisia-lyhyesti","status":"publish","type":"post","link":"https:\/\/www.europesays.com\/fi\/101881\/","title":{"rendered":"Hallitus esitt\u00e4\u00e4 korotettua tukea opiskelija-\u00adasuntotuotantoon | Uutisia lyhyesti"},"content":{"rendered":"<p class=\"aw-1gybjub aw-5vja16 kEtdKx kmuxyA yle__article__paragraph\">Suurin osa opiskelijoista asuu vapaa\u00adrahoitteisissa vuokra-asunnoissa. Valtion tukemia opiskelija-asuntoja on yhteens\u00e4 yli 40\u00a0000.<\/p>\n<p><img decoding=\"async\" alt=\"Tyhj\u00e4, uusi opiskelija-asunto Vaasan Palosaarella.\" src=\"https:\/\/www.europesays.com\/fi\/wp-content\/uploads\/2025\/11\/39-15601106927111f5e0f3.jpeg\" class=\"aw-1l9m598 hKVVvP\"\/><\/p>\n<p>Avaa kuvien katselu<\/p>\n<p>Hallitus haluaa lakimuutoksella turvata opiskelija-asuntotuotannon jatkumisen. Tyhj\u00e4, uusi opiskelija-asunto kuvattiin Vaasassa 26.11.2025. Kuva: Jarkko Heikkinen \/ Yle<\/p>\n<p class=\"aw-1gybjub aw-1p7kakr kEtdKx cEmitX yle__article__paragraph\">Hallitus on antanut esityksen opiskelija-asuntojen korkotukilainoja koskevista muutoksista, kertoo <a class=\"aw-iao6s4 iHOxEa yle__article__link\" href=\"https:\/\/ym.fi\/-\/hallitus-esittaa-korotettua-tukea-opiskelija-asuntotuotantoon\" role=\"link\" rel=\"nofollow noopener\" target=\"_blank\">ymp\u00e4rist\u00f6ministeri\u00f6<\/a>.<\/p>\n<p class=\"aw-1gybjub aw-1p7kakr kEtdKx cEmitX yle__article__paragraph\">Jatkossa korkotukilainat opiskelija-asuntojen rakentamiseen, hankintaan ja perusparantamiseen voisivat kattaa enimmill\u00e4\u00e4n 100 prosenttia kustannuksista.<\/p>\n<p class=\"aw-1gybjub aw-1p7kakr kEtdKx cEmitX yle__article__paragraph\">Korkotukilainojen enimm\u00e4ism\u00e4\u00e4r\u00e4 yleisesti on 95 prosenttia kustannuksista.<\/p>\n<p class=\"aw-1gybjub aw-1p7kakr kEtdKx cEmitX yle__article__paragraph\">Laki tulisi voimaan alkuvuodesta 2026.<\/p>\n<p class=\"aw-1gybjub aw-1p7kakr kEtdKx cEmitX yle__article__paragraph\">\u2013 Hallitus haluaa lakimuutoksella turvata opiskelija-asuntotuotannon jatkumisen. Muutoksella luodaan edellytyksi\u00e4 uusien rakennushankkeiden k\u00e4ynnistymiselle ensi vuonna, mik\u00e4 osaltaan auttaa rakennusalaa matalasuhdanteessa, ymp\u00e4rist\u00f6- ja ilmastoministeri <strong class=\"aw-ak79eh KyCXm yle__article__strong\">Sari Multala<\/strong> toteaa.<\/p>\n<p class=\"aw-1gybjub aw-1p7kakr kEtdKx cEmitX yle__article__paragraph\">Suurin osa opiskelijoista asuu vapaarahoitteisissa vuokra-asunnoissa. Valtion tukemia opiskelija-asuntoja on yhteens\u00e4 yli 40\u00a0000.<\/p>\n","protected":false},"excerpt":{"rendered":"Suurin osa opiskelijoista asuu vapaa\u00adrahoitteisissa vuokra-asunnoissa. Valtion tukemia opiskelija-asuntoja on yhteens\u00e4 yli 40\u00a0000. Avaa kuvien katselu Hallitus haluaa&hellip;\n","protected":false},"author":2,"featured_media":101882,"comment_status":"","ping_status":"","sticky":false,"template":"","format":"standard","meta":{"footnotes":""},"categories":[14],"tags":[19482,22,23,26,27,33,31,30,17,71,24,25,28,29,15,18175,97,18,21,637,32,19,20,56,16,59,60,61],"class_list":{"0":"post-101881","1":"post","2":"type-post","3":"status-publish","4":"format-standard","5":"has-post-thumbnail","7":"category-ulkomaat","8":"tag-asuntotuotanto","9":"tag-breaking-news","10":"tag-breakingnews","11":"tag-featured-news","12":"tag-featurednews","13":"tag-fi","14":"tag-finland","15":"tag-finnish","16":"tag-headlines","17":"tag-kotimaa","18":"tag-latest-news","19":"tag-latestnews","20":"tag-main-news","21":"tag-mainnews","22":"tag-news","23":"tag-opiskelija-asunnot","24":"tag-opiskelijat","25":"tag-otsikot","26":"tag-paauutiset","27":"tag-politiikka","28":"tag-suomi","29":"tag-top-stories","30":"tag-topstories","31":"tag-ulkomaat","32":"tag-uutiset","33":"tag-world","34":"tag-world-news","35":"tag-worldnews"},"share_on_mastodon":{"url":"https:\/\/pubeurope.com\/@fi\/115624296252006179","error":""},"_links":{"self":[{"href":"https:\/\/www.europesays.com\/fi\/wp-json\/wp\/v2\/posts\/101881","targetHints":{"allow":["GET"]}}],"collection":[{"href":"https:\/\/www.europesays.com\/fi\/wp-json\/wp\/v2\/posts"}],"about":[{"href":"https:\/\/www.europesays.com\/fi\/wp-json\/wp\/v2\/types\/post"}],"author":[{"embeddable":true,"href":"https:\/\/www.europesays.com\/fi\/wp-json\/wp\/v2\/users\/2"}],"replies":[{"embeddable":true,"href":"https:\/\/www.europesays.com\/fi\/wp-json\/wp\/v2\/comments?post=101881"}],"version-history":[{"count":0,"href":"https:\/\/www.europesays.com\/fi\/wp-json\/wp\/v2\/posts\/101881\/revisions"}],"wp:featuredmedia":[{"embeddable":true,"href":"https:\/\/www.europesays.com\/fi\/wp-json\/wp\/v2\/media\/101882"}],"wp:attachment":[{"href":"https:\/\/www.europesays.com\/fi\/wp-json\/wp\/v2\/media?parent=101881"}],"wp:term":[{"taxonomy":"category","embeddable":true,"href":"https:\/\/www.europesays.com\/fi\/wp-json\/wp\/v2\/categories?post=101881"},{"taxonomy":"post_tag","embeddable":true,"href":"https:\/\/www.europesays.com\/fi\/wp-json\/wp\/v2\/tags?post=101881"}],"curies":[{"name":"wp","href":"https:\/\/api.w.org\/{rel}","templated":true}]}}