{"id":101885,"date":"2025-11-27T23:39:10","date_gmt":"2025-11-27T23:39:10","guid":{"rendered":"https:\/\/www.europesays.com\/fi\/101885\/"},"modified":"2025-11-27T23:39:10","modified_gmt":"2025-11-27T23:39:10","slug":"hsn-paavo-teittinen-voitti-tieto-finlandia-palkinnon-kirjalla-suomen-modernista-orjuudesta","status":"publish","type":"post","link":"https:\/\/www.europesays.com\/fi\/101885\/","title":{"rendered":"HS:n Paavo Teittinen voitti Tieto-Finlandia-palkinnon kirjalla Suomen \u201dmodernista orjuudesta"},"content":{"rendered":"<p>Finlandia-voittaja|Paavo Teittinen on voittanut Tieto-Finlandia-palkinnon kirjastaan Pitk\u00e4 vuoro. \u201dModerni orjuus\u201d on yll\u00e4tt\u00e4v\u00e4n yleist\u00e4 suomalaisessa ty\u00f6el\u00e4m\u00e4ss\u00e4, h\u00e4n sanoo.<\/p>\n<p>27.11. 19:48<\/p>\n<p class=\"article-body mb-nof-24 px-nof-16\">Moderni orjuus on l\u00e4p\u00e4issyt koko Suomen, sanoo tietokirjallisuuden Finlandia-palkinnon ja 30\u202f000 euroa torstai-iltana voittanut Helsingin Sanomien tutkivan ryhm\u00e4n journalisti <a class=\"article-personlink\" href=\"https:\/\/www.hs.fi\/haku\/?query=Paavo%20Teittinen\" rel=\"nofollow noopener\" target=\"_blank\">Paavo Teittinen<\/a>.<\/p>\n<p class=\"article-body mb-nof-24 px-nof-16\">\u201dSe n\u00e4kyy metsiss\u00e4 ja maataloudessa, kynsistudioissa, siivousalalla, ruokakaupoissa, kouluissa, p\u00e4iv\u00e4kodeissa, ruokal\u00e4hettipalveluissa, telakoilla \u2013 kaikkialla el\u00e4m\u00e4ss\u00e4mme kuluttajina ja kansalaisina\u201d, h\u00e4n arvioi.<\/p>\n","protected":false},"excerpt":{"rendered":"Finlandia-voittaja|Paavo Teittinen on voittanut Tieto-Finlandia-palkinnon kirjastaan Pitk\u00e4 vuoro. \u201dModerni orjuus\u201d on yll\u00e4tt\u00e4v\u00e4n yleist\u00e4 suomalaisessa ty\u00f6el\u00e4m\u00e4ss\u00e4, h\u00e4n sanoo. 27.11.&hellip;\n","protected":false},"author":2,"featured_media":101886,"comment_status":"","ping_status":"","sticky":false,"template":"","format":"standard","meta":{"footnotes":""},"categories":[5],"tags":[22,23,26,27,33,31,30,17,46,24,25,28,29,15,18,21,32,19,20,16],"class_list":{"0":"post-101885","1":"post","2":"type-post","3":"status-publish","4":"format-standard","5":"has-post-thumbnail","7":"category-otsikot","8":"tag-breaking-news","9":"tag-breakingnews","10":"tag-featured-news","11":"tag-featurednews","12":"tag-fi","13":"tag-finland","14":"tag-finnish","15":"tag-headlines","16":"tag-helsingin-sanomat","17":"tag-latest-news","18":"tag-latestnews","19":"tag-main-news","20":"tag-mainnews","21":"tag-news","22":"tag-otsikot","23":"tag-paauutiset","24":"tag-suomi","25":"tag-top-stories","26":"tag-topstories","27":"tag-uutiset"},"share_on_mastodon":{"url":"https:\/\/pubeurope.com\/@fi\/115624303781115545","error":""},"_links":{"self":[{"href":"https:\/\/www.europesays.com\/fi\/wp-json\/wp\/v2\/posts\/101885","targetHints":{"allow":["GET"]}}],"collection":[{"href":"https:\/\/www.europesays.com\/fi\/wp-json\/wp\/v2\/posts"}],"about":[{"href":"https:\/\/www.europesays.com\/fi\/wp-json\/wp\/v2\/types\/post"}],"author":[{"embeddable":true,"href":"https:\/\/www.europesays.com\/fi\/wp-json\/wp\/v2\/users\/2"}],"replies":[{"embeddable":true,"href":"https:\/\/www.europesays.com\/fi\/wp-json\/wp\/v2\/comments?post=101885"}],"version-history":[{"count":0,"href":"https:\/\/www.europesays.com\/fi\/wp-json\/wp\/v2\/posts\/101885\/revisions"}],"wp:featuredmedia":[{"embeddable":true,"href":"https:\/\/www.europesays.com\/fi\/wp-json\/wp\/v2\/media\/101886"}],"wp:attachment":[{"href":"https:\/\/www.europesays.com\/fi\/wp-json\/wp\/v2\/media?parent=101885"}],"wp:term":[{"taxonomy":"category","embeddable":true,"href":"https:\/\/www.europesays.com\/fi\/wp-json\/wp\/v2\/categories?post=101885"},{"taxonomy":"post_tag","embeddable":true,"href":"https:\/\/www.europesays.com\/fi\/wp-json\/wp\/v2\/tags?post=101885"}],"curies":[{"name":"wp","href":"https:\/\/api.w.org\/{rel}","templated":true}]}}