{"id":101887,"date":"2025-11-27T23:51:11","date_gmt":"2025-11-27T23:51:11","guid":{"rendered":"https:\/\/www.europesays.com\/fi\/101887\/"},"modified":"2025-11-27T23:51:11","modified_gmt":"2025-11-27T23:51:11","slug":"antti-rinne-palkattiin-huippupestiin-ilman-julkista-hakua-petteri-oli-sita-mielta-etta-olen-hyva-tahan","status":"publish","type":"post","link":"https:\/\/www.europesays.com\/fi\/101887\/","title":{"rendered":"Antti Rinne palkattiin huippupestiin ilman julkista hakua: \u201dPetteri oli sit\u00e4 mielt\u00e4, ett\u00e4 olen hyv\u00e4 t\u00e4h\u00e4n\u201d"},"content":{"rendered":"<p class=\"hs-section-removal article-ingress--medium\">Nimitykset|P\u00e4\u00e4ministeri Petteri Orpo nimitti entisen p\u00e4\u00e4ministerin Antti Rinteen marraskuussa Saamelaisten totuus- ja sovintokomitean uuden parlamentaarisen ty\u00f6ryhm\u00e4n p\u00e4\u00e4sihteeriksi.<\/p>\n<p><img decoding=\"async\" src=\"https:\/\/www.europesays.com\/fi\/wp-content\/uploads\/2025\/11\/1764287471_470_468.jpg\" alt=\"Antti Rinne aloitti marraskuussa Saamelaisten totuus- ja sovintokomitean uuden parlamentaarisen ty\u00f6ryhm\u00e4n p\u00e4\u00e4sihteerin\u00e4. \" class=\"_Img_1rerz_1\" style=\"aspect-ratio:1.5011727912431587\" loading=\"eager\"\/><\/p>\n<p class=\"article-picture-caption\">Antti Rinne aloitti marraskuussa Saamelaisten totuus- ja sovintokomitean uuden parlamentaarisen ty\u00f6ryhm\u00e4n p\u00e4\u00e4sihteerin\u00e4.  Kuva:\u00a0Kaisa Rautaheimo \/ HS<\/p>\n<p><a href=\"https:\/\/www.hs.fi\/haku\/?query=Netta+Palokallio+HS,+Marko+Junkkari+HS\" rel=\"nofollow noopener\" target=\"_blank\"><\/p>\n<p>Netta Palokallio HS, Marko Junkkari HS<\/p>\n<p><\/a><\/p>\n<p>27.11. 21:03 | P\u00e4ivitetty 27.11. 21:15<\/p>\n<p class=\"article-body mb-nof-24 px-nof-16\">Entinen p\u00e4\u00e4ministeri <a class=\"article-personlink\" href=\"https:\/\/www.hs.fi\/haku\/?query=Antti%20Rinne\" rel=\"nofollow noopener\" target=\"_blank\">Antti Rinne<\/a> (sd) nimitettiin Saamelaisten totuus- ja sovintokomitean uuden parlamentaarisen ty\u00f6ryhm\u00e4n p\u00e4\u00e4sihteeriksi ilman julkista hakua. Asia selvi\u00e4\u00e4 nimitysmuistiosta, jonka Helsingin Sanomat sai tietopyynn\u00f6ll\u00e4 valtioneuvoston kansliasta.<\/p>\n<p>KommentoiIlmoita asiavirheest\u00e4KommentoiIlmoita asiavirheest\u00e4<\/p>\n","protected":false},"excerpt":{"rendered":"Nimitykset|P\u00e4\u00e4ministeri Petteri Orpo nimitti entisen p\u00e4\u00e4ministerin Antti Rinteen marraskuussa Saamelaisten totuus- ja sovintokomitean uuden parlamentaarisen ty\u00f6ryhm\u00e4n p\u00e4\u00e4sihteeriksi. Antti&hellip;\n","protected":false},"author":2,"featured_media":101888,"comment_status":"","ping_status":"","sticky":false,"template":"","format":"standard","meta":{"footnotes":""},"categories":[136],"tags":[407,137,33,31,30,46,408,32,109],"class_list":{"0":"post-101887","1":"post","2":"type-post","3":"status-publish","4":"format-standard","5":"has-post-thumbnail","7":"category-julkkikset","8":"tag-celebrities","9":"tag-entertainment","10":"tag-fi","11":"tag-finland","12":"tag-finnish","13":"tag-helsingin-sanomat","14":"tag-julkkikset","15":"tag-suomi","16":"tag-viihde"},"share_on_mastodon":{"url":"https:\/\/pubeurope.com\/@fi\/115624351252373431","error":""},"_links":{"self":[{"href":"https:\/\/www.europesays.com\/fi\/wp-json\/wp\/v2\/posts\/101887","targetHints":{"allow":["GET"]}}],"collection":[{"href":"https:\/\/www.europesays.com\/fi\/wp-json\/wp\/v2\/posts"}],"about":[{"href":"https:\/\/www.europesays.com\/fi\/wp-json\/wp\/v2\/types\/post"}],"author":[{"embeddable":true,"href":"https:\/\/www.europesays.com\/fi\/wp-json\/wp\/v2\/users\/2"}],"replies":[{"embeddable":true,"href":"https:\/\/www.europesays.com\/fi\/wp-json\/wp\/v2\/comments?post=101887"}],"version-history":[{"count":0,"href":"https:\/\/www.europesays.com\/fi\/wp-json\/wp\/v2\/posts\/101887\/revisions"}],"wp:featuredmedia":[{"embeddable":true,"href":"https:\/\/www.europesays.com\/fi\/wp-json\/wp\/v2\/media\/101888"}],"wp:attachment":[{"href":"https:\/\/www.europesays.com\/fi\/wp-json\/wp\/v2\/media?parent=101887"}],"wp:term":[{"taxonomy":"category","embeddable":true,"href":"https:\/\/www.europesays.com\/fi\/wp-json\/wp\/v2\/categories?post=101887"},{"taxonomy":"post_tag","embeddable":true,"href":"https:\/\/www.europesays.com\/fi\/wp-json\/wp\/v2\/tags?post=101887"}],"curies":[{"name":"wp","href":"https:\/\/api.w.org\/{rel}","templated":true}]}}