{"id":101905,"date":"2025-11-28T00:20:12","date_gmt":"2025-11-28T00:20:12","guid":{"rendered":"https:\/\/www.europesays.com\/fi\/101905\/"},"modified":"2025-11-28T00:20:12","modified_gmt":"2025-11-28T00:20:12","slug":"vappu-pimia-kertoo-ttk-karonkasta","status":"publish","type":"post","link":"https:\/\/www.europesays.com\/fi\/101905\/","title":{"rendered":"Vappu Pimi\u00e4 kertoo TTK-karonkasta"},"content":{"rendered":"<p>Tv-t\u00e4hti <strong>Vappu Pimi\u00e4<\/strong> teki viime sunnuntaina viimeisen juontonsa Tanssii t\u00e4htien kanssa -ohjelmassa. Koska kyseess\u00e4 oli kauden viimeinen l\u00e4hetys, vietettiin sen j\u00e4lkeen TTK-karonkkaa.<\/p>\n<p>Lue my\u00f6s: <a href=\"https:\/\/www.como.fi\/uutiset\/vappu-pimia-kertoo-ttk-yllatyksestaan-lisaa-aivan-paa-pyoralla\/\" title=\"Vappu Pimi\u00e4 kertoo TTK-yll\u00e4tyksest\u00e4\u00e4n lis\u00e4\u00e4 \u2013 \u201dAivan p\u00e4\u00e4 py\u00f6r\u00e4ll\u00e4\u201d\" class=\"underline-custom !font-montserrat !font-bold !underline-offset-4 !decoration-4 !decoration-red-600 !text-md\" rel=\"nofollow noopener\" target=\"_blank\">Vappu Pimi\u00e4 kertoo TTK-yll\u00e4tyksest\u00e4\u00e4n lis\u00e4\u00e4 \u2013 \u201dAivan p\u00e4\u00e4 py\u00f6r\u00e4ll\u00e4\u201d<\/a><\/p>\n<p>Vapun tiedet\u00e4\u00e4n saapuneen karonkasta kotiin vasta aamulla. <strong>Jorma Uotinen<\/strong> ja <strong>Sami Sykk\u00f6<\/strong> luotsaavaa yhdess\u00e4 Sami &amp; Jorma -podcastia. He soittivat sen tuoreimmassa jaksossa Vapulle, joka teki mielenkiintoisia karonkkaan liittyvi\u00e4 paljastuksia.<\/p>\n<p>\u2013 Mit\u00e4 tapahtui kameroiden sammuttua? Miss\u00e4 ja miten juhla jatkui? Pitik\u00f6 sopimus Jorman ja Vapun yhteisest\u00e4 karonkasta? lukee podcastin tuoreimman jakson esittelyss\u00e4.<\/p>\n<p>Jorma kiitt\u00e4\u00e4 Vappua viimeisest\u00e4 heti puhelun alussa. Sykk\u00f6 kertoo Vapulle, kuinka podcastin kuulijat haluavat tiet\u00e4\u00e4, mit\u00e4 karonkassa tapahtui. H\u00e4n esitt\u00e4\u00e4 heti my\u00f6s muutaman kysymyksen eli otettiinko siell\u00e4 lasilliset, jos toisetkin ja oliko Jorma mukana aamuun asti.<\/p>\n<p>\u2013 Jorma ei ollut mukana 6.09. Iltahan alkaa aika my\u00f6h\u00e4\u00e4n kello 23 suurin piirtein. Jorma oli ehtinyt siin\u00e4 lasin, kenties kaksi, juoda samppanjaa, ja h\u00e4n sanoi minulle siin\u00e4 kohtaa, ett\u00e4 m\u00e4h\u00e4n olen jo v\u00e4h\u00e4n huppelissa, paljastaa Vappu.<\/p>\n<p>Vapun puhelun aikana selvisi my\u00f6s illan huipennus<\/p>\n<p>Vappu kertoo seuraavaksi, mit\u00e4 tapahtui karonkapaikalla. <\/p>\n<p>\u2013 T\u00e4m\u00e4h\u00e4n on mahtavaa, t\u00e4st\u00e4h\u00e4n t\u00e4m\u00e4 homma l\u00e4htee, jonka j\u00e4lkeen me suunnattiin sinne karonkkajatkopaikkaan, joka on erillinen tila. Siell\u00e4 me sitten sy\u00f6tiin ja todistettavasti Jorma nautti siin\u00e4kin kuohuvaa hieman.<\/p>\n<p>Vapun mukaan tapahtui jotain, mit\u00e4 h\u00e4n pit\u00e4\u00e4 illan huipennuksena.<\/p>\n<p>\u2013 Mutta sitten ilta huipentui siihen, koska satuin tiet\u00e4m\u00e4\u00e4n, ett\u00e4 h\u00e4n silloin t\u00e4ll\u00f6in nauttii viskikolan. Min\u00e4 sanoin Jormalle semmoinen homma, ett\u00e4 min\u00e4 tilaan itselleni margaritan ja sinulle viskikolan, kertoo Vappu sanoneen.<\/p>\n<p>Vapun mukaan tuo hetki oli unohtumaton hetki. Sykk\u00f6 ihmettelee, miten h\u00e4n ei ole ikin\u00e4 n\u00e4hnyt, saati kuullut Jorman juovan viskikolaa.<\/p>\n<p>\u2013 Mutta sen me molemmat varmasti tied\u00e4mme, ett\u00e4 h\u00e4nh\u00e4n ei tarvitse montaakaan kuplaa, ett\u00e4 h\u00e4nt\u00e4 jo pikkuisen keikuttaa. Siin\u00e4 mieless\u00e4 h\u00e4n on semmoinen vieras, ett\u00e4 riitt\u00e4\u00e4 pari lasia ja h\u00e4n on hyv\u00e4ll\u00e4 tuulella, toteaa Sykk\u00f6.<\/p>\n<p>Jorma haluaa kertoa viel\u00e4, ettei karonkasta kerrota somessa eik\u00e4 muuallakaan juuri mit\u00e4\u00e4n eik\u00e4 edes sit\u00e4 miss\u00e4 se pidet\u00e4\u00e4n.<\/p>\n<p>Sami &amp; Jorma -podcastia voi kuunnella <a href=\"https:\/\/open.podimo.com\/podcast\/c57ed2c7-e782-4c73-8d17-2e969c5713fc\" target=\"_blank\" rel=\"noreferrer noopener nofollow\">Podimossa<\/a>.<\/p>\n<p>Lue my\u00f6s: <a href=\"https:\/\/www.como.fi\/tilaa-comon-uutiskirje\/\" title=\"Tilaa Comon uutiskirje ja tied\u00e4t mist\u00e4 kahvitauolla puhutaan! Nappaa kotimaan tv-vinkit ja puheenaiheet suoraan s\u00e4hk\u00f6postiin t\u00e4st\u00e4.\" class=\"underline-custom !font-montserrat !font-bold !underline-offset-4 !decoration-4 !decoration-red-600 !text-md\" rel=\"nofollow noopener\" target=\"_blank\">Tilaa Comon uutiskirje ja tied\u00e4t mist\u00e4 kahvitauolla puhutaan! Nappaa kotimaan tv-vinkit ja puheenaiheet suoraan s\u00e4hk\u00f6postiin t\u00e4st\u00e4.<\/a><\/p>\n","protected":false},"excerpt":{"rendered":"Tv-t\u00e4hti Vappu Pimi\u00e4 teki viime sunnuntaina viimeisen juontonsa Tanssii t\u00e4htien kanssa -ohjelmassa. Koska kyseess\u00e4 oli kauden viimeinen l\u00e4hetys,&hellip;\n","protected":false},"author":2,"featured_media":101906,"comment_status":"","ping_status":"","sticky":false,"template":"","format":"standard","meta":{"footnotes":""},"categories":[133],"tags":[137,33,31,30,32,6102,206,156,7258,109],"class_list":{"0":"post-101905","1":"post","2":"type-post","3":"status-publish","4":"format-standard","5":"has-post-thumbnail","7":"category-televisiot","8":"tag-entertainment","9":"tag-fi","10":"tag-finland","11":"tag-finnish","12":"tag-suomi","13":"tag-tanssii-tu00e4htien-kanssa","14":"tag-televisiot","15":"tag-tv","16":"tag-vappu-pimiu00e4","17":"tag-viihde"},"share_on_mastodon":{"url":"https:\/\/pubeurope.com\/@fi\/115624465054477277","error":""},"_links":{"self":[{"href":"https:\/\/www.europesays.com\/fi\/wp-json\/wp\/v2\/posts\/101905","targetHints":{"allow":["GET"]}}],"collection":[{"href":"https:\/\/www.europesays.com\/fi\/wp-json\/wp\/v2\/posts"}],"about":[{"href":"https:\/\/www.europesays.com\/fi\/wp-json\/wp\/v2\/types\/post"}],"author":[{"embeddable":true,"href":"https:\/\/www.europesays.com\/fi\/wp-json\/wp\/v2\/users\/2"}],"replies":[{"embeddable":true,"href":"https:\/\/www.europesays.com\/fi\/wp-json\/wp\/v2\/comments?post=101905"}],"version-history":[{"count":0,"href":"https:\/\/www.europesays.com\/fi\/wp-json\/wp\/v2\/posts\/101905\/revisions"}],"wp:featuredmedia":[{"embeddable":true,"href":"https:\/\/www.europesays.com\/fi\/wp-json\/wp\/v2\/media\/101906"}],"wp:attachment":[{"href":"https:\/\/www.europesays.com\/fi\/wp-json\/wp\/v2\/media?parent=101905"}],"wp:term":[{"taxonomy":"category","embeddable":true,"href":"https:\/\/www.europesays.com\/fi\/wp-json\/wp\/v2\/categories?post=101905"},{"taxonomy":"post_tag","embeddable":true,"href":"https:\/\/www.europesays.com\/fi\/wp-json\/wp\/v2\/tags?post=101905"}],"curies":[{"name":"wp","href":"https:\/\/api.w.org\/{rel}","templated":true}]}}