{"id":101909,"date":"2025-11-28T00:25:10","date_gmt":"2025-11-28T00:25:10","guid":{"rendered":"https:\/\/www.europesays.com\/fi\/101909\/"},"modified":"2025-11-28T00:25:10","modified_gmt":"2025-11-28T00:25:10","slug":"monika-fagerholmille-kaunokirjallisuuden-finlandia-mtv-uutiset","status":"publish","type":"post","link":"https:\/\/www.europesays.com\/fi\/101909\/","title":{"rendered":"Monika Fagerholmille kaunokirjallisuuden Finlandia | MTV Uutiset"},"content":{"rendered":"<p>Monika Fagerholmille kaunokirjallisuuden Finlandia | MTV Uutiset<a class=\"sr-only bg-component-bg-color focus:not-sr-only focus:absolute focus:left-0 focus:right-auto focus:top-0 focus:p-200\" href=\"#main\" data-sentry-component=\"SkipToContentLink\" data-sentry-source-file=\"SkipToContentLink.tsx\">Hypp\u00e4\u00e4 p\u00e4\u00e4sis\u00e4lt\u00f6\u00f6n<\/a>Sis\u00e4ll\u00f6t<\/p>\n<ul class=\"flex w-full flex-1 flex-wrap gap-800\">\n<li class=\"block flex-1 flex-nowrap xs:flex-initial\" data-testid=\"site-footer-section-item-component\" data-sentry-component=\"SiteFooterSectionItem\" data-sentry-source-file=\"SiteFooterSectionItem.tsx\">Tomi Einonen<br \/>Vastaava p\u00e4\u00e4toimittaja<\/li>\n<li class=\"block flex-1 flex-nowrap xs:flex-initial\" data-testid=\"site-footer-section-item-component\" data-sentry-component=\"SiteFooterSectionItem\" data-sentry-source-file=\"SiteFooterSectionItem.tsx\">Ilkka Ahtiainen<br \/>Uutisp\u00e4\u00e4toimittaja<\/li>\n<li class=\"block flex-1 flex-nowrap xs:flex-initial\" data-testid=\"site-footer-section-item-component\" data-sentry-component=\"SiteFooterSectionItem\" data-sentry-source-file=\"SiteFooterSectionItem.tsx\">Mona Haapsaari<br \/>Toimitusp\u00e4\u00e4llikk\u00f6<\/li>\n<li class=\"block flex-1 flex-nowrap xs:flex-initial\" data-testid=\"site-footer-section-item-component\" data-sentry-component=\"SiteFooterSectionItem\" data-sentry-source-file=\"SiteFooterSectionItem.tsx\">Teemu Niikko<br \/>Toimitusp\u00e4\u00e4llikk\u00f6, urheilu<\/li>\n<\/ul>\n<p>Liiketoiminta<\/p>\n<ul class=\"flex w-full flex-1 flex-wrap gap-800\">\n<li class=\"block flex-1 flex-nowrap xs:flex-initial\" data-testid=\"site-footer-section-item-component\" data-sentry-component=\"SiteFooterSectionItem\" data-sentry-source-file=\"SiteFooterSectionItem.tsx\">Iina Eloranta<br \/>VP, Channels and Digital Consumption<\/li>\n<\/ul>\n<p>SuomiAreena<\/p>\n<ul class=\"flex w-full flex-1 flex-wrap gap-800\">\n<li class=\"block flex-1 flex-nowrap xs:flex-initial\" data-testid=\"site-footer-section-item-component\" data-sentry-component=\"SiteFooterSectionItem\" data-sentry-source-file=\"SiteFooterSectionItem.tsx\">Jeremias Kontio<br \/>Vastaava tuottaja<\/li>\n<\/ul>\n<p><a class=\"flex flex-col items-center justify-center\" data-testid=\"Etusivu-navigation-bar-item\" role=\"link\" title=\"Etusivu linkki\" data-sentry-element=\"Link\" data-sentry-component=\"InternalLink\" data-sentry-source-file=\"InternalLink.tsx\" href=\"https:\/\/www.mtvuutiset.fi\/\" rel=\"nofollow noopener\" target=\"_blank\">Etusivu<\/a><a class=\"flex flex-col items-center justify-center\" data-testid=\"Videot-navigation-bar-item\" role=\"link\" title=\"Videot linkki\" data-sentry-element=\"Link\" data-sentry-component=\"InternalLink\" data-sentry-source-file=\"InternalLink.tsx\" href=\"https:\/\/www.mtvuutiset.fi\/videot\" rel=\"nofollow noopener\" target=\"_blank\">Videot<\/a><a class=\"flex flex-col items-center justify-center\" data-testid=\"Tuoreimmat-navigation-bar-item\" role=\"link\" title=\"Tuoreimmat linkki\" data-sentry-element=\"Link\" data-sentry-component=\"InternalLink\" data-sentry-source-file=\"InternalLink.tsx\" href=\"https:\/\/www.mtvuutiset.fi\/tuoreimmat\" rel=\"nofollow noopener\" target=\"_blank\">Tuoreimmat<\/a><a class=\"flex flex-col items-center justify-center\" data-testid=\"Luetuimmat-navigation-bar-item\" role=\"link\" title=\"Luetuimmat linkki\" data-sentry-element=\"Link\" data-sentry-component=\"InternalLink\" data-sentry-source-file=\"InternalLink.tsx\" href=\"https:\/\/www.mtvuutiset.fi\/luetuimmat\" rel=\"nofollow noopener\" target=\"_blank\">Luetuimmat<\/a>Odota<img alt=\"Kaunokirjallisuuden Finlandia-voittaja, kirjailija Monika Fagerholm kirjallisuuden Finlandia-palkintojen voittajien julkistustilaisuudessa Helsingiss\u00e4.\" data-testid=\"header-media-image\" class=\"h-full w-full object-cover transition duration-700 ease-in-out hover:scale-[1.05]\" fetchpriority=\"high\" loading=\"eager\" width=\"1024\" height=\"576\" decoding=\"async\" style=\"color:transparent;background-size:cover;background-position:50% 50%;background-repeat:no-repeat;background-image:url(&quot;data:image\/svg+xml;base64,Cjxzdmcgd2lkdGg9IjEwMjQiIGhlaWdodD0iNTc2IiB2ZXJzaW9uPSIxLjEiIHhtbG5zPSJodHRwOi8vd3d3LnczLm9yZy8yMDAwL3N2ZyIgeG1sbnM6eGxpbms9Imh0dHA6Ly93d3cudzMub3JnLzE5OTkveGxpbmsiPgogIDxkZWZzPgogICAgPGxpbmVhckdyYWRpZW50IGlkPSJnIj4KICAgICAgPHN0b3Agc3RvcC1jb2xvcj0iIzBCMTgyMyIgb2Zmc2V0PSIyMCUiIC8+CiAgICAgIDxzdG9wIHN0b3AtY29sb3I9IiMxQTI3MzIiIG9mZnNldD0iNTAlIiAvPgogICAgICA8c3RvcCBzdG9wLWNvbG9yPSIjMEIxODIzIiBvZmZzZXQ9IjcwJSIgLz4KICAgIDwvbGluZWFyR3JhZGllbnQ+CiAgPC9kZWZzPgogIDxyZWN0IHdpZHRoPSIxMDI0IiBoZWlnaHQ9IjU3NiIgZmlsbD0iIzBCMTgyMyIgLz4KICA8cmVjdCBpZD0iciIgd2lkdGg9IjEwMjQiIGhlaWdodD0iNTc2IiBmaWxsPSJ1cmwoI2cpIiAvPgogIDxhbmltYXRlIHhsaW5rOmhyZWY9IiNyIiBhdHRyaWJ1dGVOYW1lPSJ4IiBmcm9tPSItMTAyNCIgdG89IjEwMjQiIGR1cj0iMXMiIHJlcGVhdENvdW50PSJpbmRlZmluaXRlIiAgLz4KPC9zdmc+&quot;)\" src=\"https:\/\/www.europesays.com\/fi\/wp-content\/uploads\/2025\/11\/1764289509_465_image\"\/>Kaunokirjallisuuden Finlandia-voittaja, kirjailija Monika Fagerholm kirjallisuuden Finlandia-palkintojen voittajien julkistustilaisuudessa Helsingiss\u00e4.LehtikuvaJulkaistu 27.11.2025 20:19<\/p>\n<p><strong class=\"typography-bold\">Monika Fagerholmin <\/strong><strong class=\"typography-bold\">Eristystila \/ Kapinoivia naisia<\/strong><strong class=\"typography-bold\"> on voittanut kaunokirjallisuuden Finlandia-palkinnon. Se kysyy Sex Pistolsin pauhatessa, kuinka olemme p\u00e4\u00e4tyneet t\u00e4h\u00e4n hetkeen.<\/strong><\/p>\n<p>On vuosi 1976, ja saksalaisterroristi <strong class=\"typography-bold\">Ulrike Meinhof<\/strong> on juuri kuollut. Alice tapaa Kahjolan kirjastossa toisen nuoren naisen, joka my\u00f6hemmin saa nimen Honecker it\u00e4saksalaisen kommunistijohtajan mukaan.<\/p>\n<p>Sin\u00e4 vuonna tapahtuu kaikki, eik\u00e4 mit\u00e4\u00e4n, kuten kirjan p\u00e4\u00e4henkil\u00f6 Alice my\u00f6hemmin kirjoittaa.<\/p>\n<p><strong class=\"typography-bold\">Monika Fagerholmin <\/strong>kaunokirjallisuuden Finlandia-voittaja Eristystila \/ Kapinoivia naisia kysyy, kuinka olemme p\u00e4\u00e4tyneet t\u00e4h\u00e4n hetkeen.<\/p>\n<p>Fagerholm, 64, kertoo n\u00e4kev\u00e4ns\u00e4 1970-luvun lopun alkupisteen\u00e4, joka johtaa t\u00e4h\u00e4n p\u00e4iv\u00e4\u00e4n.<\/p>\n<p>Kirjassa mainitaan <strong class=\"typography-bold\">W. B. Yeatsin<\/strong> runo The Second Coming eli Toinen tuleminen, jossa sanotaan vapaasti suomennettuna &#8221;asiat hajoavat; keskus ei pysy kasassa&#8221;.<\/p>\n<p>\u2013\u2009Viisi tai kuusi vuotta sitten minulle tuli yht\u00e4kki\u00e4 tunne, ett\u00e4 meilt\u00e4 menee pohja kaikesta. Tapahtuu sellaisia asioita, joiden en koskaan kuvitellut toteutuvan uudelleen, kuten fasismi, Fagerholm sanoo STT:n haastattelussa.<\/p>\n<p>Fagerholm pohtii, ett\u00e4 ihmisk\u00e4sityksen on pit\u00e4nyt muuttua ajan my\u00f6t\u00e4, jotta fasismi on taas mahdollista.\u00a0<\/p>\n<p>H\u00e4n halusi tutkia t\u00e4t\u00e4 ajatusta ja kertoo jatkavansa sen tutkimista edelleen. Eristystila on ensimm\u00e4inen osa kolmiosaisesta sarjasta.<\/p>\n<p>\u2013\u2009Peruskysymys on, olemmeko me muuttuneet ja miten ihminen kohtaa maailman.<\/p>\n<p><strong class=\"typography-bold\">Pinnan alla kuplii<\/strong><\/p>\n<p>Fagerholm oli luvannut itselleen, ettei kirjoittaisi kirjoittamisesta tai kirjoittavasta ihmisest\u00e4. 18-vuotias Alice kuitenkin naputtelee esikoisteostaan kirjoituskoneella is\u00e4ns\u00e4 vierashuoneessa.<\/p>\n<p>\u2013\u2009Minua kiehtoo, miten aikaisin el\u00e4m\u00e4ss\u00e4 tulevat vastaan ne asiat, jotka tulevat leimaamaan ihmist\u00e4 ja h\u00e4nen ajatusmaailmaansa koko el\u00e4m\u00e4n ajan, Fagerholm sanoo.<\/p>\n<p>1970-luvun loppupuoli oli Fagerholmin mukaan p\u00e4\u00e4lt\u00e4p\u00e4in katsottuna rauhanomaista aikaa, mutta pinnan alla muhi monenlaista.\u00a0<\/p>\n<p>Muutaman vuoden sis\u00e4ll\u00e4 <strong class=\"typography-bold\">Margaret Thatcherista<\/strong> tulee Britannian p\u00e4\u00e4ministeri ja <strong class=\"typography-bold\">Ronald Reaganista<\/strong> Yhdysvaltain presidentti. My\u00f6hemmin Berliinin muuri murtuu.<\/p>\n<p>\u2013\u2009Ilmassa oli hyvin paljon v\u00e4kivaltaa ja odotusta, ett\u00e4 jotakin tulee tapahtumaan.<\/p>\n<p>V\u00e4kivalta ja kuolema ovat l\u00e4sn\u00e4 tai ainakin sivujuonteita useissa Fagerholmin romaaneissa. Usein lukija tiet\u00e4\u00e4 jonkin katastrofin l\u00e4hestyv\u00e4n. N\u00e4in on my\u00f6s Eristystilassa.<\/p>\n<p><img alt=\"LK 27.11.2025 Kirjailija Monika Fagerholm ja kirjansa Eristystila - Kapinoivia naisia (D\u00f6da trakten - Kvinnor i revolt) kaunokirjallisuuden Finlandia-palkinnon ehdokaskirjojen julkistustilaisuudessa Helsingiss\u00e4 6. marraskuuta 2025.\" data-testid=\"crops-image\" class=\"h-full w-full object-cover transition duration-700 ease-in-out hover:scale-[1.05]\" fetchpriority=\"low\" loading=\"lazy\" width=\"1024\" height=\"576\" decoding=\"async\" style=\"color:transparent;background-size:cover;background-position:50% 50%;background-repeat:no-repeat;background-image:url(&quot;data:image\/svg+xml;base64,Cjxzdmcgd2lkdGg9IjEwMjQiIGhlaWdodD0iNTc2IiB2ZXJzaW9uPSIxLjEiIHhtbG5zPSJodHRwOi8vd3d3LnczLm9yZy8yMDAwL3N2ZyIgeG1sbnM6eGxpbms9Imh0dHA6Ly93d3cudzMub3JnLzE5OTkveGxpbmsiPgogIDxkZWZzPgogICAgPGxpbmVhckdyYWRpZW50IGlkPSJnIj4KICAgICAgPHN0b3Agc3RvcC1jb2xvcj0iIzBCMTgyMyIgb2Zmc2V0PSIyMCUiIC8+CiAgICAgIDxzdG9wIHN0b3AtY29sb3I9IiMxQTI3MzIiIG9mZnNldD0iNTAlIiAvPgogICAgICA8c3RvcCBzdG9wLWNvbG9yPSIjMEIxODIzIiBvZmZzZXQ9IjcwJSIgLz4KICAgIDwvbGluZWFyR3JhZGllbnQ+CiAgPC9kZWZzPgogIDxyZWN0IHdpZHRoPSIxMDI0IiBoZWlnaHQ9IjU3NiIgZmlsbD0iIzBCMTgyMyIgLz4KICA8cmVjdCBpZD0iciIgd2lkdGg9IjEwMjQiIGhlaWdodD0iNTc2IiBmaWxsPSJ1cmwoI2cpIiAvPgogIDxhbmltYXRlIHhsaW5rOmhyZWY9IiNyIiBhdHRyaWJ1dGVOYW1lPSJ4IiBmcm9tPSItMTAyNCIgdG89IjEwMjQiIGR1cj0iMXMiIHJlcGVhdENvdW50PSJpbmRlZmluaXRlIiAgLz4KPC9zdmc+&quot;)\" src=\"https:\/\/www.europesays.com\/fi\/wp-content\/uploads\/2025\/11\/1764289510_817_image\"\/>Kirjailija Monika Fagerholm ja kirjansa Eristystila \/ Kapinoivia naisia (D\u00f6da trakten \/ Kvinnor i revolt) kaunokirjallisuuden Finlandia-palkinnon ehdokaskirjojen julkistustilaisuudessa Helsingiss\u00e4 6. marraskuuta.Lehtikuva<\/p>\n<p><strong class=\"typography-bold\">Naisten kavalkadi<\/strong><\/p>\n<p>Teoksen keskeisimm\u00e4t henkil\u00f6t ovat eri-ik\u00e4isi\u00e4 naisia \u2013 kavalkadi, kuten Fagerholm sanoo. H\u00e4nen mukaansa naisista kirjoittaminen on koko h\u00e4nen kirjallisuutensa perusta.<\/p>\n<p>\u2013\u2009Minulle on t\u00e4rke\u00e4\u00e4, kun kirjoitan naisista, ett\u00e4 ei ole pelk\u00e4st\u00e4\u00e4n hirve\u00e4sti tunteita ja rakkautta ajattomassa tilassa. En pysty mielt\u00e4m\u00e4\u00e4n ihmissuhteita ilman, ett\u00e4 ne ovat suhteessa johonkin ajassa ja paikassa.<\/p>\n<p>Fagerholm haluaa kirjoittaa naisista tietyll\u00e4 tavalla. H\u00e4n sanoo, ett\u00e4 tytt\u00f6j\u00e4 seksualisoidaan todella paljon, mutta h\u00e4nen kirjojensa tyt\u00f6t eiv\u00e4t m\u00e4\u00e4rity seksuaalisuutensa kautta.<\/p>\n<p>\u2013 Kaikkien ihmisten on sukupuolesta riippumatta k\u00e4yt\u00e4v\u00e4 oma eksistentiaalinen taistelunsa. T\u00e4m\u00e4 on aivan selv\u00e4\u00e4 romaaneissa, joiden p\u00e4\u00e4henkil\u00f6 on mies, mutta se ei ole miehen vaan ihmisen tematiikkaa. Haluaisin, ett\u00e4 ihmiset lukisivat romaanejani t\u00e4ll\u00e4 tavalla.<\/p>\n<p><strong class=\"typography-bold\">&#8221;Kirjoitan ja sitten kirjoitan uudestaan&#8221;<\/strong><\/p>\n<p>Fagerholm kirjoittaa tyylill\u00e4, jota voisi kuvata er\u00e4\u00e4nlaiseksi tajunnanvirraksi, mutta teksti on h\u00e4nen mukaansa eritt\u00e4in ty\u00f6stetty\u00e4 ja harkittua.<\/p>\n<p>\u2013\u2009Kirjoitan ja sitten kirjoitan sivun uudestaan ja uudestaan ja uudestaan varmasti sata kertaa, kunnes l\u00f6yd\u00e4n oikean rytmin.<\/p>\n<p>Fagerholm sanoo, ett\u00e4 melodisuus ja rytmi ovat osa sis\u00e4lt\u00f6\u00e4, ja t\u00e4m\u00e4 ajatus leikkaa l\u00e4pi koko h\u00e4nen tuotantonsa.<\/p>\n<p>Eristystilan on suomentanut<strong class=\"typography-bold\"> Hannimari Heino<\/strong>, ja Fagerholm pit\u00e4\u00e4 suomennosta loistavana.\u00a0<\/p>\n<p>Kaikille ruotsinkielisille ilmaisuille ei l\u00f6ydy suoraa vastinetta suomen kielest\u00e4, ja Fagerholmin mukaan Heino on toiminut itse er\u00e4\u00e4nlaisena taiteilijana k\u00e4\u00e4nt\u00e4ess\u00e4\u00e4n romaania.<\/p>\n<p>Alkuper\u00e4isen ruotsinkielisen teoksen D\u00f6da trakten \/ Kvinnor i revolt on kustantanut F\u00f6rlaget ja suomenkielisen Teos.\u00a0<\/p>\n<p>Kaunokirjallisuuden Finlandia-voittajan valitsi t\u00e4n\u00e4 vuonna muusikko <strong class=\"typography-bold\">Maija Vilkkumaa<\/strong>, joka on itsekin k\u00e4sitellyt kappaleissaan tytt\u00f6ytt\u00e4.<\/p>\n<p><strong class=\"typography-bold\">Kirjailijan kapina<\/strong><\/p>\n<p><strong class=\"typography-bold\">Doris Lessing<\/strong>. <strong class=\"typography-bold\">Adrienne Rich<\/strong>.<strong class=\"typography-bold\"> David Bowie<\/strong>. Sex Pistols. Eristystila pursuaa viitteit\u00e4 1970-luvun kulttuuriin. Onko kulttuuria t\u00e4ynn\u00e4 olevan kirjan kirjoittaminen silloin, kun kulttuurin tuista leikataan, er\u00e4\u00e4nlainen kapina?<\/p>\n<p>\u2013\u2009Olen aina halunnut kirjoittaa n\u00e4in, mutta tietenkin se on kapinaa, ja minun mielest\u00e4ni kapina on hyv\u00e4 juttu.<\/p>\n<p>Fagerholmin mukaan kulttuuria ei arvosteta, vaikka se luo ihmisten olemisen ja yhteiskuntien perustan.\u00a0<\/p>\n<p>Esimerkiksi lukemiseen liittyy vahvasti samaistuminen niin, ett\u00e4 lukija k\u00e4velee toisen ihmisen kengiss\u00e4 jonkin matkaa.\u00a0<\/p>\n<p>Fagerholm sanoo, ett\u00e4 koko Suomen idea on rakentunut ihmisk\u00e4sityksest\u00e4, joka on tullut p\u00e4\u00e4asiassa taiteen kautta.<\/p>\n<p>\u2013\u2009Poliitikot eiv\u00e4t ole Suomessa ollenkaan kiinnostuneita t\u00e4llaisista asioista. He k\u00e4ytt\u00e4v\u00e4t kulttuuria hyv\u00e4kseen juhlapuheissa, mutta se ei merkitse mit\u00e4\u00e4n en\u00e4\u00e4.<\/p>\n<p>Kun Alicen ja Honeckerin tiet eroavat, Alice l\u00f6yt\u00e4\u00e4 Honeckerin muistikirjasta tekstin:<\/p>\n<p>&#8221;Onko taide hengenvaarallista?<\/p>\n<p>Pit\u00e4\u00e4k\u00f6 taiteen olla hengenvaarallista?<\/p>\n<blockquote class=\"space-y-600 rounded-md bg-primary-100 px-600 py-1000 sub-theme-makuja:bg-makuja-100 sub-theme-makuja:text-primary-800 dark:bg-primary-500 sub-theme-makuja:dark:bg-makuja-900 sub-theme-makuja:dark:text-primary-100\"><p><strong class=\"typography-bold\">Monika Fagerholm<\/strong><\/p>\n<p>\u2013\u2009Syntynyt vuonna 1961.<\/p>\n<p>\u2013\u2009L\u00e4pimurtoteos vuonna 1994 julkaistu Underbara kvinnor vid vatten, suomeksi Ihanat naiset rannalla.<\/p>\n<p>\u2013\u2009Ihanat naiset rannalla on k\u00e4\u00e4nnetty yhdeks\u00e4lle kielelle, ja romaanista on tehty elokuva.<\/p>\n<p>\u2013\u2009Muita suomennettuja teoksia muun muassa Diiva, Amerikkalainen tytt\u00f6, S\u00e4ihken\u00e4ytt\u00e4m\u00f6, Lola yl\u00f6salaisin ja Kuka tappoi bambin?<\/p>\n<p>\u2013\u2009Palkintoja: kirjallisuuden valtionpalkinto, Pohjoismaisen neuvoston kirjallisuuspalkinto ja ruotsalainen August-palkinto.<\/p>\n<p>\u2013\u2009Palkittu my\u00f6s Pro Finlandia -kunniamerkill\u00e4.<\/p>\n<p>\u2013\u2009Tutkinut kirjailijanty\u00f6n ohessa muun muassa J. L. Runebergi\u00e4 ja kirjailija Mirjam Tuomista.<\/p>\n<\/blockquote>\n<p><strong class=\"typography-bold\">Lue my\u00f6s:<\/strong><\/p>\n","protected":false},"excerpt":{"rendered":"Monika Fagerholmille kaunokirjallisuuden Finlandia | MTV UutisetHypp\u00e4\u00e4 p\u00e4\u00e4sis\u00e4lt\u00f6\u00f6nSis\u00e4ll\u00f6t Tomi EinonenVastaava p\u00e4\u00e4toimittaja Ilkka AhtiainenUutisp\u00e4\u00e4toimittaja Mona HaapsaariToimitusp\u00e4\u00e4llikk\u00f6 Teemu NiikkoToimitusp\u00e4\u00e4llikk\u00f6, urheilu&hellip;\n","protected":false},"author":2,"featured_media":101910,"comment_status":"","ping_status":"","sticky":false,"template":"","format":"standard","meta":{"footnotes":""},"categories":[130],"tags":[137,33,31,30,32,109],"class_list":{"0":"post-101909","1":"post","2":"type-post","3":"status-publish","4":"format-standard","5":"has-post-thumbnail","7":"category-viihde","8":"tag-entertainment","9":"tag-fi","10":"tag-finland","11":"tag-finnish","12":"tag-suomi","13":"tag-viihde"},"share_on_mastodon":{"url":"https:\/\/pubeurope.com\/@fi\/115624484997743505","error":""},"_links":{"self":[{"href":"https:\/\/www.europesays.com\/fi\/wp-json\/wp\/v2\/posts\/101909","targetHints":{"allow":["GET"]}}],"collection":[{"href":"https:\/\/www.europesays.com\/fi\/wp-json\/wp\/v2\/posts"}],"about":[{"href":"https:\/\/www.europesays.com\/fi\/wp-json\/wp\/v2\/types\/post"}],"author":[{"embeddable":true,"href":"https:\/\/www.europesays.com\/fi\/wp-json\/wp\/v2\/users\/2"}],"replies":[{"embeddable":true,"href":"https:\/\/www.europesays.com\/fi\/wp-json\/wp\/v2\/comments?post=101909"}],"version-history":[{"count":0,"href":"https:\/\/www.europesays.com\/fi\/wp-json\/wp\/v2\/posts\/101909\/revisions"}],"wp:featuredmedia":[{"embeddable":true,"href":"https:\/\/www.europesays.com\/fi\/wp-json\/wp\/v2\/media\/101910"}],"wp:attachment":[{"href":"https:\/\/www.europesays.com\/fi\/wp-json\/wp\/v2\/media?parent=101909"}],"wp:term":[{"taxonomy":"category","embeddable":true,"href":"https:\/\/www.europesays.com\/fi\/wp-json\/wp\/v2\/categories?post=101909"},{"taxonomy":"post_tag","embeddable":true,"href":"https:\/\/www.europesays.com\/fi\/wp-json\/wp\/v2\/tags?post=101909"}],"curies":[{"name":"wp","href":"https:\/\/api.w.org\/{rel}","templated":true}]}}