{"id":101913,"date":"2025-11-28T00:30:12","date_gmt":"2025-11-28T00:30:12","guid":{"rendered":"https:\/\/www.europesays.com\/fi\/101913\/"},"modified":"2025-11-28T00:30:12","modified_gmt":"2025-11-28T00:30:12","slug":"purralta-tyly-kuittaus-lindtmanille-ilta-sanomat","status":"publish","type":"post","link":"https:\/\/www.europesays.com\/fi\/101913\/","title":{"rendered":"Purralta tyly kuittaus Lindtmanille &#8211; Ilta-Sanomat"},"content":{"rendered":"<p>Valtiovarainministeri Riikka Purra (ps) sys\u00e4si vastuun EU:n tarkkailuluokalle joutumisesta Sanna Marinin (sd) hallitukselle.<\/p>\n<p>27.11. 18:41<\/p>\n<p class=\"article-body mb-nof-24 px-nof-16\">Valtiovarainministeri <a class=\"article-personlink\" href=\"https:\/\/www.is.fi\/haku\/?query=Riikka%20Purra\" rel=\"nofollow noopener\" target=\"_blank\">Riikka Purra<\/a> (ps) irvaili kyselytunnilla Sdp:n puheenjohtaja <a class=\"article-personlink\" href=\"https:\/\/www.is.fi\/haku\/?query=Antti%20Lindtmanille\" rel=\"nofollow noopener\" target=\"_blank\">Antti Lindtmanille<\/a> Lindtmanin syytetty\u00e4 hallitusta Suomen viemisest\u00e4 \u201dEU:n tarkkailuluokan etupulpettiin\u201d.<\/p>\n<p class=\"article-body mb-nof-24 px-nof-16\">\u2013 Edustaja Lindtman, min\u00e4 tied\u00e4n, ett\u00e4 te olette varmasti rehellisempi mies kuin te t\u00e4\u00e4ll\u00e4 kyselytunnilla annatte osoittaa, Purra aloitti vastauksensa.<\/p>\n<p class=\"article-body mb-nof-24 px-nof-16\">\u2013 Min\u00e4 tied\u00e4n, ett\u00e4 te tied\u00e4tte, ett\u00e4 min\u00e4 kannan vastuuta t\u00e4st\u00e4 talous- ja finanssipolitiikasta mutta min\u00e4 en voi kantaa vastuuta edellisten hallitusten toimista, en my\u00f6sk\u00e4\u00e4n p\u00e4\u00e4ministeri <a class=\"article-personlink\" href=\"https:\/\/www.is.fi\/haku\/?query=Marinin\" rel=\"nofollow noopener\" target=\"_blank\">Marinin<\/a> hallituksen toimista, Purra jatkoi.<\/p>\n<p class=\"article-body mb-nof-24 px-nof-16\">T\u00e4m\u00e4n j\u00e4lkeen Purra sys\u00e4si vastuun alij\u00e4\u00e4m\u00e4menettelyyn joutumisesta <a class=\"article-personlink\" href=\"https:\/\/www.is.fi\/haku\/?query=Sanna%20Marinin\" rel=\"nofollow noopener\" target=\"_blank\">Sanna Marinin <\/a>(sd) hallitukselle.<\/p>\n<p class=\"article-body mb-nof-24 px-nof-16\">\u2013 Meid\u00e4n urakkamme olisi paljon pienempi, itse asiassa me emme olisi siell\u00e4 alij\u00e4\u00e4m\u00e4menettelyss\u00e4, mik\u00e4li teid\u00e4n hallituksenne olisi tehnyt enemm\u00e4n toimia.<\/p>\n<p class=\"article-body mb-nof-24 px-nof-16\">Perussuomalaisten ryhm\u00e4st\u00e4 kuului Purran puheenvuoron j\u00e4lkeen huuto.<\/p>\n<p class=\"article-body mb-nof-24 px-nof-16\">\u2013 Erinomainen vastaus, ministeri!<\/p>\n<p class=\"article-body mb-nof-24 px-nof-16\">Heti per\u00e4\u00e4n kajahti toinen v\u00e4lihuuto.<\/p>\n<p class=\"article-body mb-nof-24 px-nof-16\">\u2013 Ylimielisyyden huippu.<\/p>\n<p class=\"article-body mb-nof-24 px-nof-16\">Lindtman tulkitsi puheenvuorossaan, ett\u00e4 Purra otti kyselytunnilla ensimm\u00e4ist\u00e4 kertaa vastuun Suomen joutumisesta EU:n alij\u00e4\u00e4m\u00e4menettelyyn.<\/p>\n<p class=\"article-body mb-nof-24 px-nof-16\">\u2013 Kun otitte selv\u00e4sti vastuun: johtaako se johtop\u00e4\u00e4t\u00f6ksiin siit\u00e4, pit\u00e4\u00e4k\u00f6 jokin muuttaa, koska se kaikista suurin syy ja ongelma on se, ett\u00e4 me olemme n\u00e4hneet Suomessa heikoimmasta p\u00e4\u00e4st\u00e4 olevan kasvun, heikoimman ty\u00f6llisyyskehityksen, heikoimmasta p\u00e4\u00e4st\u00e4 olevan ty\u00f6tt\u00f6myyskehityksen, uhkaamme tulla EU:n korkeimman ty\u00f6tt\u00f6myyden maaksi? Lindtman kyseli.<\/p>\n<p><img decoding=\"async\" src=\"https:\/\/www.europesays.com\/fi\/wp-content\/uploads\/2025\/11\/1764289812_590_468.jpg\" alt=\"\u2013 No, nyt olemme t\u00e4ss\u00e4. Olette vieneet Suomen sinne EU:n tarkkailuluokan etupulpettiin. Olette vieneet suoraan Suomen sinne, Sdp:n puheenjohtaja Antti Lindtman syytti hallitusta ja Purraa.\" class=\"_Img_1rerz_1\" style=\"aspect-ratio:1.5\" loading=\"eager\"\/><\/p>\n<p class=\"article-picture-caption\">\u2013 No, nyt olemme t\u00e4ss\u00e4. Olette vieneet Suomen sinne EU:n tarkkailuluokan etupulpettiin. Olette vieneet suoraan Suomen sinne, Sdp:n puheenjohtaja Antti Lindtman syytti hallitusta ja Purraa. Kuva:\u00a0Antti Aimo-Koivisto \/ Lehtikuva<\/p>\n<p class=\"article-body mb-nof-24 px-nof-16\">Sdp:n edustajat yrittiv\u00e4t kerran toisensa j\u00e4lkeen saada Purralta lupauksen siit\u00e4, ett\u00e4 hallitus peruu p\u00e4\u00e4t\u00f6ksen yhteis\u00f6veron alentamisesta, jota Sdp pit\u00e4\u00e4 kalliina ja hy\u00f6dytt\u00f6m\u00e4n\u00e4 veroalena.<\/p>\n<p class=\"article-body mb-nof-24 px-nof-16\">My\u00f6s <a class=\"article-personlink\" href=\"https:\/\/www.is.fi\/haku\/?query=Aino-Kaisa%20Pekonen\" rel=\"nofollow noopener\" target=\"_blank\">Aino-Kaisa Pekonen<\/a> (vas) tiukkasi yhteis\u00f6veron alentamisesta kahdella prosenttiyksik\u00f6ll\u00e4 18 prosenttiin.<\/p>\n<p class=\"article-body mb-nof-24 px-nof-16\">Purra ei vaatimuksille yhteis\u00f6veroalen perumisesta l\u00e4mmennyt.<\/p>\n<p class=\"article-body mb-nof-24 px-nof-16\">\u2013 Muistuttaisin, ett\u00e4 teid\u00e4n vaihtoehtobudjetissa kiristettiin veroja kuudella miljardilla, voin ly\u00f6d\u00e4 vaikka p\u00e4\u00e4ni pantiksi siit\u00e4, ett\u00e4 mik\u00e4 tahansa yhteis\u00f6veron alennus \u2013 oli se 18 (prosenttiin) tai 15 (prosenttiin), jota muun maussa edustaja <a class=\"article-personlink\" href=\"https:\/\/www.is.fi\/haku\/?query=Harkimo\" rel=\"nofollow noopener\" target=\"_blank\">Harkimo<\/a> ehdotti tai ymm\u00e4rt\u00e4\u00e4kseni keskustakin, on parempi, kuin se kuusi miljardia kiristyksi\u00e4, Purra vastasi Pekoselle.<\/p>\n<p class=\"article-body mb-nof-24 px-nof-16\">Vasemmistoliiton puheenjohtaja <a class=\"article-personlink\" href=\"https:\/\/www.is.fi\/haku\/?query=Minja%20Koskela\" rel=\"nofollow noopener\" target=\"_blank\">Minja Koskela <\/a><a class=\"article-genericlink\" href=\"https:\/\/www.is.fi\/politiikka\/art-2000011653063.html\" rel=\"nofollow noopener\" target=\"_blank\">sanoi <\/a>keskiviikkona, ettei v\u00e4ite kuuden miljardin veronkiristyksist\u00e4 pid\u00e4 paikkaansa, vaan oikea luku on 3,4 miljardia euroa.<\/p>\n<p class=\"article-body mb-nof-24 px-nof-16\">Purra haukkui kyselytunnilla j\u00e4lleen suurimpien oppositioryhmien varjobudjetit.<\/p>\n<p class=\"article-body mb-nof-24 px-nof-16\">Sdp:n vaihtoehtobudjetti nojaa Purran mukaan \u201dk\u00e4yt\u00e4nn\u00f6ss\u00e4 ilmalle\u201d.<\/p>\n<p class=\"article-body mb-nof-24 px-nof-16\">\u2013 Te olette hyv\u00e4ksyneet hallituksen tekem\u00e4t s\u00e4\u00e4st\u00f6t suurimmalta osin, vaikka te olette niist\u00e4 jokaista t\u00e4\u00e4ll\u00e4 vastustaneet, k\u00e4yt\u00e4nn\u00f6ss\u00e4 kaikki meid\u00e4n ty\u00f6el\u00e4m\u00e4uudistukset ja monta muuta, ja t\u00e4ll\u00e4 ilmalla te pelaatte siell\u00e4 ja esit\u00e4tte, ett\u00e4 te muka ottaisitte v\u00e4hemm\u00e4n velkaa, Purra h\u00e4mm\u00e4steli.<\/p>\n<p class=\"article-body mb-nof-24 px-nof-16\">Keskustan vaihtoehtobudjetti on Purran mukaan viel\u00e4 enemm\u00e4n ilmassa kuin Sdp:n varjobudjetti.<\/p>\n<p class=\"article-body mb-nof-24 px-nof-16\">\u2013 Keskusta ei t\u00e4ss\u00e4 vaihtoehtobudjetissaan n\u00e4ille uusille menoilleen ja veronalennuksilleen l\u00f6yt\u00e4nyt lainkaan rahoitusta, Purra n\u00e4ki.<\/p>\n<p class=\"article-body mb-nof-24 px-nof-16\">Hallituksen talouspolitiikan puolustaminen j\u00e4i t\u00e4ll\u00e4kin kertaa Purran harteille, sill\u00e4 p\u00e4\u00e4ministeri <a class=\"article-personlink\" href=\"https:\/\/www.is.fi\/haku\/?query=Petteri%20Orpo\" rel=\"nofollow noopener\" target=\"_blank\">Petteri Orpo<\/a> (kok) on ty\u00f6matkalla Etel\u00e4-Afrikassa.<\/p>\n<p class=\"article-body mb-nof-24 px-nof-16\">\u2013 Kaukomatkailu meni nyt Orpolla Suomen tulevaisuuden edelle. Pit\u00e4isi laittaa asiat t\u00e4rkeysj\u00e4rjestykseen,<a class=\"article-personlink\" href=\"https:\/\/www.is.fi\/haku\/?query=%20Tuomas%20Kettunen\" rel=\"nofollow noopener\" target=\"_blank\"> Tuomas Kettunen <\/a>(kesk) paheksui.<\/p>\n","protected":false},"excerpt":{"rendered":"Valtiovarainministeri Riikka Purra (ps) sys\u00e4si vastuun EU:n tarkkailuluokalle joutumisesta Sanna Marinin (sd) hallitukselle. 27.11. 18:41 Valtiovarainministeri Riikka Purra&hellip;\n","protected":false},"author":2,"featured_media":101914,"comment_status":"","ping_status":"","sticky":false,"template":"","format":"standard","meta":{"footnotes":""},"categories":[12],"tags":[22,23,26,27,33,31,30,17,34,24,25,28,29,15,18,21,32,19,20,16],"class_list":{"0":"post-101913","1":"post","2":"type-post","3":"status-publish","4":"format-standard","5":"has-post-thumbnail","7":"category-suomi","8":"tag-breaking-news","9":"tag-breakingnews","10":"tag-featured-news","11":"tag-featurednews","12":"tag-fi","13":"tag-finland","14":"tag-finnish","15":"tag-headlines","16":"tag-ilta-sanomat","17":"tag-latest-news","18":"tag-latestnews","19":"tag-main-news","20":"tag-mainnews","21":"tag-news","22":"tag-otsikot","23":"tag-paauutiset","24":"tag-suomi","25":"tag-top-stories","26":"tag-topstories","27":"tag-uutiset"},"share_on_mastodon":{"url":"https:\/\/pubeurope.com\/@fi\/115624504637962710","error":""},"_links":{"self":[{"href":"https:\/\/www.europesays.com\/fi\/wp-json\/wp\/v2\/posts\/101913","targetHints":{"allow":["GET"]}}],"collection":[{"href":"https:\/\/www.europesays.com\/fi\/wp-json\/wp\/v2\/posts"}],"about":[{"href":"https:\/\/www.europesays.com\/fi\/wp-json\/wp\/v2\/types\/post"}],"author":[{"embeddable":true,"href":"https:\/\/www.europesays.com\/fi\/wp-json\/wp\/v2\/users\/2"}],"replies":[{"embeddable":true,"href":"https:\/\/www.europesays.com\/fi\/wp-json\/wp\/v2\/comments?post=101913"}],"version-history":[{"count":0,"href":"https:\/\/www.europesays.com\/fi\/wp-json\/wp\/v2\/posts\/101913\/revisions"}],"wp:featuredmedia":[{"embeddable":true,"href":"https:\/\/www.europesays.com\/fi\/wp-json\/wp\/v2\/media\/101914"}],"wp:attachment":[{"href":"https:\/\/www.europesays.com\/fi\/wp-json\/wp\/v2\/media?parent=101913"}],"wp:term":[{"taxonomy":"category","embeddable":true,"href":"https:\/\/www.europesays.com\/fi\/wp-json\/wp\/v2\/categories?post=101913"},{"taxonomy":"post_tag","embeddable":true,"href":"https:\/\/www.europesays.com\/fi\/wp-json\/wp\/v2\/tags?post=101913"}],"curies":[{"name":"wp","href":"https:\/\/api.w.org\/{rel}","templated":true}]}}