{"id":101917,"date":"2025-11-28T00:43:10","date_gmt":"2025-11-28T00:43:10","guid":{"rendered":"https:\/\/www.europesays.com\/fi\/101917\/"},"modified":"2025-11-28T00:43:10","modified_gmt":"2025-11-28T00:43:10","slug":"henry-weckstromin-lapsuudessa-tapahtui-asioita-joista-vaiettiin-perheessa-vuosikausiksi","status":"publish","type":"post","link":"https:\/\/www.europesays.com\/fi\/101917\/","title":{"rendered":"Henry Weckstr\u00f6min lapsuudessa tapahtui asioita, joista vaiettiin perheess\u00e4 vuosikausiksi"},"content":{"rendered":"<p>Youtube|Rankan lapsuuden kokenut Henry Weckstr\u00f6m, 32, patosi kaiken sis\u00e4lleen vuosiksi. Reilu viikko sitten h\u00e4n kertoi asiasta Youtube-videolla, jota on katsottu 1,7 miljoonaa kertaa.<\/p>\n<p>27.11. 20:00<\/p>\n<p class=\"article-body mb-nof-24 px-nof-16\">Kun kotona tapahtui pahoja asioita, poika uppoutui omaan mielikuvitukseensa.<\/p>\n<p class=\"article-body mb-nof-24 px-nof-16\">H\u00e4n kuvitteli sarjakuvahahmo H\u00e4m\u00e4h\u00e4kkimiehen pomppivan pitkin kodin seini\u00e4. Se auttoi h\u00e4nt\u00e4 p\u00e4\u00e4sem\u00e4\u00e4n hetkeksi muualle ja unohtamaan sen, mit\u00e4 kotona tapahtui.<\/p>\n","protected":false},"excerpt":{"rendered":"Youtube|Rankan lapsuuden kokenut Henry Weckstr\u00f6m, 32, patosi kaiken sis\u00e4lleen vuosiksi. Reilu viikko sitten h\u00e4n kertoi asiasta Youtube-videolla, jota&hellip;\n","protected":false},"author":2,"featured_media":101918,"comment_status":"","ping_status":"","sticky":false,"template":"","format":"standard","meta":{"footnotes":""},"categories":[136],"tags":[407,137,33,31,30,46,408,32,109],"class_list":{"0":"post-101917","1":"post","2":"type-post","3":"status-publish","4":"format-standard","5":"has-post-thumbnail","7":"category-julkkikset","8":"tag-celebrities","9":"tag-entertainment","10":"tag-fi","11":"tag-finland","12":"tag-finnish","13":"tag-helsingin-sanomat","14":"tag-julkkikset","15":"tag-suomi","16":"tag-viihde"},"share_on_mastodon":{"url":"https:\/\/pubeurope.com\/@fi\/115624555513020844","error":""},"_links":{"self":[{"href":"https:\/\/www.europesays.com\/fi\/wp-json\/wp\/v2\/posts\/101917","targetHints":{"allow":["GET"]}}],"collection":[{"href":"https:\/\/www.europesays.com\/fi\/wp-json\/wp\/v2\/posts"}],"about":[{"href":"https:\/\/www.europesays.com\/fi\/wp-json\/wp\/v2\/types\/post"}],"author":[{"embeddable":true,"href":"https:\/\/www.europesays.com\/fi\/wp-json\/wp\/v2\/users\/2"}],"replies":[{"embeddable":true,"href":"https:\/\/www.europesays.com\/fi\/wp-json\/wp\/v2\/comments?post=101917"}],"version-history":[{"count":0,"href":"https:\/\/www.europesays.com\/fi\/wp-json\/wp\/v2\/posts\/101917\/revisions"}],"wp:featuredmedia":[{"embeddable":true,"href":"https:\/\/www.europesays.com\/fi\/wp-json\/wp\/v2\/media\/101918"}],"wp:attachment":[{"href":"https:\/\/www.europesays.com\/fi\/wp-json\/wp\/v2\/media?parent=101917"}],"wp:term":[{"taxonomy":"category","embeddable":true,"href":"https:\/\/www.europesays.com\/fi\/wp-json\/wp\/v2\/categories?post=101917"},{"taxonomy":"post_tag","embeddable":true,"href":"https:\/\/www.europesays.com\/fi\/wp-json\/wp\/v2\/tags?post=101917"}],"curies":[{"name":"wp","href":"https:\/\/api.w.org\/{rel}","templated":true}]}}