{"id":101919,"date":"2025-11-28T00:50:08","date_gmt":"2025-11-28T00:50:08","guid":{"rendered":"https:\/\/www.europesays.com\/fi\/101919\/"},"modified":"2025-11-28T00:50:08","modified_gmt":"2025-11-28T00:50:08","slug":"hjk-palkkasi-scouttitiimilleen-vetajan-hs-fi","status":"publish","type":"post","link":"https:\/\/www.europesays.com\/fi\/101919\/","title":{"rendered":"HJK palkkasi scouttitiimilleen vet\u00e4j\u00e4n | HS.fi"},"content":{"rendered":"<p>Jalkapallo|P\u00e4\u00e4kaupunkilaisseura hakee pelaajarekrytointiinsa kilpailuetua ulkomailla meritoituneella Janne Wilkmanilla.<\/p>\n<p>27.11. 17:25<\/p>\n<p class=\"article-body mb-nof-24 px-nof-16\">HJK tiedotti, ett\u00e4 se on vahvistanut pelaajarekrytointiaan <a class=\"article-personlink\" href=\"https:\/\/www.hs.fi\/haku\/?query=Janne%20Wilkmanilla\" rel=\"nofollow noopener\" target=\"_blank\">Janne Wilkmanilla<\/a>.<\/p>\n<p class=\"article-body mb-nof-24 px-nof-16\">Head of Scoutingina aloittanut Wilkman on aiemmin ty\u00f6skennellyt pelaajatarkkailijana Valioliigassa Aston Villassa ja Sunderlandissa sek\u00e4 viimeksi tanskalaisseura Aarhusissa. H\u00e4n tuo HJK:n tiedotteen mukaan pelaajarekrytointiprosessiin runsaasti kansainv\u00e4list\u00e4 kokemusta.<\/p>\n<p class=\"article-body mb-nof-24 px-nof-16\">Tiedotteen mukaan Wilkmanin teht\u00e4v\u00e4n\u00e4 on paitsi tuoda nopealla aikav\u00e4lill\u00e4 vahvistuksia joukkueeseen, my\u00f6s kehitt\u00e4\u00e4 pitk\u00e4j\u00e4nteist\u00e4 prosessia pelaajarekrytoinnin tehostamiseksi.<\/p>\n<p class=\"article-body mb-nof-24 px-nof-16\">\u201dTietenkin t\u00e4m\u00e4n position t\u00e4rkein asia on se, ett\u00e4 pystyn tuomaan HJK:hon laadukkaita pelaajia, ja ett\u00e4 saamme hyvin nopeasti tarjolle sellaisia pelaajaprofiileja, joita t\u00e4ll\u00e4 hetkell\u00e4 tarvitaan. Pitk\u00e4ll\u00e4 t\u00e4ht\u00e4imell\u00e4 teht\u00e4v\u00e4n\u00e4ni on saada t\u00e4nne pelaajarekrytoinnin osalta pysyv\u00e4 rakenne, joka kantaa pitk\u00e4lle tulevaisuuteen\u201d, Wilkman kertoo.<\/p>\n<p class=\"article-body mb-nof-24 px-nof-16\">Urheilujohtaja <a class=\"article-personlink\" href=\"https:\/\/www.hs.fi\/haku\/?query=Petri%20Vuorinen\" rel=\"nofollow noopener\" target=\"_blank\">Petri Vuorinen<\/a> kertoo, ett\u00e4 toimivan pelaajarekrytoinnin tulee olla HJK:lle kilpailuetu muihin seuroihin n\u00e4hden niin kotimaassa kuin ulkomaillakin.<\/p>\n<p class=\"article-body mb-nof-24 px-nof-16\">\u201dT\u00e4m\u00e4 on osa voimassaolevaa strategiaa j\u00e4rjestelm\u00e4llisen prosessin kehitt\u00e4miseksi, miss\u00e4 tavoitteena on urheilullinen menestys ja onnistunut pelaajamyynti. Haluamme Klubiin Suomen parhaat nuoret ja yleisesti laadukkaimmat pelaajat\u201d, Vuorinen sanoo.<\/p>\n<p class=\"article-body mb-nof-24 px-nof-16\">Viime kausi oli p\u00e4\u00e4kaupunkiseudun ykk\u00f6sjoukkueelle paha pettymys.<\/p>\n<p class=\"article-body mb-nof-24 px-nof-16\">HJK sijoittui Veikkausliigassa viidenneksi 18 sarjapisteen p\u00e4\u00e4ss\u00e4 Suomen mestarista KuPSista.<\/p>\n","protected":false},"excerpt":{"rendered":"Jalkapallo|P\u00e4\u00e4kaupunkilaisseura hakee pelaajarekrytointiinsa kilpailuetua ulkomailla meritoituneella Janne Wilkmanilla. 27.11. 17:25 HJK tiedotti, ett\u00e4 se on vahvistanut pelaajarekrytointiaan Janne&hellip;\n","protected":false},"author":2,"featured_media":101920,"comment_status":"","ping_status":"","sticky":false,"template":"","format":"standard","meta":{"footnotes":""},"categories":[158],"tags":[33,31,30,46,159,32,160],"class_list":{"0":"post-101919","1":"post","2":"type-post","3":"status-publish","4":"format-standard","5":"has-post-thumbnail","7":"category-urheilu","8":"tag-fi","9":"tag-finland","10":"tag-finnish","11":"tag-helsingin-sanomat","12":"tag-sports","13":"tag-suomi","14":"tag-urheilu"},"share_on_mastodon":{"url":"https:\/\/pubeurope.com\/@fi\/115624583257185508","error":""},"_links":{"self":[{"href":"https:\/\/www.europesays.com\/fi\/wp-json\/wp\/v2\/posts\/101919","targetHints":{"allow":["GET"]}}],"collection":[{"href":"https:\/\/www.europesays.com\/fi\/wp-json\/wp\/v2\/posts"}],"about":[{"href":"https:\/\/www.europesays.com\/fi\/wp-json\/wp\/v2\/types\/post"}],"author":[{"embeddable":true,"href":"https:\/\/www.europesays.com\/fi\/wp-json\/wp\/v2\/users\/2"}],"replies":[{"embeddable":true,"href":"https:\/\/www.europesays.com\/fi\/wp-json\/wp\/v2\/comments?post=101919"}],"version-history":[{"count":0,"href":"https:\/\/www.europesays.com\/fi\/wp-json\/wp\/v2\/posts\/101919\/revisions"}],"wp:featuredmedia":[{"embeddable":true,"href":"https:\/\/www.europesays.com\/fi\/wp-json\/wp\/v2\/media\/101920"}],"wp:attachment":[{"href":"https:\/\/www.europesays.com\/fi\/wp-json\/wp\/v2\/media?parent=101919"}],"wp:term":[{"taxonomy":"category","embeddable":true,"href":"https:\/\/www.europesays.com\/fi\/wp-json\/wp\/v2\/categories?post=101919"},{"taxonomy":"post_tag","embeddable":true,"href":"https:\/\/www.europesays.com\/fi\/wp-json\/wp\/v2\/tags?post=101919"}],"curies":[{"name":"wp","href":"https:\/\/api.w.org\/{rel}","templated":true}]}}