{"id":101921,"date":"2025-11-28T00:51:15","date_gmt":"2025-11-28T00:51:15","guid":{"rendered":"https:\/\/www.europesays.com\/fi\/101921\/"},"modified":"2025-11-28T00:51:15","modified_gmt":"2025-11-28T00:51:15","slug":"uusi-dokumenttisarja-99-valittua-radion-sinfoniaorkesterin-kulisseista-on-yllatyshelmi","status":"publish","type":"post","link":"https:\/\/www.europesays.com\/fi\/101921\/","title":{"rendered":"Uusi dokumenttisarja 99 valittua Radion sinfoniaorkesterin kulisseista on yll\u00e4tyshelmi"},"content":{"rendered":"<p>Uusi kotimainen dokumenttisarja Radion sinfonia\u00adorkesterin kulisseista on vet\u00e4v\u00e4sti tehty\u00e4 reality\u00e4.<\/p>\n<p>27.11. 10:00<\/p>\n<p class=\"article-body mb-nof-24 px-nof-16\">Tv-lehti arvioi: Uusi dokumenttisarja Radion sinfonia\u00adorkesterin eli RSO:n kulisseista onnistuu yll\u00e4tt\u00e4m\u00e4\u00e4n: t\u00e4m\u00e4h\u00e4n on vet\u00e4v\u00e4sti tehty\u00e4 reality\u00e4 ja suoranainen helmi! Sit\u00e4 ei v\u00e4ltt\u00e4m\u00e4tt\u00e4 osaisi odottaa, kun aihepiiri py\u00f6rii orkesterin arjen ymp\u00e4rill\u00e4.<\/p>\n<p class=\"article-body mb-nof-24 px-nof-16\"><a class=\"article-personlink\" href=\"https:\/\/www.is.fi\/haku\/?query=Niina%20M%C3%A4kel%C3%A4isen\" rel=\"nofollow noopener\" target=\"_blank\">Niina M\u00e4kel\u00e4isen<\/a> ja <a class=\"article-personlink\" href=\"https:\/\/www.is.fi\/haku\/?query=Peter%20Walleniuksen\" rel=\"nofollow noopener\" target=\"_blank\">Peter Walleniuksen<\/a> ohjaama 99 valittua \u2013 Huippuorkesterin kulisseissa n\u00e4ytt\u00e4\u00e4 onnistuneesti, millainen ty\u00f6paikka vuonna 1927 perustettu RSO on ja miten paljon hommia jatkuvasti parhaansa antaminen vaatii. Paineistettua tunnelmaa korostetaan tietysti klassisella musiikilla.<\/p>\n<p class=\"article-body mb-nof-24 px-nof-16\">Ei RSO:n meininki nyt aivan tanskalaista tragikoomista Orkesteri-sarjaa vastaa, mutta hupaisat ja j\u00e4nnitt\u00e4v\u00e4t hetkens\u00e4 dokumentissa on.<\/p>\n<p><img decoding=\"async\" src=\"https:\/\/www.europesays.com\/fi\/wp-content\/uploads\/2025\/11\/1764291073_449_468.jpg\" alt=\"Jaksossa seurataan Ilkka Puputin koesoittoa. \u2013\u2009T\u00e4m\u00e4kin paikka tulee kerran viidess\u00e4toista vuodessa auki, niin piti se nyt k\u00e4yd\u00e4 koettamassa, mihin rahkeet riitt\u00e4v\u00e4t.\" class=\"_Img_1rerz_1\" style=\"aspect-ratio:1.7777777777777777\" loading=\"eager\"\/><\/p>\n<p class=\"article-picture-caption\">Jaksossa seurataan Ilkka Puputin koesoittoa. \u2013\u2009T\u00e4m\u00e4kin paikka tulee kerran viidess\u00e4toista vuodessa auki, niin piti se nyt k\u00e4yd\u00e4 koettamassa, mihin rahkeet riitt\u00e4v\u00e4t. Kuva:\u00a0Yle<\/p>\n<p class=\"article-body mb-nof-24 px-nof-16\">Esille nousee monta RSO:n tunnettua muusikkoa ja tausta\u00adhahmoa, joiden mukana p\u00e4\u00e4st\u00e4\u00e4n arjen aitoihin hetkiin. Esimerkiksi ty\u00f6yhteis\u00f6n hassuttelevaa puolta esitell\u00e4\u00e4n, kun apulais\u00adintendentti <a class=\"article-personlink\" href=\"https:\/\/www.is.fi\/haku\/?query=Sanna%20Moilanen\" rel=\"nofollow noopener\" target=\"_blank\">Sanna Moilanen<\/a> puhuu orkesterille. H\u00e4n joutuu komentamaan ylikapelli\u00admestari <a class=\"article-personlink\" href=\"https:\/\/www.is.fi\/haku\/?query=Nicholas%20Collonia\" rel=\"nofollow noopener\" target=\"_blank\">Nicholas Collonia<\/a> olemaan hiljaa. Collon istuu koomisen nopeasti alas, ja kaikkia naurattaa.<\/p>\n<p class=\"article-body mb-nof-24 px-nof-16\">\u2013\u2009Kiitos. T\u00e4m\u00e4 on kuin p\u00e4iv\u00e4koti, Moilanen huokaa englanniksi ja nauraa hersyv\u00e4sti p\u00e4\u00e4lle.<\/p>\n<p><img decoding=\"async\" src=\"https:\/\/www.europesays.com\/fi\/wp-content\/uploads\/2025\/11\/1764291074_223_468.jpg\" alt=\"Koesoitossa orkesteri valitsee itse uudet soittajat. Jukka Harju (oik.) pettyy lopputulokseen.\" class=\"_Img_1rerz_1\" style=\"aspect-ratio:1.7777777777777777\" loading=\"eager\"\/><\/p>\n<p class=\"article-picture-caption\">Koesoitossa orkesteri valitsee itse uudet soittajat. Jukka Harju (oik.) pettyy lopputulokseen. Kuva:\u00a0Yle<\/p>\n<p class=\"article-body mb-nof-24 px-nof-16\">Kuusiosaisen sarjan ensimm\u00e4isess\u00e4 jaksossa j\u00e4nnitet\u00e4\u00e4n monia asioita. Yksi niist\u00e4 on <a class=\"article-personlink\" href=\"https:\/\/www.is.fi\/haku\/?query=Ilkka%20Puputin\" rel=\"nofollow noopener\" target=\"_blank\">Ilkka Puputin<\/a> koesoitto. H\u00e4n pyrkii toiseksi soolo\u00adk\u00e4yr\u00e4torven soittajaksi, aisapariksi <a class=\"article-personlink\" href=\"https:\/\/www.is.fi\/haku\/?query=Jukka%20Harjulle\" rel=\"nofollow noopener\" target=\"_blank\">Jukka Harjulle<\/a>.<\/p>\n<p class=\"article-body mb-nof-24 px-nof-16\">Hakijoita on l\u00e4hes 100. Kokeen ensimm\u00e4inen vaihe on kuin The Voice of Finlandista: orkesteri ei n\u00e4e muusikoita, vaan he soittavat sermin takana.<\/p>\n<p class=\"article-body mb-nof-24 px-nof-16\">\u2013\u2009Se on niin kuin juurihoito ja syd\u00e4n\u00adleikkaus, yht\u00e4 kamalaa \u2013 v\u00e4hint\u00e4\u00e4n, ohjelmassa kuvaillaan.<\/p>\n<p class=\"article-body mb-nof-24 px-nof-16\">Intendentti <a class=\"article-personlink\" href=\"https:\/\/www.is.fi\/haku\/?query=Tuula%20Sarotie\" rel=\"nofollow noopener\" target=\"_blank\">Tuula Sarotie<\/a> kertoo, ett\u00e4 orkesteri valitsee itse oman ty\u00f6toverinsa \u00e4\u00e4nest\u00e4m\u00e4ll\u00e4. Ensimm\u00e4isell\u00e4 kierroksella aikaa vaikutuksen tekemiseen on vain minuutteja.<\/p>\n<p class=\"article-body mb-nof-24 px-nof-16\">Kun taso on \u00e4\u00e4rimm\u00e4isen kova, jatkopaikat ovat kiven alla. Puputin suoritus ei suju aivan t\u00e4ydellisesti.<\/p>\n<p class=\"article-body mb-nof-24 px-nof-16\">\u2013\u2009Se saattaa nyt olla se, mik\u00e4 oman tien katkaisee, h\u00e4n ennustaa.<\/p>\n<p><img decoding=\"async\" src=\"https:\/\/www.europesays.com\/fi\/wp-content\/uploads\/2025\/11\/1764291074_38_468.jpg\" alt=\"Emma Mali j\u00e4nnitt\u00e4\u00e4 ensimm\u00e4isess\u00e4 jaksossa, jatkuuko h\u00e4nen pestins\u00e4 koeajan j\u00e4lkeen.\" class=\"_Img_1rerz_1\" style=\"aspect-ratio:1.7794253938832252\" loading=\"eager\"\/><\/p>\n<p class=\"article-picture-caption\">Emma Mali j\u00e4nnitt\u00e4\u00e4 ensimm\u00e4isess\u00e4 jaksossa, jatkuuko h\u00e4nen pestins\u00e4 koeajan j\u00e4lkeen. Kuva:\u00a0Jukka Lintinen \/ Yle<\/p>\n<p class=\"article-body mb-nof-24 px-nof-16\">Viulisti <a class=\"article-personlink\" href=\"https:\/\/www.is.fi\/haku\/?query=Emma%20Malin\" rel=\"nofollow noopener\" target=\"_blank\">Emma Malin<\/a> mukana p\u00e4\u00e4st\u00e4\u00e4n j\u00e4nnitt\u00e4m\u00e4\u00e4n sit\u00e4, saako h\u00e4n jatkaa pestiss\u00e4\u00e4n puolen vuoden koeajan j\u00e4lkeen. Orkesterin lautakunta kokoontuu harkitsemaan, miten Mali istuu ty\u00f6yhteis\u00f6\u00f6n ja isoon orkesteriin.<\/p>\n<p class=\"article-body mb-nof-24 px-nof-16\">\u2013\u2009Olisipa t\u00e4m\u00e4 jo ohi. Enk\u00e4 nyt tarkoita t\u00e4t\u00e4 ty\u00f6t\u00e4, Mali sanoo hermostuneena.<\/p>\n<p class=\"article-body mb-nof-24 px-nof-16\">Viulisti kutsutaan sis\u00e4\u00e4n, ja Sarotie paljastaa h\u00e4nelle lopputuloksen.<\/p>\n<p class=\"article-body mb-nof-24 px-nof-16\">\u2013 Me olemme p\u00e4\u00e4tt\u00e4neet, ett\u00e4 sinua ei&#8230; irtisanota.<\/p>\n<p class=\"article-body mb-nof-24 px-nof-16\">\u2013 Miksi sinun piti sanoa se tolleen, Mali parkaisee, hengittelee syv\u00e4\u00e4n ja hymyilee helpottuneena.<\/p>\n<p class=\"article-body mb-nof-24 px-nof-16\">H\u00e4n soittaa heti \u00e4idilleen ja kertoo uutiset. Nyt \u00e4idin ja tytt\u00e4ren on otettava yhdess\u00e4 sovitut tatuoinnit: \u00e4idille vetojousi, Emmalle ty\u00f6nt\u00f6jousi. Pikkuruiset kuviot tikataan molemmille k\u00e4sivarsiin juhlistamaan suurta saavutusta.<\/p>\n<p><img decoding=\"async\" src=\"https:\/\/www.europesays.com\/fi\/wp-content\/uploads\/2025\/11\/1764291074_841_468.jpg\" alt=\"Esa-Pekka Salosen odottelu saa intendentti Tuula Sarotien polvet tutisemaan. \u2013\u2009\u202fJoku siin\u00e4 E-P:ss\u00e4 on, ett\u00e4 aina on v\u00e4h\u00e4n semmoista j\u00e4nn\u00e4\u00e4 kun h\u00e4n tulee.\" class=\"_Img_1rerz_1\" style=\"aspect-ratio:1.5\" loading=\"eager\"\/><\/p>\n<p class=\"article-picture-caption\">Esa-Pekka Salosen odottelu saa intendentti Tuula Sarotien polvet tutisemaan. \u2013\u2009\u202fJoku siin\u00e4 E-P:ss\u00e4 on, ett\u00e4 aina on v\u00e4h\u00e4n semmoista j\u00e4nn\u00e4\u00e4 kun h\u00e4n tulee. Kuva:\u00a0Sami Kero<\/p>\n<p class=\"article-body mb-nof-24 px-nof-16\">Intendentti Sarotiet\u00e4 itse\u00e4\u00e4n puolestaan j\u00e4nnitt\u00e4\u00e4 <a class=\"article-personlink\" href=\"https:\/\/www.is.fi\/haku\/?query=Esa-Pekka%20Salosen\" rel=\"nofollow noopener\" target=\"_blank\">Esa-Pekka Salosen<\/a> saapuminen. H\u00e4n odottaa vierailevaa kapelli\u00admestaria \u201dkuin joulupukkia\u201d.<\/p>\n<p class=\"article-body mb-nof-24 px-nof-16\">\u2013\u2009Siis Esa-Pekkahan on, niin kuin tied\u00e4mme, maailman kirkkaimpia t\u00e4hti\u00e4 t\u00e4ss\u00e4 kapellimestari\u00admaailmassa, Sarotie valottaa.<\/p>\n<p class=\"article-body mb-nof-24 px-nof-16\">Rennosti hymyilev\u00e4 maailmant\u00e4hti saapuu paikalle ja halaa tullessaan.<\/p>\n<p class=\"article-body mb-nof-24 px-nof-16\">Jaksossa n\u00e4ytet\u00e4\u00e4n my\u00f6s varsinainen herkkupala siit\u00e4, mit\u00e4 tapahtuu televisioidun konsertin takahuoneessa: Lasiin kaadetaan pullollinen olutta. Kun Salonen palaa aplodien s\u00e4est\u00e4m\u00e4n\u00e4 huoneeseen, h\u00e4n huomaa oluttuopin, naurahtaa ilahtuneena ja ottaa lasista kunnon kulauksen.<\/p>\n<p><img decoding=\"async\" src=\"https:\/\/www.europesays.com\/fi\/wp-content\/uploads\/2025\/11\/1764291075_270_468.jpg\" alt=\"Viulisti Pasi Eerik\u00e4inen joutui masennuksen takia pitk\u00e4lle sairauslomalle.\" class=\"_Img_1rerz_1\" style=\"aspect-ratio:1.7777777777777777\" loading=\"eager\"\/><\/p>\n<p class=\"article-picture-caption\">Viulisti Pasi Eerik\u00e4inen joutui masennuksen takia pitk\u00e4lle sairauslomalle. Kuva:\u00a0Yle<\/p>\n<p class=\"article-body mb-nof-24 px-nof-16\">My\u00f6s orkesteriel\u00e4m\u00e4n rankkaa puolta sivutaan ensimm\u00e4isen jakson lopussa, kun katsojille esitell\u00e4\u00e4n viulisti <a class=\"article-personlink\" href=\"https:\/\/www.is.fi\/haku\/?query=Pasi%20Eerik%C3%A4inen\" rel=\"nofollow noopener\" target=\"_blank\">Pasi Eerik\u00e4inen<\/a>. H\u00e4n kertoo kokeneensa vastoin\u00adk\u00e4ymisi\u00e4, joiden vuoksi soitosta ei tullut en\u00e4\u00e4 mit\u00e4\u00e4n.<\/p>\n<p class=\"article-body mb-nof-24 px-nof-16\">\u2013\u2009El\u00e4m\u00e4 veti turpaan ja kovaa, Eerik\u00e4inen toteaa.<\/p>\n<p class=\"article-body mb-nof-24 px-nof-16\">H\u00e4nen tarinansa kuullaan tulevissa jaksoissa.<\/p>\n<p class=\"article-body nof-ui-body-medium mb-nof-24 px-nof-16\">99 valittua \u2013 Huippuorkesterin kulisseissa Teema &amp; Fem klo 21.00 to 27.11. alkaen &amp; Yle Areenassa<\/p>\n","protected":false},"excerpt":{"rendered":"Uusi kotimainen dokumenttisarja Radion sinfonia\u00adorkesterin kulisseista on vet\u00e4v\u00e4sti tehty\u00e4 reality\u00e4. 27.11. 10:00 Tv-lehti arvioi: Uusi dokumenttisarja Radion sinfonia\u00adorkesterin&hellip;\n","protected":false},"author":2,"featured_media":101922,"comment_status":"","ping_status":"","sticky":false,"template":"","format":"standard","meta":{"footnotes":""},"categories":[130],"tags":[137,33,31,30,34,32,109],"class_list":{"0":"post-101921","1":"post","2":"type-post","3":"status-publish","4":"format-standard","5":"has-post-thumbnail","7":"category-viihde","8":"tag-entertainment","9":"tag-fi","10":"tag-finland","11":"tag-finnish","12":"tag-ilta-sanomat","13":"tag-suomi","14":"tag-viihde"},"share_on_mastodon":{"url":"https:\/\/pubeurope.com\/@fi\/115624587174544231","error":""},"_links":{"self":[{"href":"https:\/\/www.europesays.com\/fi\/wp-json\/wp\/v2\/posts\/101921","targetHints":{"allow":["GET"]}}],"collection":[{"href":"https:\/\/www.europesays.com\/fi\/wp-json\/wp\/v2\/posts"}],"about":[{"href":"https:\/\/www.europesays.com\/fi\/wp-json\/wp\/v2\/types\/post"}],"author":[{"embeddable":true,"href":"https:\/\/www.europesays.com\/fi\/wp-json\/wp\/v2\/users\/2"}],"replies":[{"embeddable":true,"href":"https:\/\/www.europesays.com\/fi\/wp-json\/wp\/v2\/comments?post=101921"}],"version-history":[{"count":0,"href":"https:\/\/www.europesays.com\/fi\/wp-json\/wp\/v2\/posts\/101921\/revisions"}],"wp:featuredmedia":[{"embeddable":true,"href":"https:\/\/www.europesays.com\/fi\/wp-json\/wp\/v2\/media\/101922"}],"wp:attachment":[{"href":"https:\/\/www.europesays.com\/fi\/wp-json\/wp\/v2\/media?parent=101921"}],"wp:term":[{"taxonomy":"category","embeddable":true,"href":"https:\/\/www.europesays.com\/fi\/wp-json\/wp\/v2\/categories?post=101921"},{"taxonomy":"post_tag","embeddable":true,"href":"https:\/\/www.europesays.com\/fi\/wp-json\/wp\/v2\/tags?post=101921"}],"curies":[{"name":"wp","href":"https:\/\/api.w.org\/{rel}","templated":true}]}}