{"id":101923,"date":"2025-11-28T00:55:04","date_gmt":"2025-11-28T00:55:04","guid":{"rendered":"https:\/\/www.europesays.com\/fi\/101923\/"},"modified":"2025-11-28T00:55:04","modified_gmt":"2025-11-28T00:55:04","slug":"trump-toinen-washingtonin-ampumisessa-haavoittuneista-sotilaista-kuoli-uutissuomalainen","status":"publish","type":"post","link":"https:\/\/www.europesays.com\/fi\/101923\/","title":{"rendered":"Trump: Toinen Washingtonin ampumisessa haavoittuneista sotilaista kuoli | Uutissuomalainen"},"content":{"rendered":"<p>Yhdysvaltain p\u00e4\u00e4kaupunki Washingtonissa ampumisessa haavoittuneista kansalliskaartin sotilaista toinen on kuollut. Asiasta kertoo maan presidentti Donald Trump.<\/p>\n<p>Trump tiedotti asiasta Yhdysvaltain asevoimille paikallista aikaa torstaina pit\u00e4m\u00e4ss\u00e4\u00e4n videopuheessa. Presidentti kertoi saaneensa tiedon kuolemasta juuri ennen puhetta.<\/p>\n<p>Trumpin mukaan toisen haavoittuneen sotilaan tila on eritt\u00e4in huono.<\/p>\n<p>\u2013\u2009Toinen nuori mies taistelee hengest\u00e4\u00e4n. H\u00e4n on eritt\u00e4in huonossa kunnossa, Trump sanoi.<\/p>\n<p>Kahta kansalliskaartilaista ammuttiin keskiviikkona Washingtonissa l\u00e4hell\u00e4 Valkoista taloa. Teosta ep\u00e4ill\u00e4\u00e4n afganistanilaismiest\u00e4, jonka poliisi otti kiinni.<\/p>\n<p>\t\t\t\tOIeskeluluvat tarkempaan syyniin<\/p>\n<p>Trumpin hallinto ilmoitti, ett\u00e4 se aikoo tarkastella useiden maiden kansalaisten pysyvien oleskelulupien tilannetta. Hallinnon mukaan ilmoitus koskee l\u00e4hes kahdenkymmenen maan kansalaisia.<\/p>\n<p>Yhdysvaltain kansalaisuus- ja maahanmuuttoviraston johtaja Joseph Edlow ei eritellyt maita, joiden kansalaisia p\u00e4\u00e4t\u00f6s koskee. Virasto kuitenkin viittasi Trumpin kes\u00e4kuiseen matkustuskieltoja koskevaan p\u00e4\u00e4t\u00f6kseen.<\/p>\n<p>Trump allekirjoitti kes\u00e4ll\u00e4 matkustuskiellon 12 maan kansalaisille. Kielto koskee my\u00f6s Afganistania. Trump m\u00e4\u00e4r\u00e4si tuolloin lis\u00e4ksi seitsem\u00e4lle maalle osittaisen matkustuskiellon.<\/p>\n<p>Virasto kertoi keskiviikkona Suomen aikaa viestipalvelu <a href=\"https:\/\/x.com\/USCIS\/status\/1993882694640415163\" rel=\"nofollow\">X:ss\u00e4<\/a>, ett\u00e4 virasto on keskeytt\u00e4nyt kaikkien Afganistanin kansalaisiin liittyvien hakemusten k\u00e4sittelyn.<\/p>\n","protected":false},"excerpt":{"rendered":"Yhdysvaltain p\u00e4\u00e4kaupunki Washingtonissa ampumisessa haavoittuneista kansalliskaartin sotilaista toinen on kuollut. Asiasta kertoo maan presidentti Donald Trump. Trump tiedotti&hellip;\n","protected":false},"author":2,"featured_media":84357,"comment_status":"","ping_status":"","sticky":false,"template":"","format":"standard","meta":{"footnotes":""},"categories":[14],"tags":[22,23,585,26,27,33,31,30,17,2455,683,24,25,28,29,15,18,21,142,637,144,32,19,20,56,16,59,60,61,143],"class_list":{"0":"post-101923","1":"post","2":"type-post","3":"status-publish","4":"format-standard","5":"has-post-thumbnail","7":"category-ulkomaat","8":"tag-breaking-news","9":"tag-breakingnews","10":"tag-donald-trump","11":"tag-featured-news","12":"tag-featurednews","13":"tag-fi","14":"tag-finland","15":"tag-finnish","16":"tag-headlines","17":"tag-hengenvaara-ja-loukkaantuminen","18":"tag-kuolema","19":"tag-latest-news","20":"tag-latestnews","21":"tag-main-news","22":"tag-mainnews","23":"tag-news","24":"tag-otsikot","25":"tag-paauutiset","26":"tag-poliitikot","27":"tag-politiikka","28":"tag-presidentti","29":"tag-suomi","30":"tag-top-stories","31":"tag-topstories","32":"tag-ulkomaat","33":"tag-uutiset","34":"tag-world","35":"tag-world-news","36":"tag-worldnews","37":"tag-yhdysvaltain-politiikka"},"share_on_mastodon":{"url":"https:\/\/pubeurope.com\/@fi\/115624602871139399","error":""},"_links":{"self":[{"href":"https:\/\/www.europesays.com\/fi\/wp-json\/wp\/v2\/posts\/101923","targetHints":{"allow":["GET"]}}],"collection":[{"href":"https:\/\/www.europesays.com\/fi\/wp-json\/wp\/v2\/posts"}],"about":[{"href":"https:\/\/www.europesays.com\/fi\/wp-json\/wp\/v2\/types\/post"}],"author":[{"embeddable":true,"href":"https:\/\/www.europesays.com\/fi\/wp-json\/wp\/v2\/users\/2"}],"replies":[{"embeddable":true,"href":"https:\/\/www.europesays.com\/fi\/wp-json\/wp\/v2\/comments?post=101923"}],"version-history":[{"count":0,"href":"https:\/\/www.europesays.com\/fi\/wp-json\/wp\/v2\/posts\/101923\/revisions"}],"wp:featuredmedia":[{"embeddable":true,"href":"https:\/\/www.europesays.com\/fi\/wp-json\/wp\/v2\/media\/84357"}],"wp:attachment":[{"href":"https:\/\/www.europesays.com\/fi\/wp-json\/wp\/v2\/media?parent=101923"}],"wp:term":[{"taxonomy":"category","embeddable":true,"href":"https:\/\/www.europesays.com\/fi\/wp-json\/wp\/v2\/categories?post=101923"},{"taxonomy":"post_tag","embeddable":true,"href":"https:\/\/www.europesays.com\/fi\/wp-json\/wp\/v2\/tags?post=101923"}],"curies":[{"name":"wp","href":"https:\/\/api.w.org\/{rel}","templated":true}]}}