{"id":101924,"date":"2025-11-28T00:56:10","date_gmt":"2025-11-28T00:56:10","guid":{"rendered":"https:\/\/www.europesays.com\/fi\/101924\/"},"modified":"2025-11-28T00:56:10","modified_gmt":"2025-11-28T00:56:10","slug":"omakotitalo-karsi-tuntuvia-vahinkoja-raumalla-riehuneessa-tulipalossa-liekit-loivat-katon-lapi","status":"publish","type":"post","link":"https:\/\/www.europesays.com\/fi\/101924\/","title":{"rendered":"Omakotitalo k\u00e4rsi tuntuvia vahinkoja Raumalla riehuneessa tulipalossa \u2013 liekit l\u00f6iv\u00e4t katon l\u00e4pi"},"content":{"rendered":"<p>Iltaseitsem\u00e4n j\u00e4lkeen liekit l\u00f6iv\u00e4t l\u00e4pi talon katossa olleesta rei\u00e4st\u00e4.<\/p>\n<p>27.11. 18:28 | P\u00e4ivitetty 27.11. 21:45<\/p>\n<p class=\"article-body mb-nof-24 px-nof-16\">Rauma<\/p>\n<p class=\"article-body mb-nof-24 px-nof-16\">Omakotitalo k\u00e4rsi mittavia palo- ja savuvahinkoja Rauman Paroalhossa torstaina riehuneessa tulipalossa. Palo syttyi P\u00e4iv\u00e4senkadun varrella olevassa puurakenteisessa omakotitalossa.<\/p>\n<p class=\"article-body mb-nof-24 px-nof-16\">Pelastuslaitos sai palosta h\u00e4lytyksen torstaina hieman ennen puoli kuutta illansuussa. P\u00e4ivyst\u00e4v\u00e4 palomestari <a class=\"article-personlink\" href=\"https:\/\/www.satakunnankansa.fi\/haku\/?query=Timo%20Tuomi\" rel=\"nofollow noopener\" target=\"_blank\">Timo Tuomi<\/a> kertoi tulipalon saaneen alkunsa keitti\u00f6st\u00e4, mist\u00e4 se levisi talon rakenteisiin.<\/p>\n<p class=\"article-body mb-nof-24 px-nof-16\">Palon syttymissyyst\u00e4 ei ole t\u00e4ss\u00e4 vaiheessa tietoa.<\/p>\n<p><img decoding=\"async\" src=\"https:\/\/www.europesays.com\/fi\/wp-content\/uploads\/2025\/11\/1764291369_137_468.jpg\" alt=\"Paikalla oli iltaseitsem\u00e4n j\u00e4lkeen runsaasti pelastuslaitoksen yksik\u00f6it\u00e4.\" class=\"_Img_1rerz_1\" style=\"aspect-ratio:1.5011727912431587\" loading=\"eager\"\/><\/p>\n<p class=\"article-picture-caption\">Paikalla oli iltaseitsem\u00e4n j\u00e4lkeen runsaasti pelastuslaitoksen yksik\u00f6it\u00e4. Kuva:\u00a0Jussi Hietikko<\/p>\n<p class=\"article-body mb-nof-24 px-nof-16\">Talon asukkaat olivat Tuomen mukaan tulipalon syttyess\u00e4 paikalla.<\/p>\n<p class=\"article-body mb-nof-24 px-nof-16\">\u201dTalon v\u00e4ki evakuoitui siin\u00e4 vaiheessa, kun he huomasivat syttym\u00e4n tapahtuneen.\u201d<\/p>\n<p class=\"article-body mb-nof-24 px-nof-16\">Asukkaat ehtiv\u00e4t ulos talosta ajoissa niin, ettei kukaan loukkaantunut.<\/p>\n<p class=\"article-body mb-nof-24 px-nof-16\">Kun Satakunnan Kansan toimittaja <a class=\"article-personlink\" href=\"https:\/\/www.satakunnankansa.fi\/haku\/?query=Jussi%20Hietikko\" rel=\"nofollow noopener\" target=\"_blank\">Jussi Hietikko<\/a> vieraili palopaikalla iltaseitsem\u00e4n j\u00e4lkeen, liekit l\u00f6iv\u00e4t l\u00e4pi talon katossa olleesta rei\u00e4st\u00e4. Paikalla oli tuolloin runsaasti pelastuslaitoksen yksikk\u00f6j\u00e4, ja pelastajat raivasivat talon kattorakenteita.<\/p>\n<p><img decoding=\"async\" src=\"https:\/\/www.europesays.com\/fi\/wp-content\/uploads\/2025\/11\/1764291369_875_468.jpg\" alt=\"Liekit l\u00f6iv\u00e4t l\u00e4pi talon katossa olevasta rei\u00e4st\u00e4.\" class=\"_Img_1rerz_1\" style=\"aspect-ratio:1.5011727912431587\" loading=\"eager\"\/><\/p>\n<p class=\"article-picture-caption\">Liekit l\u00f6iv\u00e4t l\u00e4pi talon katossa olevasta rei\u00e4st\u00e4. Kuva:\u00a0Jussi Hietikko<\/p>\n<p><img decoding=\"async\" src=\"https:\/\/www.europesays.com\/fi\/wp-content\/uploads\/2025\/11\/1764291369_162_468.jpg\" alt=\"Pelastajat raivasivat omakotitalon kattorakenteita iltaseitsem\u00e4n j\u00e4lkeen.\" class=\"_Img_1rerz_1\" style=\"aspect-ratio:1.5\" loading=\"eager\"\/><\/p>\n<p class=\"article-picture-caption\">Pelastajat raivasivat omakotitalon kattorakenteita iltaseitsem\u00e4n j\u00e4lkeen. Kuva:\u00a0Jussi Hietikko<\/p>\n<p class=\"article-body mb-nof-24 px-nof-16\">Kello 18.20 tulleen pelastuslaitoksen tiedotteen mukaan paikalla oli tuolloin yhteens\u00e4 kahdeksan yksikk\u00f6\u00e4 Satakunnan ja Varsinais-Suomen pelastuslaitoksilta.<\/p>\n<p class=\"article-body mb-nof-24 px-nof-16\">Satakunnan Kansan aiemmin saaman silminn\u00e4kij\u00e4havainnon mukaan P\u00e4iv\u00e4senkatu oli katkaistu liikenteelt\u00e4, ja palopaikalla on palokunnan yksikk\u00f6jen lis\u00e4ksi poliiseja.<\/p>\n<p class=\"article-body mb-nof-24 px-nof-16\">Tuomi arvioi puoli kymmenelt\u00e4 illalla, ett\u00e4 teht\u00e4v\u00e4 saadaan p\u00e4\u00e4t\u00f6kseen ennen keskiy\u00f6t\u00e4.<\/p>\n<p class=\"article-body mb-nof-24 px-nof-16\">\u201dJ\u00e4t\u00e4mme t\u00e4h\u00e4n sen j\u00e4lkeen viel\u00e4 yhden yksik\u00f6n j\u00e4lkivartioon.\u201d<\/p>\n<p><img decoding=\"async\" src=\"https:\/\/www.europesays.com\/fi\/wp-content\/uploads\/2025\/11\/1764291370_733_468.jpg\" alt=\"Lukijan kuvassa n\u00e4kee, ett\u00e4 palopaikalla oli paloautojen lis\u00e4ksi my\u00f6s poliisin yksik\u00f6it\u00e4.\" class=\"_Img_1rerz_1\" style=\"aspect-ratio:1.4701378254211332\" loading=\"eager\"\/><\/p>\n<p class=\"article-picture-caption\">Lukijan kuvassa n\u00e4kee, ett\u00e4 palopaikalla oli paloautojen lis\u00e4ksi my\u00f6s poliisin yksik\u00f6it\u00e4. Kuva:\u00a0Lukijan kuva<\/p>\n<p class=\"article-body nof-ui-body-medium mb-nof-24 px-nof-16\">T\u00e4m\u00e4 oli p\u00e4ivittyv\u00e4 artikkeli. <\/p>\n","protected":false},"excerpt":{"rendered":"Iltaseitsem\u00e4n j\u00e4lkeen liekit l\u00f6iv\u00e4t l\u00e4pi talon katossa olleesta rei\u00e4st\u00e4. 27.11. 18:28 | P\u00e4ivitetty 27.11. 21:45 Rauma Omakotitalo k\u00e4rsi&hellip;\n","protected":false},"author":2,"featured_media":101925,"comment_status":"","ping_status":"","sticky":false,"template":"","format":"standard","meta":{"footnotes":""},"categories":[12],"tags":[22,23,26,27,33,31,30,17,24,25,28,29,15,18,21,80,32,19,20,16],"class_list":{"0":"post-101924","1":"post","2":"type-post","3":"status-publish","4":"format-standard","5":"has-post-thumbnail","7":"category-suomi","8":"tag-breaking-news","9":"tag-breakingnews","10":"tag-featured-news","11":"tag-featurednews","12":"tag-fi","13":"tag-finland","14":"tag-finnish","15":"tag-headlines","16":"tag-latest-news","17":"tag-latestnews","18":"tag-main-news","19":"tag-mainnews","20":"tag-news","21":"tag-otsikot","22":"tag-paauutiset","23":"tag-satakunnan-kansa","24":"tag-suomi","25":"tag-top-stories","26":"tag-topstories","27":"tag-uutiset"},"share_on_mastodon":{"url":"https:\/\/pubeurope.com\/@fi\/115624607160375617","error":""},"_links":{"self":[{"href":"https:\/\/www.europesays.com\/fi\/wp-json\/wp\/v2\/posts\/101924","targetHints":{"allow":["GET"]}}],"collection":[{"href":"https:\/\/www.europesays.com\/fi\/wp-json\/wp\/v2\/posts"}],"about":[{"href":"https:\/\/www.europesays.com\/fi\/wp-json\/wp\/v2\/types\/post"}],"author":[{"embeddable":true,"href":"https:\/\/www.europesays.com\/fi\/wp-json\/wp\/v2\/users\/2"}],"replies":[{"embeddable":true,"href":"https:\/\/www.europesays.com\/fi\/wp-json\/wp\/v2\/comments?post=101924"}],"version-history":[{"count":0,"href":"https:\/\/www.europesays.com\/fi\/wp-json\/wp\/v2\/posts\/101924\/revisions"}],"wp:featuredmedia":[{"embeddable":true,"href":"https:\/\/www.europesays.com\/fi\/wp-json\/wp\/v2\/media\/101925"}],"wp:attachment":[{"href":"https:\/\/www.europesays.com\/fi\/wp-json\/wp\/v2\/media?parent=101924"}],"wp:term":[{"taxonomy":"category","embeddable":true,"href":"https:\/\/www.europesays.com\/fi\/wp-json\/wp\/v2\/categories?post=101924"},{"taxonomy":"post_tag","embeddable":true,"href":"https:\/\/www.europesays.com\/fi\/wp-json\/wp\/v2\/tags?post=101924"}],"curies":[{"name":"wp","href":"https:\/\/api.w.org\/{rel}","templated":true}]}}