{"id":101938,"date":"2025-11-28T01:23:10","date_gmt":"2025-11-28T01:23:10","guid":{"rendered":"https:\/\/www.europesays.com\/fi\/101938\/"},"modified":"2025-11-28T01:23:10","modified_gmt":"2025-11-28T01:23:10","slug":"emma-thompson-saapui-helsinkiin-ilta-sanomat","status":"publish","type":"post","link":"https:\/\/www.europesays.com\/fi\/101938\/","title":{"rendered":"Emma Thompson saapui Helsinkiin &#8211; Ilta-Sanomat"},"content":{"rendered":"<p>Emma Thompson poseerasi punaisella matolla tytt\u00e4rens\u00e4 ja puolisonsa kanssa.<\/p>\n<p>Emma Thompson edusti Helsingiss\u00e4 Syd\u00e4ntalvi-elokuvan kutsuvierasn\u00e4yt\u00f6ksess\u00e4.Video: Jussi Nukari \/ Lehtikuva<\/p>\n<p>27.11. 19:05<\/p>\n<p class=\"article-body mb-nof-24 px-nof-16\">Oscar-palkittu n\u00e4yttelij\u00e4 <a class=\"article-personlink\" href=\"https:\/\/www.is.fi\/haku\/?query=Emma%20Thompson\" rel=\"nofollow noopener\" target=\"_blank\">Emma Thompson<\/a> saapui Suomeen.<\/p>\n<p class=\"article-body mb-nof-24 px-nof-16\">H\u00e4n edusti Helsingiss\u00e4 Syd\u00e4ntalvi-elokuvan kutsuvierasn\u00e4yt\u00f6ksess\u00e4. Kyseess\u00e4 on toimintatrilleri, jota kuvattiin viime talvena Suomessa Kolilla. Sek\u00e4 Thompson ett\u00e4 h\u00e4nen tytt\u00e4rens\u00e4 <a class=\"article-personlink\" href=\"https:\/\/www.is.fi\/haku\/?query=Gaia%20Wise\" rel=\"nofollow noopener\" target=\"_blank\">Gaia Wise<\/a> t\u00e4hditt\u00e4v\u00e4t elokuvaa.<\/p>\n<p><img decoding=\"async\" src=\"https:\/\/www.europesays.com\/fi\/wp-content\/uploads\/2025\/11\/1764292989_184_468.jpg\" alt=\"N\u00e4yttelij\u00e4 Emma Thompson, Greg Wise ja tyt\u00e4r Gaia Wise poseerasivat yhdess\u00e4 punaisella matolla.\" class=\"_Img_1rerz_1\" style=\"aspect-ratio:1.5023474178403755\" loading=\"eager\"\/><\/p>\n<p class=\"article-picture-caption\">N\u00e4yttelij\u00e4 Emma Thompson, Greg Wise ja tyt\u00e4r Gaia Wise poseerasivat yhdess\u00e4 punaisella matolla. Kuva:\u00a0Jussi Nukari \/ Lehtikuva<\/p>\n<p><img decoding=\"async\" src=\"https:\/\/www.europesays.com\/fi\/wp-content\/uploads\/2025\/11\/1764292990_588_468.jpg\" alt=\"Thompson edusti tyylikk\u00e4\u00e4ss\u00e4 housupuvussa.\" class=\"_Img_1rerz_1\" style=\"aspect-ratio:0.6666666666666666\" loading=\"eager\"\/><\/p>\n<p class=\"article-picture-caption\">Thompson edusti tyylikk\u00e4\u00e4ss\u00e4 housupuvussa. Kuva:\u00a0Jussi Nukari \/ Lehtikuva<\/p>\n<p class=\"article-body mb-nof-24 px-nof-16\">Aiemmin tiedotettiin, ett\u00e4 Thompson saapuu n\u00e4yt\u00f6kseen juuri tytt\u00e4rens\u00e4 Gaia Wisen kanssa. Lis\u00e4ksi heid\u00e4n seurassaan n\u00e4htiin kutsuvierastilaisuudessa Thompsonin puoliso <a class=\"article-personlink\" href=\"https:\/\/www.is.fi\/haku\/?query=Greg%20Wise\" rel=\"nofollow noopener\" target=\"_blank\">Greg Wise<\/a> sek\u00e4 Gaia Wisen puoliso <a class=\"article-personlink\" href=\"https:\/\/www.is.fi\/haku\/?query=Basil%20Eidenbenz\" rel=\"nofollow noopener\" target=\"_blank\">Basil Eidenbenz<\/a>.<\/p>\n<p class=\"article-body mb-nof-24 px-nof-16\">Thompson tunnetaan esimerkiksi Harry Potter-elokuvista sek\u00e4 elokuvista Rakkautta vain, Men in Black 3 ja Cruella. H\u00e4n on urallaan ker\u00e4nnyt menestyst\u00e4 monien palkintojen muodossa. H\u00e4nell\u00e4 on kaksi Oscar-palkintoa, kaksi Golden Globe -palkintoa sek\u00e4 yksi Emmy-palkinto.<\/p>\n","protected":false},"excerpt":{"rendered":"Emma Thompson poseerasi punaisella matolla tytt\u00e4rens\u00e4 ja puolisonsa kanssa. Emma Thompson edusti Helsingiss\u00e4 Syd\u00e4ntalvi-elokuvan kutsuvierasn\u00e4yt\u00f6ksess\u00e4.Video: Jussi Nukari \/&hellip;\n","protected":false},"author":2,"featured_media":101939,"comment_status":"","ping_status":"","sticky":false,"template":"","format":"standard","meta":{"footnotes":""},"categories":[5],"tags":[22,23,26,27,33,31,30,17,34,24,25,28,29,15,18,21,32,19,20,16],"class_list":{"0":"post-101938","1":"post","2":"type-post","3":"status-publish","4":"format-standard","5":"has-post-thumbnail","7":"category-otsikot","8":"tag-breaking-news","9":"tag-breakingnews","10":"tag-featured-news","11":"tag-featurednews","12":"tag-fi","13":"tag-finland","14":"tag-finnish","15":"tag-headlines","16":"tag-ilta-sanomat","17":"tag-latest-news","18":"tag-latestnews","19":"tag-main-news","20":"tag-mainnews","21":"tag-news","22":"tag-otsikot","23":"tag-paauutiset","24":"tag-suomi","25":"tag-top-stories","26":"tag-topstories","27":"tag-uutiset"},"share_on_mastodon":{"url":"https:\/\/pubeurope.com\/@fi\/115624712860773899","error":""},"_links":{"self":[{"href":"https:\/\/www.europesays.com\/fi\/wp-json\/wp\/v2\/posts\/101938","targetHints":{"allow":["GET"]}}],"collection":[{"href":"https:\/\/www.europesays.com\/fi\/wp-json\/wp\/v2\/posts"}],"about":[{"href":"https:\/\/www.europesays.com\/fi\/wp-json\/wp\/v2\/types\/post"}],"author":[{"embeddable":true,"href":"https:\/\/www.europesays.com\/fi\/wp-json\/wp\/v2\/users\/2"}],"replies":[{"embeddable":true,"href":"https:\/\/www.europesays.com\/fi\/wp-json\/wp\/v2\/comments?post=101938"}],"version-history":[{"count":0,"href":"https:\/\/www.europesays.com\/fi\/wp-json\/wp\/v2\/posts\/101938\/revisions"}],"wp:featuredmedia":[{"embeddable":true,"href":"https:\/\/www.europesays.com\/fi\/wp-json\/wp\/v2\/media\/101939"}],"wp:attachment":[{"href":"https:\/\/www.europesays.com\/fi\/wp-json\/wp\/v2\/media?parent=101938"}],"wp:term":[{"taxonomy":"category","embeddable":true,"href":"https:\/\/www.europesays.com\/fi\/wp-json\/wp\/v2\/categories?post=101938"},{"taxonomy":"post_tag","embeddable":true,"href":"https:\/\/www.europesays.com\/fi\/wp-json\/wp\/v2\/tags?post=101938"}],"curies":[{"name":"wp","href":"https:\/\/api.w.org\/{rel}","templated":true}]}}