{"id":101942,"date":"2025-11-28T01:42:09","date_gmt":"2025-11-28T01:42:09","guid":{"rendered":"https:\/\/www.europesays.com\/fi\/101942\/"},"modified":"2025-11-28T01:42:09","modified_gmt":"2025-11-28T01:42:09","slug":"rukan-perjantain-hiihdoissa-24-suomalaista-mukana","status":"publish","type":"post","link":"https:\/\/www.europesays.com\/fi\/101942\/","title":{"rendered":"Rukan perjantain hiihdoissa 24 suomalaista mukana"},"content":{"rendered":"<p>Hiihdon maailmancup -kausi 2025-2026 k\u00e4ynnistyy perjantaina Rukalla. T\u00e4ss\u00e4 l\u00e4ht\u00f6listat naisten ja miesten 10 km (p) v\u00e4liaikal\u00e4ht\u00f6ihin.<\/p>\n<p>Olympialaiset sis\u00e4lt\u00e4v\u00e4n hiihtokauden avaus on ovella. <a onclick=\"gtag(&#039;event&#039;,&#039;click&#039;,{&#039;event_category&#039; : &#039;tekstilinkki&#039;,&#039;event_label&#039; : &#039;\/uutiset\/hiihto-ruka-lahtolistat-10km-28-11-2025 -&gt; \/hiihto\/maailmancup&#039;})\" class=\"linkki-tekstissa\" href=\"https:\/\/etusuora.com\/hiihto\/maailmancup\" title=\"Hiihdon maailmancup 2025-2026\" rel=\"nofollow noopener\" target=\"_blank\">Hiihdon maailmancup<\/a> k\u00e4ynnistyy perjantaina Rukalla miesten ja naisten 10 km perinteisen hiihtotavan v\u00e4liaikal\u00e4hd\u00f6ill\u00e4.<\/p>\n<p>Naiset l\u00e4htev\u00e4t matkaan kello 11.30 ja miehet starttaavat kello 14.15. Kilpailut n\u00e4kyv\u00e4t suorina l\u00e4hetyksin\u00e4 sek\u00e4 YLE:lt\u00e4 ett\u00e4 <a rel=\"sponsored nofollow noopener\" target=\"_blank\" class=\"linkki-tekstissa\" href=\"https:\/\/go.adt291.com\/t\/t?a=1552820082&amp;as=1827849987&amp;t=2&amp;tk=1&amp;url=https:\/\/viaplay.fi\/urheilu\/viaplay-talvi\">Viaplaylta<\/a>.<\/p>\n<p>Suomalaisista matkaan starttaa t\u00e4ydet 24 urheilijaa, 12 naista ja 12 miest\u00e4. L\u00f6yd\u00e4t l\u00e4ht\u00f6listat molempiin kilpailuihin alta.<\/p>\n<p><strong>Suomalaisten l\u00e4ht\u00f6numerot:<\/strong><br \/>&#13;<br \/>\nAnne Kyll\u00f6nen (nro 7), Vilma Nissinen (12), Vilma Ryytty (17), Jasmi Joensuu (25), Johanna Matintalo (27), Elsa Torvinen (33), Krista P\u00e4rm\u00e4koski (36), Nora Kyr\u00e4j\u00e4 (39), Oona Kettunen (43), Kerttu Niskanen (52), Hanna Ray (64), Anni Alakoski (67).   <\/p>\n<p><strong>Katso my\u00f6s:<\/strong> <a href=\"https:\/\/etusuora.com\/veikkausvihjeet\/naisten-10-km-ruka-28-11-2025\" class=\"linkki-tekstissa\" rel=\"nofollow noopener\" target=\"_blank\">Ly\u00f6k\u00f6 Krista P\u00e4rm\u00e4koski kiilaa ruotsalaisten v\u00e4liin? Lue ennakko Rukan naisten 10 km kilpailuun!<\/a><\/p>\n<p>Petteri Koivisto (14), Perttu Hyv\u00e4rinen (18), Lauri Vuorinen (20), Markus Vuorela (21), Ville Ahonen (27), Niko Anttola (33), Ristomatti Hakola (35),  Iivo Niskanen (51), Eero Rantala (54), Alexander St\u00e5hlberg (66), Arsi Ruuskanen (77), Leevi Tarjanne (99)<\/p>\n<p><strong>Katso my\u00f6s:<\/strong> <a href=\"https:\/\/etusuora.com\/veikkausvihjeet\/miesten-10-km-rukan-maailmancup-28-11-2025\" class=\"linkki-tekstissa\" rel=\"nofollow noopener\" target=\"_blank\">Iivo vai Kl\u00e6bo? Lue ennakko Rukan miesten 10 km kilpailuun!<\/a><\/p>\n<p>L\u00e4ht\u00f6listat Rukan perinteisen 10 km kilpailuihin<br \/>\n<br \/>\nNaiset 10 km (p)<\/p>\n<tr class=\"\">\n<td style=\"width:auto!important;\">#<\/td>\n<td style=\"width: auto!important;\">Urheilija<\/td>\n<\/tr>\n<tr class=\"\">\n<td style=\"width:auto!important;\">1<\/td>\n<td style=\"width: auto!important;\">Julie Bjervig Drivenes \ud83c\uddf3\ud83c\uddf4<\/td>\n<\/tr>\n<tr class=\"\">\n<td style=\"width:auto!important;\">2<\/td>\n<td style=\"width: auto!important;\">Kate Oldham \ud83c\uddfa\ud83c\uddf8<\/td>\n<\/tr>\n<tr class=\"\">\n<td style=\"width:auto!important;\">3<\/td>\n<td style=\"width: auto!important;\">Nadine Laurent \ud83c\uddee\ud83c\uddf9<\/td>\n<\/tr>\n<tr class=\"\">\n<td style=\"width:auto!important;\">4<\/td>\n<td style=\"width: auto!important;\">Iris De Martin Pinter \ud83c\uddee\ud83c\uddf9<\/td>\n<\/tr>\n<tr class=\"\">\n<td style=\"width:auto!important;\">5<\/td>\n<td style=\"width: auto!important;\">Kendall Kramer \ud83c\uddfa\ud83c\uddf8<\/td>\n<\/tr>\n<tr class=\"\">\n<td style=\"width:auto!important;\">6<\/td>\n<td style=\"width: auto!important;\">Keidy Kaasiku \ud83c\uddea\ud83c\uddea<\/td>\n<\/tr>\n<tr class=\"\">\n<td style=\"width:auto!important;\">7<\/td>\n<td style=\"width: auto!important;\">Anne Kyll\u00f6nen \ud83c\uddeb\ud83c\uddee<\/td>\n<\/tr>\n<tr class=\"\">\n<td style=\"width:auto!important;\">8<\/td>\n<td style=\"width: auto!important;\">Moa Lundgren \ud83c\uddf8\ud83c\uddea<\/td>\n<\/tr>\n<tr class=\"\">\n<td style=\"width:auto!important;\">9<\/td>\n<td style=\"width: auto!important;\">Barbora Havlickova \ud83c\udde8\ud83c\uddff<\/td>\n<\/tr>\n<tr class=\"\">\n<td style=\"width:auto!important;\">10<\/td>\n<td style=\"width: auto!important;\">Kaidy Kaasiku \ud83c\uddea\ud83c\uddea<\/td>\n<\/tr>\n<tr class=\"\">\n<td style=\"width:auto!important;\">11<\/td>\n<td style=\"width: auto!important;\">Giuliana Werro \ud83c\udde8\ud83c\udded<\/td>\n<\/tr>\n<tr class=\"\">\n<td style=\"width:auto!important;\">12<\/td>\n<td style=\"width: auto!important;\">Vilma Nissinen \ud83c\uddeb\ud83c\uddee<\/td>\n<\/tr>\n<tr class=\"\">\n<td style=\"width:auto!important;\">13<\/td>\n<td style=\"width: auto!important;\">Evelina Crusell \ud83c\uddf8\ud83c\uddea<\/td>\n<\/tr>\n<tr class=\"\">\n<td style=\"width:auto!important;\">14<\/td>\n<td style=\"width: auto!important;\">Marina Kaelin \ud83c\udde8\ud83c\udded<\/td>\n<\/tr>\n<tr class=\"\">\n<td style=\"width:auto!important;\">15<\/td>\n<td style=\"width: auto!important;\">Anna Comarella \ud83c\uddee\ud83c\uddf9<\/td>\n<\/tr>\n<tr class=\"\">\n<td style=\"width:auto!important;\">16<\/td>\n<td style=\"width: auto!important;\">Anja Mandeljc \ud83c\uddf8\ud83c\uddee<\/td>\n<\/tr>\n<tr class=\"\">\n<td style=\"width:auto!important;\">17<\/td>\n<td style=\"width: auto!important;\">Vilma Ryytty \ud83c\uddeb\ud83c\uddee<\/td>\n<\/tr>\n<tr class=\"\">\n<td style=\"width:auto!important;\">18<\/td>\n<td style=\"width: auto!important;\">Maerta Rosenberg \ud83c\uddf8\ud83c\uddea<\/td>\n<\/tr>\n<tr class=\"\">\n<td style=\"width:auto!important;\">19<\/td>\n<td style=\"width: auto!important;\">Katherine Sauerbrey \ud83c\udde9\ud83c\uddea<\/td>\n<\/tr>\n<tr class=\"\">\n<td style=\"width:auto!important;\">20<\/td>\n<td style=\"width: auto!important;\">Maria Gismondi \ud83c\uddee\ud83c\uddf9<\/td>\n<\/tr>\n<tr class=\"\">\n<td style=\"width:auto!important;\">21<\/td>\n<td style=\"width: auto!important;\">Anja Weber \ud83c\udde8\ud83c\udded<\/td>\n<\/tr>\n<tr class=\"\">\n<td style=\"width:auto!important;\">22<\/td>\n<td style=\"width: auto!important;\">Karoline Simpson-Larsen \ud83c\uddf3\ud83c\uddf4<\/td>\n<\/tr>\n<tr class=\"\">\n<td style=\"width:auto!important;\">23<\/td>\n<td style=\"width: auto!important;\">Anne Kjersti Kalv\u00e5 \ud83c\uddf3\ud83c\uddf4<\/td>\n<\/tr>\n<tr class=\"\">\n<td style=\"width:auto!important;\">24<\/td>\n<td style=\"width: auto!important;\">Rosie Brennan \ud83c\uddfa\ud83c\uddf8<\/td>\n<\/tr>\n<tr class=\"\">\n<td style=\"width:auto!important;\">25<\/td>\n<td style=\"width: auto!important;\">Jasmi Joensuu \ud83c\uddeb\ud83c\uddee<\/td>\n<\/tr>\n<tr class=\"\">\n<td style=\"width:auto!important;\">26<\/td>\n<td style=\"width: auto!important;\">Julia Kern \ud83c\uddfa\ud83c\uddf8<\/td>\n<\/tr>\n<tr class=\"\">\n<td style=\"width:auto!important;\">27<\/td>\n<td style=\"width: auto!important;\">Johanna Matintalo \ud83c\uddeb\ud83c\uddee<\/td>\n<\/tr>\n<tr class=\"\">\n<td style=\"width:auto!important;\">28<\/td>\n<td style=\"width: auto!important;\">Nadja Kaelin \ud83c\udde8\ud83c\udded<\/td>\n<\/tr>\n<tr class=\"\">\n<td style=\"width:auto!important;\">29<\/td>\n<td style=\"width: auto!important;\">Delphine Claudel \ud83c\uddeb\ud83c\uddf7<\/td>\n<\/tr>\n<tr class=\"\">\n<td style=\"width:auto!important;\">30<\/td>\n<td style=\"width: auto!important;\">Frida Karlsson \ud83c\uddf8\ud83c\uddea<\/td>\n<\/tr>\n<tr class=\"\">\n<td style=\"width:auto!important;\">31<\/td>\n<td style=\"width: auto!important;\">Nadezhda Stepashkina \ud83c\uddf0\ud83c\uddff<\/td>\n<\/tr>\n<tr class=\"\">\n<td style=\"width:auto!important;\">32<\/td>\n<td style=\"width: auto!important;\">Jessie Diggins \ud83c\uddfa\ud83c\uddf8<\/td>\n<\/tr>\n<tr class=\"\">\n<td style=\"width:auto!important;\">33<\/td>\n<td style=\"width: auto!important;\">Elsa Torvinen \ud83c\uddeb\ud83c\uddee<\/td>\n<\/tr>\n<tr class=\"\">\n<td style=\"width:auto!important;\">34<\/td>\n<td style=\"width: auto!important;\">Heidi Weng \ud83c\uddf3\ud83c\uddf4<\/td>\n<\/tr>\n<tr class=\"\">\n<td style=\"width:auto!important;\">35<\/td>\n<td style=\"width: auto!important;\">Chika Honda \ud83c\uddef\ud83c\uddf5<\/td>\n<\/tr>\n<tr class=\"\">\n<td style=\"width:auto!important;\">36<\/td>\n<td style=\"width: auto!important;\">Krista Parmakoski \ud83c\uddeb\ud83c\uddee<\/td>\n<\/tr>\n<tr class=\"\">\n<td style=\"width:auto!important;\">37<\/td>\n<td style=\"width: auto!important;\">Teesi Tuul \ud83c\uddea\ud83c\uddea<\/td>\n<\/tr>\n<tr class=\"\">\n<td style=\"width:auto!important;\">38<\/td>\n<td style=\"width: auto!important;\">Katharina Hennig Dotzler \ud83c\udde9\ud83c\uddea<\/td>\n<\/tr>\n<tr class=\"\">\n<td style=\"width:auto!important;\">39<\/td>\n<td style=\"width: auto!important;\">Nora Kytaja \ud83c\uddeb\ud83c\uddee<\/td>\n<\/tr>\n<tr class=\"\">\n<td style=\"width:auto!important;\">40<\/td>\n<td style=\"width: auto!important;\">Pia Fink \ud83c\udde9\ud83c\uddea<\/td>\n<\/tr>\n<tr class=\"\">\n<td style=\"width:auto!important;\">41<\/td>\n<td style=\"width: auto!important;\">Mariel Merlii Pulles \ud83c\uddea\ud83c\uddea<\/td>\n<\/tr>\n<tr class=\"\">\n<td style=\"width:auto!important;\">42<\/td>\n<td style=\"width: auto!important;\">Caterina Ganz \ud83c\uddee\ud83c\uddf9<\/td>\n<\/tr>\n<tr class=\"\">\n<td style=\"width:auto!important;\">43<\/td>\n<td style=\"width: auto!important;\">Oona Kettunen \ud83c\uddeb\ud83c\uddee<\/td>\n<\/tr>\n<tr class=\"\">\n<td style=\"width:auto!important;\">44<\/td>\n<td style=\"width: auto!important;\">Katherine Stewart-Jones \ud83c\udde8\ud83c\udde6<\/td>\n<\/tr>\n<tr class=\"\">\n<td style=\"width:auto!important;\">45<\/td>\n<td style=\"width: auto!important;\">Tiril Udnes Weng \ud83c\uddf3\ud83c\uddf4<\/td>\n<\/tr>\n<tr class=\"\">\n<td style=\"width:auto!important;\">46<\/td>\n<td style=\"width: auto!important;\">Sophia Laukli \ud83c\uddfa\ud83c\uddf8<\/td>\n<\/tr>\n<tr class=\"\">\n<td style=\"width:auto!important;\">47<\/td>\n<td style=\"width: auto!important;\">Hikari Miyazaki \ud83c\uddef\ud83c\uddf5<\/td>\n<\/tr>\n<tr class=\"\">\n<td style=\"width:auto!important;\">48<\/td>\n<td style=\"width: auto!important;\">Katerina Janatova \ud83c\udde8\ud83c\uddff<\/td>\n<\/tr>\n<tr class=\"\">\n<td style=\"width:auto!important;\">49<\/td>\n<td style=\"width: auto!important;\">Coletta Rydzek \ud83c\udde9\ud83c\uddea<\/td>\n<\/tr>\n<tr class=\"\">\n<td style=\"width:auto!important;\">50<\/td>\n<td style=\"width: auto!important;\">Teresa Stadlober \ud83c\udde6\ud83c\uddf9<\/td>\n<\/tr>\n<tr class=\"\">\n<td style=\"width:auto!important;\">51<\/td>\n<td style=\"width: auto!important;\">Patricija Eiduka \ud83c\uddf1\ud83c\uddfb<\/td>\n<\/tr>\n<tr class=\"\">\n<td style=\"width:auto!important;\">52<\/td>\n<td style=\"width: auto!important;\">Kerttu Niskanen \ud83c\uddeb\ud83c\uddee<\/td>\n<\/tr>\n<tr class=\"\">\n<td style=\"width:auto!important;\">53<\/td>\n<td style=\"width: auto!important;\">Chika Kobayashi \ud83c\uddef\ud83c\uddf5<\/td>\n<\/tr>\n<tr class=\"\">\n<td style=\"width:auto!important;\">54<\/td>\n<td style=\"width: auto!important;\">Ebba Andersson \ud83c\uddf8\ud83c\uddea<\/td>\n<\/tr>\n<tr class=\"\">\n<td style=\"width:auto!important;\">55<\/td>\n<td style=\"width: auto!important;\">Rosie Fordham \ud83c\udde6\ud83c\uddfa<\/td>\n<\/tr>\n<tr class=\"\">\n<td style=\"width:auto!important;\">56<\/td>\n<td style=\"width: auto!important;\">Moa Ilar \ud83c\uddf8\ud83c\uddea<\/td>\n<\/tr>\n<tr class=\"\">\n<td style=\"width:auto!important;\">57<\/td>\n<td style=\"width: auto!important;\">Alayna Sonnesyn \ud83c\uddfa\ud83c\uddf8<\/td>\n<\/tr>\n<tr class=\"\">\n<td style=\"width:auto!important;\">58<\/td>\n<td style=\"width: auto!important;\">Helen Hoffmann \ud83c\udde9\ud83c\uddea<\/td>\n<\/tr>\n<tr class=\"\">\n<td style=\"width:auto!important;\">59<\/td>\n<td style=\"width: auto!important;\">Katharina Brudermann \ud83c\udde6\ud83c\uddf9<\/td>\n<\/tr>\n<tr class=\"\">\n<td style=\"width:auto!important;\">60<\/td>\n<td style=\"width: auto!important;\">Kristin Austgulen Fosnaes \ud83c\uddf3\ud83c\uddf4<\/td>\n<\/tr>\n<tr class=\"\">\n<td style=\"width:auto!important;\">61<\/td>\n<td style=\"width: auto!important;\">Eui Jin Lee \ud83c\uddf0\ud83c\uddf7<\/td>\n<\/tr>\n<tr class=\"\">\n<td style=\"width:auto!important;\">62<\/td>\n<td style=\"width: auto!important;\">Angelina Shuryga \ud83c\uddf0\ud83c\uddff<\/td>\n<\/tr>\n<tr class=\"\">\n<td style=\"width:auto!important;\">63<\/td>\n<td style=\"width: auto!important;\">Sophia Tsu Velicer \ud83c\uddf9\ud83c\uddfc<\/td>\n<\/tr>\n<tr class=\"\">\n<td style=\"width:auto!important;\">64<\/td>\n<td style=\"width: auto!important;\">Hanna Ray \ud83c\uddeb\ud83c\uddee<\/td>\n<\/tr>\n<tr class=\"\">\n<td style=\"width:auto!important;\">65<\/td>\n<td style=\"width: auto!important;\">Andzelika Szyszka \ud83c\uddf5\ud83c\uddf1<\/td>\n<\/tr>\n<tr class=\"\">\n<td style=\"width:auto!important;\">66<\/td>\n<td style=\"width: auto!important;\">Ellen Soehol Lie \ud83c\udde6\ud83c\uddfa<\/td>\n<\/tr>\n<tr class=\"\">\n<td style=\"width:auto!important;\">67<\/td>\n<td style=\"width: auto!important;\">Anni Alakoski \ud83c\uddeb\ud83c\uddee<\/td>\n<\/tr>\n<tr class=\"\">\n<td style=\"width:auto!important;\">68<\/td>\n<td style=\"width: auto!important;\">Anna Melnik \ud83c\uddf0\ud83c\uddff<\/td>\n<\/tr>\n<tr class=\"\">\n<td style=\"width:auto!important;\">69<\/td>\n<td style=\"width: auto!important;\">Tuva Bygrave \ud83c\udde6\ud83c\uddfa<\/td>\n<\/tr>\n<tr class=\"\">\n<td style=\"width:auto!important;\">70<\/td>\n<td style=\"width: auto!important;\">Darya Ryazhko \ud83c\uddf0\ud83c\uddff<\/td>\n<\/tr>\n<tr class=\"\">\n<td style=\"width:auto!important;\">71<\/td>\n<td style=\"width: auto!important;\">Anastasiia Nikon \ud83c\uddfa\ud83c\udde6<\/td>\n<\/tr>\n<tr class=\"\">\n<td style=\"width:auto!important;\">72<\/td>\n<td style=\"width: auto!important;\">Sofiia Shkatula \ud83c\uddfa\ud83c\udde6<\/td>\n<\/tr>\n<tr class=\"\">\n<td style=\"width:auto!important;\">73<\/td>\n<td style=\"width: auto!important;\">Dinigeer Yilamujiang \ud83c\udde8\ud83c\uddf3<\/td>\n<\/tr>\n<tr class=\"\">\n<td style=\"width:auto!important;\">74<\/td>\n<td style=\"width: auto!important;\">Aleksandra Kolodziej \ud83c\uddf5\ud83c\uddf1<\/td>\n<\/tr>\n<tr class=\"\">\n<td style=\"width:auto!important;\">75<\/td>\n<td style=\"width: auto!important;\">Monika Skinder \ud83c\uddf5\ud83c\uddf1<\/td>\n<\/tr>\n<tr class=\"\">\n<td style=\"width:auto!important;\">76<\/td>\n<td style=\"width: auto!important;\">Yelizaveta Nopriienko \ud83c\uddfa\ud83c\udde6<\/td>\n<\/tr>\n<tr class=\"\">\n<td style=\"width:auto!important;\">77<\/td>\n<td style=\"width: auto!important;\">Kitija Auzina \ud83c\uddf1\ud83c\uddfb<\/td>\n<\/tr>\n<tr class=\"\">\n<td style=\"width:auto!important;\">78<\/td>\n<td style=\"width: auto!important;\">Maddie Hooker \ud83c\udde6\ud83c\uddfa<\/td>\n<\/tr>\n<tr class=\"\">\n<td style=\"width:auto!important;\">79<\/td>\n<td style=\"width: auto!important;\">Martina Flores \ud83c\udde8\ud83c\uddf1<\/td>\n<\/tr>\n<tr class=\"\">\n<td style=\"width:auto!important;\">80<\/td>\n<td style=\"width: auto!important;\">Karen Chanloung \ud83c\uddf9\ud83c\udded<\/td>\n<\/tr>\n<tr class=\"\">\n<td style=\"width:auto!important;\">81<\/td>\n<td style=\"width: auto!important;\">Bhavani Thekkada Nanjunda \ud83c\uddee\ud83c\uddf3<\/td>\n<\/tr>\n<p>Miehet 10 km (p)<\/p>\n<tr class=\"\">\n<td style=\"width:10%!important;\">#<\/td>\n<td style=\"width: auto!important;\">Urheilija<\/td>\n<\/tr>\n<tr class=\"\">\n<td style=\"width:10%!important;\">1<\/td>\n<td style=\"width: auto!important;\">Tucker Murphy \ud83c\udde7\ud83c\uddf2<\/td>\n<\/tr>\n<tr class=\"\">\n<td style=\"width:10%!important;\">2<\/td>\n<td style=\"width: auto!important;\">Edward Limbaga \ud83c\uddf5\ud83c\udded<\/td>\n<\/tr>\n<tr class=\"\">\n<td style=\"width:10%!important;\">3<\/td>\n<td style=\"width: auto!important;\">Jaime Luis Huerta Osorio \ud83c\uddf5\ud83c\uddea<\/td>\n<\/tr>\n<tr class=\"\">\n<td style=\"width:10%!important;\">4<\/td>\n<td style=\"width: auto!important;\">Victor Domingo Olsgard \ud83c\uddf5\ud83c\uddea<\/td>\n<\/tr>\n<tr class=\"\">\n<td style=\"width:10%!important;\">5<\/td>\n<td style=\"width: auto!important;\">Attila Mihaly Kertesz \ud83c\uddee\ud83c\uddf1<\/td>\n<\/tr>\n<tr class=\"\">\n<td style=\"width:10%!important;\">6<\/td>\n<td style=\"width: auto!important;\">Guillermo Racero \ud83c\uddfb\ud83c\uddea<\/td>\n<\/tr>\n<tr class=\"\">\n<td style=\"width:10%!important;\">7<\/td>\n<td style=\"width: auto!important;\">Klaus Jungbluth Rodriguez \ud83c\uddea\ud83c\udde8<\/td>\n<\/tr>\n<tr class=\"\">\n<td style=\"width:10%!important;\">8<\/td>\n<td style=\"width: auto!important;\">Nicolas Claveau-Laviolette \ud83c\uddfb\ud83c\uddea<\/td>\n<\/tr>\n<tr class=\"\">\n<td style=\"width:10%!important;\">9<\/td>\n<td style=\"width: auto!important;\">Adam Fellner \ud83c\udde8\ud83c\uddff<\/td>\n<\/tr>\n<tr class=\"\">\n<td style=\"width:10%!important;\">10<\/td>\n<td style=\"width: auto!important;\">Luke Jager \ud83c\uddfa\ud83c\uddf8<\/td>\n<\/tr>\n<tr class=\"\">\n<td style=\"width:10%!important;\">11<\/td>\n<td style=\"width: auto!important;\">Florian Knopf \ud83c\udde9\ud83c\uddea<\/td>\n<\/tr>\n<tr class=\"\">\n<td style=\"width:10%!important;\">12<\/td>\n<td style=\"width: auto!important;\">Leo Johansson \ud83c\uddf8\ud83c\uddea<\/td>\n<\/tr>\n<tr class=\"\">\n<td style=\"width:10%!important;\">13<\/td>\n<td style=\"width: auto!important;\">Martin Himma \ud83c\uddea\ud83c\uddea<\/td>\n<\/tr>\n<tr class=\"\">\n<td style=\"width:10%!important;\">14<\/td>\n<td style=\"width: auto!important;\">Petteri Koivisto \ud83c\uddeb\ud83c\uddee<\/td>\n<\/tr>\n<tr class=\"\">\n<td style=\"width:10%!important;\">15<\/td>\n<td style=\"width: auto!important;\">Alvar Myhlback \ud83c\uddf8\ud83c\uddea<\/td>\n<\/tr>\n<tr class=\"\">\n<td style=\"width:10%!important;\">16<\/td>\n<td style=\"width: auto!important;\">Takatsugu Uda \ud83c\uddef\ud83c\uddf5<\/td>\n<\/tr>\n<tr class=\"\">\n<td style=\"width:10%!important;\">17<\/td>\n<td style=\"width: auto!important;\">Jesper Persson \ud83c\uddf8\ud83c\uddea<\/td>\n<\/tr>\n<tr class=\"\">\n<td style=\"width:10%!important;\">18<\/td>\n<td style=\"width: auto!important;\">Perttu Hyvarinen \ud83c\uddeb\ud83c\uddee<\/td>\n<\/tr>\n<tr class=\"\">\n<td style=\"width:10%!important;\">19<\/td>\n<td style=\"width: auto!important;\">John Steel Hagenbuch \ud83c\uddfa\ud83c\uddf8<\/td>\n<\/tr>\n<tr class=\"\">\n<td style=\"width:10%!important;\">20<\/td>\n<td style=\"width: auto!important;\">Lauri Vuorinen \ud83c\uddeb\ud83c\uddee<\/td>\n<\/tr>\n<tr class=\"\">\n<td style=\"width:10%!important;\">21<\/td>\n<td style=\"width: auto!important;\">Markus Vuorela \ud83c\uddeb\ud83c\uddee<\/td>\n<\/tr>\n<tr class=\"\">\n<td style=\"width:10%!important;\">22<\/td>\n<td style=\"width: auto!important;\">Dominik Bury \ud83c\uddf5\ud83c\uddf1<\/td>\n<\/tr>\n<tr class=\"\">\n<td style=\"width:10%!important;\">23<\/td>\n<td style=\"width: auto!important;\">Eric Rosjoe \ud83c\uddf8\ud83c\uddea<\/td>\n<\/tr>\n<tr class=\"\">\n<td style=\"width:10%!important;\">24<\/td>\n<td style=\"width: auto!important;\">Clement Parisse \ud83c\uddeb\ud83c\uddf7<\/td>\n<\/tr>\n<tr class=\"\">\n<td style=\"width:10%!important;\">25<\/td>\n<td style=\"width: auto!important;\">Giovanni Ticco \ud83c\uddee\ud83c\uddf9<\/td>\n<\/tr>\n<tr class=\"\">\n<td style=\"width:10%!important;\">26<\/td>\n<td style=\"width: auto!important;\">Simone Dapra \ud83c\uddee\ud83c\uddf9<\/td>\n<\/tr>\n<tr class=\"\">\n<td style=\"width:10%!important;\">27<\/td>\n<td style=\"width: auto!important;\">Ville Ahonen \ud83c\uddeb\ud83c\uddee<\/td>\n<\/tr>\n<tr class=\"\">\n<td style=\"width:10%!important;\">28<\/td>\n<td style=\"width: auto!important;\">Beda Klee \ud83c\udde8\ud83c\udded<\/td>\n<\/tr>\n<tr class=\"\">\n<td style=\"width:10%!important;\">29<\/td>\n<td style=\"width: auto!important;\">Jason Rueesch \ud83c\udde8\ud83c\udded<\/td>\n<\/tr>\n<tr class=\"\">\n<td style=\"width:10%!important;\">30<\/td>\n<td style=\"width: auto!important;\">Edvard Sandvik \ud83c\uddf3\ud83c\uddf4<\/td>\n<\/tr>\n<tr class=\"\">\n<td style=\"width:10%!important;\">31<\/td>\n<td style=\"width: auto!important;\">Janosch Brugger \ud83c\udde9\ud83c\uddea<\/td>\n<\/tr>\n<tr class=\"\">\n<td style=\"width:10%!important;\">32<\/td>\n<td style=\"width: auto!important;\">Thomas Maloney Westgaard \ud83c\uddee\ud83c\uddea<\/td>\n<\/tr>\n<tr class=\"\">\n<td style=\"width:10%!important;\">33<\/td>\n<td style=\"width: auto!important;\">Niko Anttola \ud83c\uddeb\ud83c\uddee<\/td>\n<\/tr>\n<tr class=\"\">\n<td style=\"width:10%!important;\">34<\/td>\n<td style=\"width: auto!important;\">Paolo Ventura \ud83c\uddee\ud83c\uddf9<\/td>\n<\/tr>\n<tr class=\"\">\n<td style=\"width:10%!important;\">35<\/td>\n<td style=\"width: auto!important;\">Ristomatti Hakola \ud83c\uddeb\ud83c\uddee<\/td>\n<\/tr>\n<tr class=\"\">\n<td style=\"width:10%!important;\">36<\/td>\n<td style=\"width: auto!important;\">Remi Bourdin \ud83c\uddeb\ud83c\uddf7<\/td>\n<\/tr>\n<tr class=\"\">\n<td style=\"width:10%!important;\">37<\/td>\n<td style=\"width: auto!important;\">Alvar Johannes Alev \ud83c\uddea\ud83c\uddea<\/td>\n<\/tr>\n<tr class=\"\">\n<td style=\"width:10%!important;\">38<\/td>\n<td style=\"width: auto!important;\">Naoto Baba \ud83c\uddef\ud83c\uddf5<\/td>\n<\/tr>\n<tr class=\"\">\n<td style=\"width:10%!important;\">39<\/td>\n<td style=\"width: auto!important;\">Victor Lovera \ud83c\uddeb\ud83c\uddf7<\/td>\n<\/tr>\n<tr class=\"\">\n<td style=\"width:10%!important;\">40<\/td>\n<td style=\"width: auto!important;\">Mattis Stenshagen \ud83c\uddf3\ud83c\uddf4<\/td>\n<\/tr>\n<tr class=\"\">\n<td style=\"width:10%!important;\">41<\/td>\n<td style=\"width: auto!important;\">Gustaf Berglund \ud83c\uddf8\ud83c\uddea<\/td>\n<\/tr>\n<tr class=\"\">\n<td style=\"width:10%!important;\">42<\/td>\n<td style=\"width: auto!important;\">Davide Graz \ud83c\uddee\ud83c\uddf9<\/td>\n<\/tr>\n<tr class=\"\">\n<td style=\"width:10%!important;\">43<\/td>\n<td style=\"width: auto!important;\">Ireneu Esteve Altimiras \ud83c\udde6\ud83c\udde9<\/td>\n<\/tr>\n<tr class=\"\">\n<td style=\"width:10%!important;\">44<\/td>\n<td style=\"width: auto!important;\">Zanden McMullen \ud83c\uddfa\ud83c\uddf8<\/td>\n<\/tr>\n<tr class=\"\">\n<td style=\"width:10%!important;\">45<\/td>\n<td style=\"width: auto!important;\">Didrik Toenseth \ud83c\uddf3\ud83c\uddf4<\/td>\n<\/tr>\n<tr class=\"\">\n<td style=\"width:10%!important;\">46<\/td>\n<td style=\"width: auto!important;\">Elia Barp \ud83c\uddee\ud83c\uddf9<\/td>\n<\/tr>\n<tr class=\"\">\n<td style=\"width:10%!important;\">47<\/td>\n<td style=\"width: auto!important;\">Jules Lapierre \ud83c\uddeb\ud83c\uddf7<\/td>\n<\/tr>\n<tr class=\"\">\n<td style=\"width:10%!important;\">48<\/td>\n<td style=\"width: auto!important;\">Ben Ogden \ud83c\uddfa\ud83c\uddf8<\/td>\n<\/tr>\n<tr class=\"\">\n<td style=\"width:10%!important;\">49<\/td>\n<td style=\"width: auto!important;\">Michal Novak \ud83c\udde8\ud83c\uddff<\/td>\n<\/tr>\n<tr class=\"\">\n<td style=\"width:10%!important;\">50<\/td>\n<td style=\"width: auto!important;\">Valerio Grond \ud83c\udde8\ud83c\udded<\/td>\n<\/tr>\n<tr class=\"\">\n<td style=\"width:10%!important;\">51<\/td>\n<td style=\"width: auto!important;\">Iivo Niskanen \ud83c\uddeb\ud83c\uddee<\/td>\n<\/tr>\n<tr class=\"\">\n<td style=\"width:10%!important;\">52<\/td>\n<td style=\"width: auto!important;\">Henri Roos \ud83c\uddea\ud83c\uddea<\/td>\n<\/tr>\n<tr class=\"\">\n<td style=\"width:10%!important;\">53<\/td>\n<td style=\"width: auto!important;\">Edvin Anger \ud83c\uddf8\ud83c\uddea<\/td>\n<\/tr>\n<tr class=\"\">\n<td style=\"width:10%!important;\">54<\/td>\n<td style=\"width: auto!important;\">Eero Rantala \ud83c\uddeb\ud83c\uddee<\/td>\n<\/tr>\n<tr class=\"\">\n<td style=\"width:10%!important;\">55<\/td>\n<td style=\"width: auto!important;\">Friedrich Moch \ud83c\udde9\ud83c\uddea<\/td>\n<\/tr>\n<tr class=\"\">\n<td style=\"width:10%!important;\">56<\/td>\n<td style=\"width: auto!important;\">Oleksandr Lisohor \ud83c\uddfa\ud83c\udde6<\/td>\n<\/tr>\n<tr class=\"\">\n<td style=\"width:10%!important;\">57<\/td>\n<td style=\"width: auto!important;\">Erik Valnes \ud83c\uddf3\ud83c\uddf4<\/td>\n<\/tr>\n<tr class=\"\">\n<td style=\"width:10%!important;\">58<\/td>\n<td style=\"width: auto!important;\">Raimo Vigants \ud83c\uddf1\ud83c\uddfb<\/td>\n<\/tr>\n<tr class=\"\">\n<td style=\"width:10%!important;\">59<\/td>\n<td style=\"width: auto!important;\">Harald Oestberg Amundsen \ud83c\uddf3\ud83c\uddf4<\/td>\n<\/tr>\n<tr class=\"\">\n<td style=\"width:10%!important;\">60<\/td>\n<td style=\"width: auto!important;\">Tomas Dufek \ud83c\udde8\ud83c\uddff<\/td>\n<\/tr>\n<tr class=\"\">\n<td style=\"width:10%!important;\">61<\/td>\n<td style=\"width: auto!important;\">Federico Pellegrino \ud83c\uddee\ud83c\uddf9<\/td>\n<\/tr>\n<tr class=\"\">\n<td style=\"width:10%!important;\">62<\/td>\n<td style=\"width: auto!important;\">Daito Yamazaki \ud83c\uddef\ud83c\uddf5<\/td>\n<\/tr>\n<tr class=\"\">\n<td style=\"width:10%!important;\">63<\/td>\n<td style=\"width: auto!important;\">Mika Vermeulen \ud83c\udde6\ud83c\uddf9<\/td>\n<\/tr>\n<tr class=\"\">\n<td style=\"width:10%!important;\">64<\/td>\n<td style=\"width: auto!important;\">Christopher Kalev \ud83c\uddea\ud83c\uddea<\/td>\n<\/tr>\n<tr class=\"\">\n<td style=\"width:10%!important;\">65<\/td>\n<td style=\"width: auto!important;\">Hugo Lapalus \ud83c\uddeb\ud83c\uddf7<\/td>\n<\/tr>\n<tr class=\"\">\n<td style=\"width:10%!important;\">66<\/td>\n<td style=\"width: auto!important;\">Alexander Stahlberg \ud83c\uddeb\ud83c\uddee<\/td>\n<\/tr>\n<tr class=\"\">\n<td style=\"width:10%!important;\">67<\/td>\n<td style=\"width: auto!important;\">Johannes Hoesflot Klaebo \ud83c\uddf3\ud83c\uddf4<\/td>\n<\/tr>\n<tr class=\"\">\n<td style=\"width:10%!important;\">68<\/td>\n<td style=\"width: auto!important;\">Miha Licef \ud83c\uddf8\ud83c\uddee<\/td>\n<\/tr>\n<tr class=\"\">\n<td style=\"width:10%!important;\">69<\/td>\n<td style=\"width: auto!important;\">Mathis Desloges \ud83c\uddeb\ud83c\uddf7<\/td>\n<\/tr>\n<tr class=\"\">\n<td style=\"width:10%!important;\">70<\/td>\n<td style=\"width: auto!important;\">Matyas Bauer \ud83c\udde8\ud83c\uddff<\/td>\n<\/tr>\n<tr class=\"\">\n<td style=\"width:10%!important;\">71<\/td>\n<td style=\"width: auto!important;\">Andrew Musgrave \ud83c\uddec\ud83c\udde7<\/td>\n<\/tr>\n<tr class=\"\">\n<td style=\"width:10%!important;\">72<\/td>\n<td style=\"width: auto!important;\">Elias Keck \ud83c\udde9\ud83c\uddea<\/td>\n<\/tr>\n<tr class=\"\">\n<td style=\"width:10%!important;\">73<\/td>\n<td style=\"width: auto!important;\">Gus Schumacher \ud83c\uddfa\ud83c\uddf8<\/td>\n<\/tr>\n<tr class=\"\">\n<td style=\"width:10%!important;\">74<\/td>\n<td style=\"width: auto!important;\">JC Schoonmaker \ud83c\uddfa\ud83c\uddf8<\/td>\n<\/tr>\n<tr class=\"\">\n<td style=\"width:10%!important;\">75<\/td>\n<td style=\"width: auto!important;\">Andreas Fjorden Ree \ud83c\uddf3\ud83c\uddf4<\/td>\n<\/tr>\n<tr class=\"\">\n<td style=\"width:10%!important;\">76<\/td>\n<td style=\"width: auto!important;\">Jan Stoelben \ud83c\udde9\ud83c\uddea<\/td>\n<\/tr>\n<tr class=\"\">\n<td style=\"width:10%!important;\">77<\/td>\n<td style=\"width: auto!important;\">Arsi Ruuskanen \ud83c\uddeb\ud83c\uddee<\/td>\n<\/tr>\n<tr class=\"\">\n<td style=\"width:10%!important;\">78<\/td>\n<td style=\"width: auto!important;\">Zak Ketterson \ud83c\uddfa\ud83c\uddf8<\/td>\n<\/tr>\n<tr class=\"\">\n<td style=\"width:10%!important;\">79<\/td>\n<td style=\"width: auto!important;\">Martin Loewstroem Nyenget \ud83c\uddf3\ud83c\uddf4<\/td>\n<\/tr>\n<tr class=\"\">\n<td style=\"width:10%!important;\">80<\/td>\n<td style=\"width: auto!important;\">Vladislav Kovalyov \ud83c\uddf0\ud83c\uddff<\/td>\n<\/tr>\n<tr class=\"\">\n<td style=\"width:10%!important;\">81<\/td>\n<td style=\"width: auto!important;\">Vitaliy Pukhkalo \ud83c\uddf0\ud83c\uddff<\/td>\n<\/tr>\n<tr class=\"\">\n<td style=\"width:10%!important;\">82<\/td>\n<td style=\"width: auto!important;\">Sho Kasahara \ud83c\uddef\ud83c\uddf5<\/td>\n<\/tr>\n<tr class=\"\">\n<td style=\"width:10%!important;\">83<\/td>\n<td style=\"width: auto!important;\">Piotr Jarecki \ud83c\uddf5\ud83c\uddf1<\/td>\n<\/tr>\n<tr class=\"\">\n<td style=\"width:10%!important;\">84<\/td>\n<td style=\"width: auto!important;\">Valeriy Gontar \ud83c\uddf8\ud83c\uddee<\/td>\n<\/tr>\n<tr class=\"\">\n<td style=\"width:10%!important;\">85<\/td>\n<td style=\"width: auto!important;\">Yernar Nursbekov \ud83c\uddf0\ud83c\uddff<\/td>\n<\/tr>\n<tr class=\"\">\n<td style=\"width:10%!important;\">86<\/td>\n<td style=\"width: auto!important;\">Lauris Kaparkalejs \ud83c\uddf1\ud83c\uddfb<\/td>\n<\/tr>\n<tr class=\"\">\n<td style=\"width:10%!important;\">87<\/td>\n<td style=\"width: auto!important;\">Seve De Campo \ud83c\udde6\ud83c\uddfa<\/td>\n<\/tr>\n<tr class=\"\">\n<td style=\"width:10%!important;\">88<\/td>\n<td style=\"width: auto!important;\">Sebastian Bryja \ud83c\uddf5\ud83c\uddf1<\/td>\n<\/tr>\n<tr class=\"\">\n<td style=\"width:10%!important;\">89<\/td>\n<td style=\"width: auto!important;\">Jiri Tuz \ud83c\udde8\ud83c\uddff<\/td>\n<\/tr>\n<tr class=\"\">\n<td style=\"width:10%!important;\">90<\/td>\n<td style=\"width: auto!important;\">Dmytro Drahun \ud83c\uddfa\ud83c\udde6<\/td>\n<\/tr>\n<tr class=\"\">\n<td style=\"width:10%!important;\">91<\/td>\n<td style=\"width: auto!important;\">Phillip Bellingham \ud83c\udde6\ud83c\uddfa<\/td>\n<\/tr>\n<tr class=\"\">\n<td style=\"width:10%!important;\">92<\/td>\n<td style=\"width: auto!important;\">Joonseo Lee \ud83c\uddf0\ud83c\uddf7<\/td>\n<\/tr>\n<tr class=\"\">\n<td style=\"width:10%!important;\">93<\/td>\n<td style=\"width: auto!important;\">Ji Yeong Byun \ud83c\uddf0\ud83c\uddf7<\/td>\n<\/tr>\n<tr class=\"\">\n<td style=\"width:10%!important;\">94<\/td>\n<td style=\"width: auto!important;\">Mikayel Mikayelyan \ud83c\udde6\ud83c\uddf2<\/td>\n<\/tr>\n<tr class=\"\">\n<td style=\"width:10%!important;\">95<\/td>\n<td style=\"width: auto!important;\">Mark Chanloung \ud83c\uddf9\ud83c\udded<\/td>\n<\/tr>\n<tr class=\"\">\n<td style=\"width:10%!important;\">96<\/td>\n<td style=\"width: auto!important;\">Ruslan Denysenko \ud83c\uddfa\ud83c\udde6<\/td>\n<\/tr>\n<tr class=\"\">\n<td style=\"width:10%!important;\">97<\/td>\n<td style=\"width: auto!important;\">Iliyas Issabek \ud83c\uddf0\ud83c\uddff<\/td>\n<\/tr>\n<tr class=\"\">\n<td style=\"width:10%!important;\">98<\/td>\n<td style=\"width: auto!important;\">Niks Saulitis \ud83c\uddf1\ud83c\uddfb<\/td>\n<\/tr>\n<tr class=\"\">\n<td style=\"width:10%!important;\">99<\/td>\n<td style=\"width: auto!important;\">Leevi Tarjanne \ud83c\uddeb\ud83c\uddee<\/td>\n<\/tr>\n<tr class=\"\">\n<td style=\"width:10%!important;\">100<\/td>\n<td style=\"width: auto!important;\">Spartak Voskanyan \ud83c\udde6\ud83c\uddf2<\/td>\n<\/tr>\n<tr class=\"\">\n<td style=\"width:10%!important;\">101<\/td>\n<td style=\"width: auto!important;\">Dmytro Romanchenko \ud83c\uddfa\ud83c\udde6<\/td>\n<\/tr>\n<tr class=\"\">\n<td style=\"width:10%!important;\">102<\/td>\n<td style=\"width: auto!important;\">Adam Konya \ud83c\udded\ud83c\uddfa<\/td>\n<\/tr>\n<tr class=\"\">\n<td style=\"width:10%!important;\">103<\/td>\n<td style=\"width: auto!important;\">Rongsheng Liu \ud83c\udde8\ud83c\uddf3<\/td>\n<\/tr>\n<tr class=\"\">\n<td style=\"width:10%!important;\">104<\/td>\n<td style=\"width: auto!important;\">Bentley Walker-Broose \ud83c\udde6\ud83c\uddfa<\/td>\n<\/tr>\n<tr class=\"\">\n<td style=\"width:10%!important;\">105<\/td>\n<td style=\"width: auto!important;\">Tautvydas Strolia \ud83c\uddf1\ud83c\uddf9<\/td>\n<\/tr>\n<tr class=\"\">\n<td style=\"width:10%!important;\">106<\/td>\n<td style=\"width: auto!important;\">Entemake Maowulietibieke \ud83c\udde8\ud83c\uddf3<\/td>\n<\/tr>\n<tr class=\"\">\n<td style=\"width:10%!important;\">107<\/td>\n<td style=\"width: auto!important;\">Fedele De Campo \ud83c\udde6\ud83c\uddfa<\/td>\n<\/tr>\n<tr class=\"\">\n<td style=\"width:10%!important;\">108<\/td>\n<td style=\"width: auto!important;\">Degen Chen \ud83c\udde8\ud83c\uddf3<\/td>\n<\/tr>\n<tr class=\"\">\n<td style=\"width:10%!important;\">109<\/td>\n<td style=\"width: auto!important;\">Marko Skender \ud83c\udded\ud83c\uddf7<\/td>\n<\/tr>\n","protected":false},"excerpt":{"rendered":"Hiihdon maailmancup -kausi 2025-2026 k\u00e4ynnistyy perjantaina Rukalla. T\u00e4ss\u00e4 l\u00e4ht\u00f6listat naisten ja miesten 10 km (p) v\u00e4liaikal\u00e4ht\u00f6ihin. Olympialaiset sis\u00e4lt\u00e4v\u00e4n&hellip;\n","protected":false},"author":2,"featured_media":101943,"comment_status":"","ping_status":"","sticky":false,"template":"","format":"standard","meta":{"footnotes":""},"categories":[158],"tags":[33,31,30,159,32,160],"class_list":{"0":"post-101942","1":"post","2":"type-post","3":"status-publish","4":"format-standard","5":"has-post-thumbnail","7":"category-urheilu","8":"tag-fi","9":"tag-finland","10":"tag-finnish","11":"tag-sports","12":"tag-suomi","13":"tag-urheilu"},"share_on_mastodon":{"url":"https:\/\/pubeurope.com\/@fi\/115624787557058916","error":""},"_links":{"self":[{"href":"https:\/\/www.europesays.com\/fi\/wp-json\/wp\/v2\/posts\/101942","targetHints":{"allow":["GET"]}}],"collection":[{"href":"https:\/\/www.europesays.com\/fi\/wp-json\/wp\/v2\/posts"}],"about":[{"href":"https:\/\/www.europesays.com\/fi\/wp-json\/wp\/v2\/types\/post"}],"author":[{"embeddable":true,"href":"https:\/\/www.europesays.com\/fi\/wp-json\/wp\/v2\/users\/2"}],"replies":[{"embeddable":true,"href":"https:\/\/www.europesays.com\/fi\/wp-json\/wp\/v2\/comments?post=101942"}],"version-history":[{"count":0,"href":"https:\/\/www.europesays.com\/fi\/wp-json\/wp\/v2\/posts\/101942\/revisions"}],"wp:featuredmedia":[{"embeddable":true,"href":"https:\/\/www.europesays.com\/fi\/wp-json\/wp\/v2\/media\/101943"}],"wp:attachment":[{"href":"https:\/\/www.europesays.com\/fi\/wp-json\/wp\/v2\/media?parent=101942"}],"wp:term":[{"taxonomy":"category","embeddable":true,"href":"https:\/\/www.europesays.com\/fi\/wp-json\/wp\/v2\/categories?post=101942"},{"taxonomy":"post_tag","embeddable":true,"href":"https:\/\/www.europesays.com\/fi\/wp-json\/wp\/v2\/tags?post=101942"}],"curies":[{"name":"wp","href":"https:\/\/api.w.org\/{rel}","templated":true}]}}