{"id":101957,"date":"2025-11-28T02:13:11","date_gmt":"2025-11-28T02:13:11","guid":{"rendered":"https:\/\/www.europesays.com\/fi\/101957\/"},"modified":"2025-11-28T02:13:11","modified_gmt":"2025-11-28T02:13:11","slug":"tata-teboilin-hyytyminen-tekee-rekat-tankkaavat-matalan-lipan-alta-maksuliikenne-seis-maaseudun-tulevaisuus","status":"publish","type":"post","link":"https:\/\/www.europesays.com\/fi\/101957\/","title":{"rendered":"T\u00e4t\u00e4 Teboilin hyytyminen tekee: Rekat tankkaavat matalan lipan alta, maksuliikenne seis &#8211; Maaseudun Tulevaisuus"},"content":{"rendered":"<ol>\n<li><a href=\"https:\/\/news.google.com\/rss\/articles\/CBMihwFBVV95cUxNVFozUllrMWtRcDFkaDVVd3o5UjhxMTNxVy1RVVZ6MzlCcE96NTdYeUo4WUxETjdrMTNvWmRUTXZELXc2MUd6dzczaEpvd0hXeVcxN2k1ckpfZ3UySDRrQk1jNkFyZWxMMGk4TWJiT3IxMUFxQ0VTSTd3enBVbXVjSDZXSVhpWmc?oc=5\" target=\"_blank\" rel=\"nofollow noopener\">T\u00e4t\u00e4 Teboilin hyytyminen tekee: Rekat tankkaavat matalan lipan alta, maksuliikenne seis<\/a>&nbsp;&nbsp;Maaseudun Tulevaisuus<\/li>\n<li><a href=\"https:\/\/news.google.com\/rss\/articles\/CBMiWkFVX3lxTE5BRlNlZXBXWHptN2Q3bFBtMUQ0V2xXSDhvVEpNNXl1VHFhT2xIVHgwY1M4S0s3bEExaURERkRVQUxWVVZQcmNIcE0yQkNMZWtLblRBdU03S3ZKUQ?oc=5\" target=\"_blank\" rel=\"nofollow noopener\">Suurl\u00e4hetyst\u00f6 varoitti ministeri\u00f6t\u00e4 Teboilien sulkemisesta \u2013 Suomea koskevaa ohjetta muutettu<\/a>&nbsp;&nbsp;Ilta-Sanomat<\/li>\n<li><a href=\"https:\/\/news.google.com\/rss\/articles\/CBMiQkFVX3lxTE9Db0hwX0NscnlWd3ZXNEIzMHhQcDIzclp1Z2RnNFBIU1AyWnhGZno0Sm45VkVGcFJqYU96eEFsTHFvQQ?oc=5\" target=\"_blank\" rel=\"nofollow noopener\">Kanta-asiakkaat kannattelevat nyt Teboilia Lappeenrannassa \u2013 Ven\u00e4j\u00e4-kytk\u00f6s yll\u00e4tti yritt\u00e4j\u00e4n | Etel\u00e4-Karjala<\/a>&nbsp;&nbsp;Yle<\/li>\n<li><a href=\"https:\/\/news.google.com\/rss\/articles\/CBMiW0FVX3lxTE50NGRPZ3lkTmJvZER0ckZHMzduV04tSXJkTEp6TTVoM1JhOXZ1Nzc2Q3ZWVEdRbkE2cTJqQTlhaEpVa1BrUkx3aHlVdWk4eFlodmtuMDJ2YnpObk0?oc=5\" target=\"_blank\" rel=\"nofollow noopener\">&#8221;Pit\u00e4\u00e4 varmaan nuotio tehd\u00e4 ty\u00f6maan laitaan&#8221;, n\u00e4in lounastajat kommentoivat Rastaantien sulkeutumista<\/a>&nbsp;&nbsp;Savon Sanomat<\/li>\n<li><a href=\"https:\/\/news.google.com\/rss\/articles\/CBMiWEFVX3lxTE1CT29FbHhaaFZXRW15TnN0VDJlM2VDck50cl9IMmhPZWRuMmFWNWZnWWhRVXVaTEpmNDR2aWxsNDI4N1dfbktZOEY5NXBBSkJ1WG43aWdzdVI?oc=5\" target=\"_blank\" rel=\"nofollow noopener\">TE: Teboililla on 283 miljoonan euron velat<\/a>&nbsp;&nbsp;L\u00e4nsiv\u00e4yl\u00e4<\/li>\n<\/ol>\n","protected":false},"excerpt":{"rendered":"T\u00e4t\u00e4 Teboilin hyytyminen tekee: Rekat tankkaavat matalan lipan alta, maksuliikenne seis&nbsp;&nbsp;Maaseudun Tulevaisuus Suurl\u00e4hetyst\u00f6 varoitti ministeri\u00f6t\u00e4 Teboilien sulkemisesta \u2013&hellip;\n","protected":false},"author":2,"featured_media":101958,"comment_status":"","ping_status":"","sticky":false,"template":"","format":"standard","meta":{"footnotes":""},"categories":[14],"tags":[22,23,26,27,33,31,30,17,24,25,28,29,15,18,21,32,19,20,56,16,59,60,61],"class_list":{"0":"post-101957","1":"post","2":"type-post","3":"status-publish","4":"format-standard","5":"has-post-thumbnail","7":"category-ulkomaat","8":"tag-breaking-news","9":"tag-breakingnews","10":"tag-featured-news","11":"tag-featurednews","12":"tag-fi","13":"tag-finland","14":"tag-finnish","15":"tag-headlines","16":"tag-latest-news","17":"tag-latestnews","18":"tag-main-news","19":"tag-mainnews","20":"tag-news","21":"tag-otsikot","22":"tag-paauutiset","23":"tag-suomi","24":"tag-top-stories","25":"tag-topstories","26":"tag-ulkomaat","27":"tag-uutiset","28":"tag-world","29":"tag-world-news","30":"tag-worldnews"},"share_on_mastodon":{"url":"https:\/\/pubeurope.com\/@fi\/115624909465230479","error":""},"_links":{"self":[{"href":"https:\/\/www.europesays.com\/fi\/wp-json\/wp\/v2\/posts\/101957","targetHints":{"allow":["GET"]}}],"collection":[{"href":"https:\/\/www.europesays.com\/fi\/wp-json\/wp\/v2\/posts"}],"about":[{"href":"https:\/\/www.europesays.com\/fi\/wp-json\/wp\/v2\/types\/post"}],"author":[{"embeddable":true,"href":"https:\/\/www.europesays.com\/fi\/wp-json\/wp\/v2\/users\/2"}],"replies":[{"embeddable":true,"href":"https:\/\/www.europesays.com\/fi\/wp-json\/wp\/v2\/comments?post=101957"}],"version-history":[{"count":0,"href":"https:\/\/www.europesays.com\/fi\/wp-json\/wp\/v2\/posts\/101957\/revisions"}],"wp:featuredmedia":[{"embeddable":true,"href":"https:\/\/www.europesays.com\/fi\/wp-json\/wp\/v2\/media\/101958"}],"wp:attachment":[{"href":"https:\/\/www.europesays.com\/fi\/wp-json\/wp\/v2\/media?parent=101957"}],"wp:term":[{"taxonomy":"category","embeddable":true,"href":"https:\/\/www.europesays.com\/fi\/wp-json\/wp\/v2\/categories?post=101957"},{"taxonomy":"post_tag","embeddable":true,"href":"https:\/\/www.europesays.com\/fi\/wp-json\/wp\/v2\/tags?post=101957"}],"curies":[{"name":"wp","href":"https:\/\/api.w.org\/{rel}","templated":true}]}}