{"id":101959,"date":"2025-11-28T02:14:08","date_gmt":"2025-11-28T02:14:08","guid":{"rendered":"https:\/\/www.europesays.com\/fi\/101959\/"},"modified":"2025-11-28T02:14:08","modified_gmt":"2025-11-28T02:14:08","slug":"kampin-kappelista-aloitetaan-myyntineuvottelut-hs-fi","status":"publish","type":"post","link":"https:\/\/www.europesays.com\/fi\/101959\/","title":{"rendered":"Kampin kappelista aloitetaan myyntineuvottelut | HS.fi"},"content":{"rendered":"<p>Helsinki|Helsingin seurakuntayhtym\u00e4 ryhtyy kartoittamaan sopivia ostajia hiljentymiskappelille.<\/p>\n<p>27.11. 20:01<\/p>\n<p class=\"article-body mb-nof-24 px-nof-16\">Helsingin seurakuntayhtym\u00e4n yhteinen kirkkoneuvosto p\u00e4\u00e4tti torstain kokouksessaan antaa luvan Kampin kappelin myyntineuvotteluiden aloittamiseksi.<\/p>\n<p class=\"article-body mb-nof-24 px-nof-16\">\u201dNyt kartoitetaan markkina ja katsotaan millaisia ostajatahoja Kampin kappelille voisi l\u00f6yty\u00e4\u201d, sanoo Helsingin seurakuntayhtym\u00e4n johtaja <a class=\"article-personlink\" href=\"https:\/\/www.hs.fi\/haku\/?query=Juha%20Rintam%C3%A4ki\" rel=\"nofollow noopener\" target=\"_blank\">Juha Rintam\u00e4ki<\/a>.<\/p>\n<p class=\"article-body mb-nof-24 px-nof-16\">Aiemmin torstaina Rintam\u00e4ki kertoi <a class=\"article-genericlink\" href=\"https:\/\/www.hs.fi\/helsinki\/art-2000011653854.html\" rel=\"nofollow noopener\" target=\"_blank\">HS:lle<\/a>, ett\u00e4 ihan kenelle tahansa kappelia ei myyd\u00e4.<\/p>\n<p class=\"article-body mb-nof-24 px-nof-16\">Rintam\u00e4ki haluaisi tulevan omistajan olevan sellainen, joka \u201ds\u00e4ilytt\u00e4isi kappelin arvoisessaan toiminnassa\u201d. Ensisijaisessa haussa on toimija, joka jatkaisi tiloissa hengellist\u00e4 ja kulttuurista toimintaa.<\/p>\n<p class=\"article-body mb-nof-24 px-nof-16\">\u201dL\u00e4hdet\u00e4\u00e4n liikkeelle siit\u00e4, ett\u00e4 mik\u00e4li Kampin kappeli myyd\u00e4\u00e4n, niin se s\u00e4ilyy sellaisessa arvossaan mihin se on rakennettukin.\u201d<\/p>\n<p class=\"article-body mb-nof-24 px-nof-16\">Rintam\u00e4en mukaan kappelista ei ole viel\u00e4 k\u00e4yty mink\u00e4\u00e4n tahon kanssa neuvotteluja, mutta erilaista kartoitusta on tehty. Myyntineuvotteluista vastaa Helsingin seurakuntayhtym\u00e4n kiinteist\u00f6johtaja <a class=\"article-personlink\" href=\"https:\/\/www.hs.fi\/haku\/?query=Osmo%20Rasimus%E2%80%8D%E2%80%8D\" rel=\"nofollow noopener\" target=\"_blank\">Osmo Rasimus\u200d\u200d<\/a>.<\/p>\n<p class=\"article-body mb-nof-24 px-nof-16\">Samalla kirkkoneuvosto my\u00f6s p\u00e4\u00e4tti ryhty\u00e4 etsim\u00e4\u00e4n ratkaisua, jolla Suomenlinnan kirkko ja Mikael Agricolan kirkko s\u00e4ilyisiv\u00e4t jatkossakin Helsingin seurakuntayhtym\u00e4n omistuksessa.<\/p>\n<p class=\"article-body mb-nof-24 px-nof-16\">Seurakuntayhtym\u00e4ll\u00e4 on Helsingiss\u00e4 noin 230 rakennusta ja vajaa 150\u202f000 kerrosneli\u00f6t\u00e4.<\/p>\n<p class=\"article-body mb-nof-24 px-nof-16\">\u201dOn asetettu tavoitteeksi, ett\u00e4 noin 40\u202f000 neli\u00f6t\u00e4 v\u00e4hennet\u00e4\u00e4n, jotta me pystyt\u00e4\u00e4n pit\u00e4m\u00e4\u00e4n j\u00e4ljell\u00e4 j\u00e4\u00e4v\u00e4st\u00e4 kiinteist\u00f6kannasta hyv\u00e4 huoli, ja ett\u00e4 rakennuksia olisi eri puolin Helsinki\u00e4.\u201d<\/p>\n","protected":false},"excerpt":{"rendered":"Helsinki|Helsingin seurakuntayhtym\u00e4 ryhtyy kartoittamaan sopivia ostajia hiljentymiskappelille. 27.11. 20:01 Helsingin seurakuntayhtym\u00e4n yhteinen kirkkoneuvosto p\u00e4\u00e4tti torstain kokouksessaan antaa luvan&hellip;\n","protected":false},"author":2,"featured_media":101960,"comment_status":"","ping_status":"","sticky":false,"template":"","format":"standard","meta":{"footnotes":""},"categories":[12],"tags":[22,23,26,27,33,31,30,17,46,24,25,28,29,15,18,21,32,19,20,16],"class_list":{"0":"post-101959","1":"post","2":"type-post","3":"status-publish","4":"format-standard","5":"has-post-thumbnail","7":"category-suomi","8":"tag-breaking-news","9":"tag-breakingnews","10":"tag-featured-news","11":"tag-featurednews","12":"tag-fi","13":"tag-finland","14":"tag-finnish","15":"tag-headlines","16":"tag-helsingin-sanomat","17":"tag-latest-news","18":"tag-latestnews","19":"tag-main-news","20":"tag-mainnews","21":"tag-news","22":"tag-otsikot","23":"tag-paauutiset","24":"tag-suomi","25":"tag-top-stories","26":"tag-topstories","27":"tag-uutiset"},"share_on_mastodon":{"url":"https:\/\/pubeurope.com\/@fi\/115624913370991665","error":""},"_links":{"self":[{"href":"https:\/\/www.europesays.com\/fi\/wp-json\/wp\/v2\/posts\/101959","targetHints":{"allow":["GET"]}}],"collection":[{"href":"https:\/\/www.europesays.com\/fi\/wp-json\/wp\/v2\/posts"}],"about":[{"href":"https:\/\/www.europesays.com\/fi\/wp-json\/wp\/v2\/types\/post"}],"author":[{"embeddable":true,"href":"https:\/\/www.europesays.com\/fi\/wp-json\/wp\/v2\/users\/2"}],"replies":[{"embeddable":true,"href":"https:\/\/www.europesays.com\/fi\/wp-json\/wp\/v2\/comments?post=101959"}],"version-history":[{"count":0,"href":"https:\/\/www.europesays.com\/fi\/wp-json\/wp\/v2\/posts\/101959\/revisions"}],"wp:featuredmedia":[{"embeddable":true,"href":"https:\/\/www.europesays.com\/fi\/wp-json\/wp\/v2\/media\/101960"}],"wp:attachment":[{"href":"https:\/\/www.europesays.com\/fi\/wp-json\/wp\/v2\/media?parent=101959"}],"wp:term":[{"taxonomy":"category","embeddable":true,"href":"https:\/\/www.europesays.com\/fi\/wp-json\/wp\/v2\/categories?post=101959"},{"taxonomy":"post_tag","embeddable":true,"href":"https:\/\/www.europesays.com\/fi\/wp-json\/wp\/v2\/tags?post=101959"}],"curies":[{"name":"wp","href":"https:\/\/api.w.org\/{rel}","templated":true}]}}