{"id":101961,"date":"2025-11-28T02:15:12","date_gmt":"2025-11-28T02:15:12","guid":{"rendered":"https:\/\/www.europesays.com\/fi\/101961\/"},"modified":"2025-11-28T02:15:12","modified_gmt":"2025-11-28T02:15:12","slug":"kurja-uutinen-kasperi-kapasesta-raivokohtaus-tallentui-videolle","status":"publish","type":"post","link":"https:\/\/www.europesays.com\/fi\/101961\/","title":{"rendered":"Kurja uutinen Kasperi Kapasesta \u2013 Raivokohtaus tallentui videolle"},"content":{"rendered":"<p>Kasperi Kapaselle tuli uusi takaisku.<\/p>\n<p><img decoding=\"async\" class=\"image image-show image-preview\" src=\"https:\/\/www.europesays.com\/fi\/wp-content\/uploads\/2025\/11\/9a1c1878fbb61dce8a1644066fa08dab1885637eccddc22c31bbdfdd7ad0ce4f.jpg\" alt=\"\"\/><img decoding=\"async\" class=\"image image-show\" src=\"https:\/\/www.europesays.com\/fi\/wp-content\/uploads\/2025\/11\/1764296112_128_9a1c1878fbb61dce8a1644066fa08dab1885637eccddc22c31bbdfdd7ad0ce4f.jpg\" alt=\"\"\/><\/p>\n<p>Kasperi Kapasella ei k\u00e4y tuuri. AOP<\/p>\n<p class=\"paragraph\">Edmonton Oilersin <strong>Kasperi Kapasesta<\/strong>, 29, kantautui torstaina tuskaisia uutisia.<\/p>\n<p class=\"paragraph\">Suomalaishy\u00f6kk\u00e4\u00e4j\u00e4 loukkaantui 19. lokakuuta ottelussa Detroit Red Wingsi\u00e4 vastaan. Savolainen on ollut sivussa joukkueensa 19:st\u00e4 edellisest\u00e4 ottelusta.<\/p>\n<p class=\"paragraph\">Kapasen piti palata Oilersin kokoonpanoon joulukuun alkupuolella ja h\u00e4n ehti jo harjoitella joukkueen kanssa, mutta torstaina matkaan tuli uusi takaisku.<\/p>\n<p class=\"paragraph\">Oilersia tarkasti seuraava toimittaja <strong>Ryan Rishaug<\/strong> raportoi Edmontonista, ett\u00e4 Kapanen olisi loukkaantunut harjoituksissa uudestaan.<\/p>\n<p class=\"paragraph\">H\u00e4n jakoi karun videon harjoituksista viestipalvelu X:ss\u00e4.<\/p>\n<p class=\"paragraph\">\u2013 Todella ep\u00e4onninen tilanne Oilersin harjoituksissa. Kapanen n\u00e4ytti loukkaavan itse\u00e4\u00e4n, h\u00e4n kirjoitti.<\/p>\n<p class=\"paragraph\">Kapanen oli videolla selv\u00e4sti turhautunut. H\u00e4n kaatoi mailarivist\u00f6n voimakkaalla iskulla, ja mailat levisiv\u00e4t pitkin k\u00e4yt\u00e4v\u00e4\u00e4 ja vaihtoaitiota.<\/p>\n<p class=\"paragraph\">Kapanen on pelannut t\u00e4ll\u00e4 kaudella kuusi ottelua pistein 0+2. H\u00e4n aloitti kauden hyvin. Kapanen toi Oilersiin paljon energiaa ja pommitti pelaamissaan otteluissa yhteens\u00e4 per\u00e4ti 16 taklausta.<\/p>\n<p class=\"paragraph\">Alkukauden tasollaan Kapanen olisi p\u00e4tev\u00e4 pelaaja my\u00f6s Leijonien olympiamiehist\u00f6ss\u00e4.<\/p>\n","protected":false},"excerpt":{"rendered":"Kasperi Kapaselle tuli uusi takaisku. Kasperi Kapasella ei k\u00e4y tuuri. AOP Edmonton Oilersin Kasperi Kapasesta, 29, kantautui torstaina&hellip;\n","protected":false},"author":2,"featured_media":101962,"comment_status":"","ping_status":"","sticky":false,"template":"","format":"standard","meta":{"footnotes":""},"categories":[5],"tags":[35,1144,1274,22,23,26,27,33,31,30,17,1143,24,25,41,28,29,15,18,21,32,1145,19,20,16],"class_list":{"0":"post-101961","1":"post","2":"type-post","3":"status-publish","4":"format-standard","5":"has-post-thumbnail","7":"category-otsikot","8":"tag-24h","9":"tag-ammattilaisjaakiekko","10":"tag-ammattiurheilu","11":"tag-breaking-news","12":"tag-breakingnews","13":"tag-featured-news","14":"tag-featurednews","15":"tag-fi","16":"tag-finland","17":"tag-finnish","18":"tag-headlines","19":"tag-jaakiekko","20":"tag-latest-news","21":"tag-latestnews","22":"tag-liikunta-ja-urheilu","23":"tag-main-news","24":"tag-mainnews","25":"tag-news","26":"tag-otsikot","27":"tag-paauutiset","28":"tag-suomi","29":"tag-talviurheilu","30":"tag-top-stories","31":"tag-topstories","32":"tag-uutiset"},"share_on_mastodon":{"url":"https:\/\/pubeurope.com\/@fi\/115624917508824045","error":""},"_links":{"self":[{"href":"https:\/\/www.europesays.com\/fi\/wp-json\/wp\/v2\/posts\/101961","targetHints":{"allow":["GET"]}}],"collection":[{"href":"https:\/\/www.europesays.com\/fi\/wp-json\/wp\/v2\/posts"}],"about":[{"href":"https:\/\/www.europesays.com\/fi\/wp-json\/wp\/v2\/types\/post"}],"author":[{"embeddable":true,"href":"https:\/\/www.europesays.com\/fi\/wp-json\/wp\/v2\/users\/2"}],"replies":[{"embeddable":true,"href":"https:\/\/www.europesays.com\/fi\/wp-json\/wp\/v2\/comments?post=101961"}],"version-history":[{"count":0,"href":"https:\/\/www.europesays.com\/fi\/wp-json\/wp\/v2\/posts\/101961\/revisions"}],"wp:featuredmedia":[{"embeddable":true,"href":"https:\/\/www.europesays.com\/fi\/wp-json\/wp\/v2\/media\/101962"}],"wp:attachment":[{"href":"https:\/\/www.europesays.com\/fi\/wp-json\/wp\/v2\/media?parent=101961"}],"wp:term":[{"taxonomy":"category","embeddable":true,"href":"https:\/\/www.europesays.com\/fi\/wp-json\/wp\/v2\/categories?post=101961"},{"taxonomy":"post_tag","embeddable":true,"href":"https:\/\/www.europesays.com\/fi\/wp-json\/wp\/v2\/tags?post=101961"}],"curies":[{"name":"wp","href":"https:\/\/api.w.org\/{rel}","templated":true}]}}