{"id":101967,"date":"2025-11-28T02:34:09","date_gmt":"2025-11-28T02:34:09","guid":{"rendered":"https:\/\/www.europesays.com\/fi\/101967\/"},"modified":"2025-11-28T02:34:09","modified_gmt":"2025-11-28T02:34:09","slug":"suomalaiskeilaajat-kuorivat-kerman-vaananen-ja-pakarinen-kaatoivat-maailmanmestaruudet-urheilu","status":"publish","type":"post","link":"https:\/\/www.europesays.com\/fi\/101967\/","title":{"rendered":"Suomalaiskeilaajat kuorivat kerman \u2013 V\u00e4\u00e4n\u00e4nen ja Pakarinen kaatoivat maailmanmestaruudet | Urheilu"},"content":{"rendered":"<p>Suomalaiskeilaajat kuorivat torstaina kerman Hongkongissa kisattavissa MM-kilpailuissa. Sek\u00e4 miesten ett\u00e4 naisten henkil\u00f6kohtaiset singlen maailmanmestaruudet tulivat Suomeen, kun Luukas V\u00e4\u00e4n\u00e4nen ja Essi Pakarinen keilasivat sarjojensa voittoon.<\/p>\n<p>Miesten loppuottelu oli t\u00e4yssuomalainen, sill\u00e4 vastakkain olivat V\u00e4\u00e4n\u00e4nen ja Tomas K\u00e4yhk\u00f6. V\u00e4\u00e4n\u00e4nen otti voiton pistein 227\u2013247, 258\u2013242, 246\u2013236.<\/p>\n<p>Pakarinen otti naisten maailmanmestaruuden nujertamalla finaalissa Malesian Adelia Nur Binti Irwan Syazaleen suoraan kahdessa peliss\u00e4 lukemin 217\u2013191, 214\u2013169.<\/p>\n<p>Ensimm\u00e4isi\u00e4 miesten MM-kisojaan pelaava, vasta 20-vuotias V\u00e4\u00e4n\u00e4nen ja kokenut arvokisamenestyj\u00e4 K\u00e4yhk\u00f6, 28, pelasivat trillerim\u00e4isen tasaisen finaalin. Se ratkesi lopulta V\u00e4\u00e4n\u00e4sen hyv\u00e4ksi sarjavoitoin 2\u20131.<\/p>\n<p>\u2013\u2009Sattui kyll\u00e4 niin t\u00e4ydellinen p\u00e4iv\u00e4, sopivasti hyv\u00e4\u00e4 tuuria, oikeita ratkaisuja, ja henkinen puoli oli todella vahvaa, V\u00e4\u00e4n\u00e4nen kehui tiedotteessa.<\/p>\n<p>K\u00e4yhk\u00f6 oli MM-hopealla jo Dubaissa 2021. Joensuulaisl\u00e4ht\u00f6iset V\u00e4\u00e4n\u00e4nen ja K\u00e4yhk\u00f6 ovat my\u00f6s seurakavereita ja edustavat yhdess\u00e4 Varkauden Mainareita.<\/p>\n<p>Naisten kilpailussa kouvolalainen Pakarinen kaatoi v\u00e4lier\u00e4ss\u00e4 Yhdysvaltain Breanna Clemmerin sarjavoitoin 2\u20131. MM-loppuottelussa voitto heltisi suoraan kahdessa peliss\u00e4.<\/p>\n<p>\u2013\u2009Koko p\u00e4iv\u00e4n heitto tuntu hyv\u00e4lt\u00e4, ja pysyin muutoksissa aika hyvin mukana. T\u00e4m\u00e4 on ollut tavoitteena parin vuoden ajan. Nyt se on totta, tuore maailmanmestari tunnelmoi.<\/p>\n","protected":false},"excerpt":{"rendered":"Suomalaiskeilaajat kuorivat torstaina kerman Hongkongissa kisattavissa MM-kilpailuissa. Sek\u00e4 miesten ett\u00e4 naisten henkil\u00f6kohtaiset singlen maailmanmestaruudet tulivat Suomeen, kun Luukas&hellip;\n","protected":false},"author":2,"featured_media":101968,"comment_status":"","ping_status":"","sticky":false,"template":"","format":"standard","meta":{"footnotes":""},"categories":[158],"tags":[33,31,30,41,159,32,160,161],"class_list":{"0":"post-101967","1":"post","2":"type-post","3":"status-publish","4":"format-standard","5":"has-post-thumbnail","7":"category-urheilu","8":"tag-fi","9":"tag-finland","10":"tag-finnish","11":"tag-liikunta-ja-urheilu","12":"tag-sports","13":"tag-suomi","14":"tag-urheilu","15":"tag-urheilutapahtumat"},"share_on_mastodon":{"url":"https:\/\/pubeurope.com\/@fi\/115624992919324400","error":""},"_links":{"self":[{"href":"https:\/\/www.europesays.com\/fi\/wp-json\/wp\/v2\/posts\/101967","targetHints":{"allow":["GET"]}}],"collection":[{"href":"https:\/\/www.europesays.com\/fi\/wp-json\/wp\/v2\/posts"}],"about":[{"href":"https:\/\/www.europesays.com\/fi\/wp-json\/wp\/v2\/types\/post"}],"author":[{"embeddable":true,"href":"https:\/\/www.europesays.com\/fi\/wp-json\/wp\/v2\/users\/2"}],"replies":[{"embeddable":true,"href":"https:\/\/www.europesays.com\/fi\/wp-json\/wp\/v2\/comments?post=101967"}],"version-history":[{"count":0,"href":"https:\/\/www.europesays.com\/fi\/wp-json\/wp\/v2\/posts\/101967\/revisions"}],"wp:featuredmedia":[{"embeddable":true,"href":"https:\/\/www.europesays.com\/fi\/wp-json\/wp\/v2\/media\/101968"}],"wp:attachment":[{"href":"https:\/\/www.europesays.com\/fi\/wp-json\/wp\/v2\/media?parent=101967"}],"wp:term":[{"taxonomy":"category","embeddable":true,"href":"https:\/\/www.europesays.com\/fi\/wp-json\/wp\/v2\/categories?post=101967"},{"taxonomy":"post_tag","embeddable":true,"href":"https:\/\/www.europesays.com\/fi\/wp-json\/wp\/v2\/tags?post=101967"}],"curies":[{"name":"wp","href":"https:\/\/api.w.org\/{rel}","templated":true}]}}