{"id":101973,"date":"2025-11-28T02:40:10","date_gmt":"2025-11-28T02:40:10","guid":{"rendered":"https:\/\/www.europesays.com\/fi\/101973\/"},"modified":"2025-11-28T02:40:10","modified_gmt":"2025-11-28T02:40:10","slug":"poliisi-epailee-kahden-miehen-ammuskelleen-konepistoolilla-kotkassa-kymenlaakso","status":"publish","type":"post","link":"https:\/\/www.europesays.com\/fi\/101973\/","title":{"rendered":"Poliisi ep\u00e4ilee kahden miehen ammuskelleen konepistoolilla Kotkassa | Kymenlaakso"},"content":{"rendered":"<p class=\"aw-1gybjub aw-5vja16 kEtdKx kmuxyA yle__article__paragraph\">Esitutkinnan perusteella toukokuussa tapahtuneen ampumisen tarkoitus ei ollut vahingoittaa muita ihmisi\u00e4.<\/p>\n<p><img decoding=\"async\" alt=\"Kotkan kartta, jossa n\u00e4kyy Aatteenkadun sijainti.\" src=\"https:\/\/www.europesays.com\/fi\/wp-content\/uploads\/2025\/11\/39-14716346834561fb5aa7.jpeg\" class=\"aw-1l9m598 hKVVvP\"\/><\/p>\n<p>Avaa kuvien katselu<\/p>\n<p>Ep\u00e4ilty ammuskelu tapahtui Kotkan Suulisniemess\u00e4 toukokuussa. Kuva: Kalle Purhonen \/ Yle, Mapcreator, Open Street Map<\/p>\n<p class=\"aw-1gybjub aw-1p7kakr kEtdKx cEmitX yle__article__paragraph\">Poliisi ep\u00e4ilee kahden nuoren miehen ammuskelleen konepistoolilla Kotkassa viime toukokuussa.<\/p>\n<p class=\"aw-1gybjub aw-1p7kakr kEtdKx cEmitX yle__article__paragraph\">Kaakkois-Suomen poliisi on saanut valmiiksi esitutkinnan, joka liittyi Suulisniemess\u00e4 tapahtuneeseen ammuskeluun. Kahta nuorta miest\u00e4 ep\u00e4ill\u00e4\u00e4n t\u00f6rke\u00e4st\u00e4 ampuma-aserikoksesta ja vaaran aiheuttamisesta.<\/p>\n<p class=\"aw-1gybjub aw-1p7kakr kEtdKx cEmitX yle__article__paragraph\">Esitutkinnassa ei tullut esiin viitteit\u00e4 siit\u00e4, ett\u00e4 ampumisen tarkoitus olisi ollut vahingoittaa muita ihmisi\u00e4.<\/p>\n<p class=\"aw-1gybjub aw-1p7kakr kEtdKx cEmitX yle__article__paragraph\">Poliisi ep\u00e4ilee, ett\u00e4 miehet ampuivat yhteens\u00e4 kymmeni\u00e4 laukauksia konepistoolilla useassa eri paikassa Aatteenkadun ja Honkakadun v\u00e4lisell\u00e4 maastoalueella. Ampumasuunnassa sijaitsee p\u00e4iv\u00e4koti, palvelukoti ja useita asuinkiinteist\u00f6j\u00e4.<\/p>\n<p class=\"aw-1gybjub aw-1p7kakr kEtdKx cEmitX yle__article__paragraph\">Poliisin tietojen mukaan kukaan ei loukkaantunut ammuskelussa.<\/p>\n<p class=\"aw-1gybjub aw-1p7kakr kEtdKx cEmitX yle__article__paragraph\">Poliisi otti kiinni kaksi nuorta miest\u00e4 pian ammuskelun j\u00e4lkeen. Miesten hallusta takavarikoitiin konepistooli ja siihen soveltuvia patruunoita. Ep\u00e4illyt olivat tapahtuma-aikaan p\u00e4ihtyneit\u00e4.<\/p>\n<p class=\"aw-1gybjub aw-1p7kakr kEtdKx cEmitX yle__article__paragraph\">Asia on siirtynyt syyteharkintaan.<\/p>\n","protected":false},"excerpt":{"rendered":"Esitutkinnan perusteella toukokuussa tapahtuneen ampumisen tarkoitus ei ollut vahingoittaa muita ihmisi\u00e4. Avaa kuvien katselu Ep\u00e4ilty ammuskelu tapahtui Kotkan&hellip;\n","protected":false},"author":2,"featured_media":101974,"comment_status":"","ping_status":"","sticky":false,"template":"","format":"standard","meta":{"footnotes":""},"categories":[12],"tags":[1773,22,23,1284,26,27,33,31,30,17,19487,19488,465,464,24,25,28,29,15,18,21,1283,581,32,19,20,16],"class_list":{"0":"post-101973","1":"post","2":"type-post","3":"status-publish","4":"format-standard","5":"has-post-thumbnail","7":"category-suomi","8":"tag-ampumavalikohtaukset","9":"tag-breaking-news","10":"tag-breakingnews","11":"tag-epaillyt","12":"tag-featured-news","13":"tag-featurednews","14":"tag-fi","15":"tag-finland","16":"tag-finnish","17":"tag-headlines","18":"tag-konepistoolit","19":"tag-konetuliase","20":"tag-kotka","21":"tag-kymenlaakso","22":"tag-latest-news","23":"tag-latestnews","24":"tag-main-news","25":"tag-mainnews","26":"tag-news","27":"tag-otsikot","28":"tag-paauutiset","29":"tag-poliisitutkinta","30":"tag-rikokset","31":"tag-suomi","32":"tag-top-stories","33":"tag-topstories","34":"tag-uutiset"},"share_on_mastodon":{"url":"https:\/\/pubeurope.com\/@fi\/115625015716041839","error":""},"_links":{"self":[{"href":"https:\/\/www.europesays.com\/fi\/wp-json\/wp\/v2\/posts\/101973","targetHints":{"allow":["GET"]}}],"collection":[{"href":"https:\/\/www.europesays.com\/fi\/wp-json\/wp\/v2\/posts"}],"about":[{"href":"https:\/\/www.europesays.com\/fi\/wp-json\/wp\/v2\/types\/post"}],"author":[{"embeddable":true,"href":"https:\/\/www.europesays.com\/fi\/wp-json\/wp\/v2\/users\/2"}],"replies":[{"embeddable":true,"href":"https:\/\/www.europesays.com\/fi\/wp-json\/wp\/v2\/comments?post=101973"}],"version-history":[{"count":0,"href":"https:\/\/www.europesays.com\/fi\/wp-json\/wp\/v2\/posts\/101973\/revisions"}],"wp:featuredmedia":[{"embeddable":true,"href":"https:\/\/www.europesays.com\/fi\/wp-json\/wp\/v2\/media\/101974"}],"wp:attachment":[{"href":"https:\/\/www.europesays.com\/fi\/wp-json\/wp\/v2\/media?parent=101973"}],"wp:term":[{"taxonomy":"category","embeddable":true,"href":"https:\/\/www.europesays.com\/fi\/wp-json\/wp\/v2\/categories?post=101973"},{"taxonomy":"post_tag","embeddable":true,"href":"https:\/\/www.europesays.com\/fi\/wp-json\/wp\/v2\/tags?post=101973"}],"curies":[{"name":"wp","href":"https:\/\/api.w.org\/{rel}","templated":true}]}}