{"id":101988,"date":"2025-11-28T03:06:11","date_gmt":"2025-11-28T03:06:11","guid":{"rendered":"https:\/\/www.europesays.com\/fi\/101988\/"},"modified":"2025-11-28T03:06:11","modified_gmt":"2025-11-28T03:06:11","slug":"puolustus-lynttaa-lasten-kertomusten-luotettavuusarviot-kritiikittomina","status":"publish","type":"post","link":"https:\/\/www.europesays.com\/fi\/101988\/","title":{"rendered":"Puolustus lyntt\u00e4\u00e4 lasten kertomusten luotettavuusarviot kritiikitt\u00f6min\u00e4"},"content":{"rendered":"<p>Puolustus lyntt\u00e4\u00e4 lasten kertomusten luotettavuusarviot kritiikitt\u00f6min\u00e4 | MTV Uutiset<a class=\"sr-only bg-component-bg-color focus:not-sr-only focus:absolute focus:left-0 focus:right-auto focus:top-0 focus:p-200\" href=\"#main\" data-sentry-component=\"SkipToContentLink\" data-sentry-source-file=\"SkipToContentLink.tsx\">Hypp\u00e4\u00e4 p\u00e4\u00e4sis\u00e4lt\u00f6\u00f6n<\/a>Sis\u00e4ll\u00f6t<\/p>\n<ul class=\"flex w-full flex-1 flex-wrap gap-800\">\n<li class=\"block flex-1 flex-nowrap xs:flex-initial\" data-testid=\"site-footer-section-item-component\" data-sentry-component=\"SiteFooterSectionItem\" data-sentry-source-file=\"SiteFooterSectionItem.tsx\">Tomi Einonen<br \/>Vastaava p\u00e4\u00e4toimittaja<\/li>\n<li class=\"block flex-1 flex-nowrap xs:flex-initial\" data-testid=\"site-footer-section-item-component\" data-sentry-component=\"SiteFooterSectionItem\" data-sentry-source-file=\"SiteFooterSectionItem.tsx\">Ilkka Ahtiainen<br \/>Uutisp\u00e4\u00e4toimittaja<\/li>\n<li class=\"block flex-1 flex-nowrap xs:flex-initial\" data-testid=\"site-footer-section-item-component\" data-sentry-component=\"SiteFooterSectionItem\" data-sentry-source-file=\"SiteFooterSectionItem.tsx\">Mona Haapsaari<br \/>Toimitusp\u00e4\u00e4llikk\u00f6<\/li>\n<li class=\"block flex-1 flex-nowrap xs:flex-initial\" data-testid=\"site-footer-section-item-component\" data-sentry-component=\"SiteFooterSectionItem\" data-sentry-source-file=\"SiteFooterSectionItem.tsx\">Teemu Niikko<br \/>Toimitusp\u00e4\u00e4llikk\u00f6, urheilu<\/li>\n<\/ul>\n<p>Liiketoiminta<\/p>\n<ul class=\"flex w-full flex-1 flex-wrap gap-800\">\n<li class=\"block flex-1 flex-nowrap xs:flex-initial\" data-testid=\"site-footer-section-item-component\" data-sentry-component=\"SiteFooterSectionItem\" data-sentry-source-file=\"SiteFooterSectionItem.tsx\">Iina Eloranta<br \/>VP, Channels and Digital Consumption<\/li>\n<\/ul>\n<p>SuomiAreena<\/p>\n<ul class=\"flex w-full flex-1 flex-wrap gap-800\">\n<li class=\"block flex-1 flex-nowrap xs:flex-initial\" data-testid=\"site-footer-section-item-component\" data-sentry-component=\"SiteFooterSectionItem\" data-sentry-source-file=\"SiteFooterSectionItem.tsx\">Jeremias Kontio<br \/>Vastaava tuottaja<\/li>\n<\/ul>\n<p><a class=\"flex flex-col items-center justify-center\" data-testid=\"Etusivu-navigation-bar-item\" role=\"link\" title=\"Etusivu linkki\" data-sentry-element=\"Link\" data-sentry-component=\"InternalLink\" data-sentry-source-file=\"InternalLink.tsx\" href=\"https:\/\/www.mtvuutiset.fi\/\" rel=\"nofollow noopener\" target=\"_blank\">Etusivu<\/a><a class=\"flex flex-col items-center justify-center\" data-testid=\"Videot-navigation-bar-item\" role=\"link\" title=\"Videot linkki\" data-sentry-element=\"Link\" data-sentry-component=\"InternalLink\" data-sentry-source-file=\"InternalLink.tsx\" href=\"https:\/\/www.mtvuutiset.fi\/videot\" rel=\"nofollow noopener\" target=\"_blank\">Videot<\/a><a class=\"flex flex-col items-center justify-center\" data-testid=\"Tuoreimmat-navigation-bar-item\" role=\"link\" title=\"Tuoreimmat linkki\" data-sentry-element=\"Link\" data-sentry-component=\"InternalLink\" data-sentry-source-file=\"InternalLink.tsx\" href=\"https:\/\/www.mtvuutiset.fi\/tuoreimmat\" rel=\"nofollow noopener\" target=\"_blank\">Tuoreimmat<\/a><a class=\"flex flex-col items-center justify-center\" data-testid=\"Luetuimmat-navigation-bar-item\" role=\"link\" title=\"Luetuimmat linkki\" data-sentry-element=\"Link\" data-sentry-component=\"InternalLink\" data-sentry-source-file=\"InternalLink.tsx\" href=\"https:\/\/www.mtvuutiset.fi\/luetuimmat\" rel=\"nofollow noopener\" target=\"_blank\">Luetuimmat<\/a>Odota<img alt=\"Varsinais-Suomen k\u00e4r\u00e4j\u00e4oikeus k\u00e4vi t\u00e4n\u00e4\u00e4n l\u00e4pi Anneli Auerin lasten lapsuudessa antamien kertomusten ja heille tehtyjen haastatteluiden luotettavuutta.\" data-testid=\"header-media-image\" class=\"h-full w-full object-cover transition duration-700 ease-in-out hover:scale-[1.05]\" fetchpriority=\"high\" loading=\"eager\" width=\"1024\" height=\"576\" decoding=\"async\" style=\"color:transparent;background-size:cover;background-position:50% 50%;background-repeat:no-repeat;background-image:url(&quot;data:image\/svg+xml;base64,Cjxzdmcgd2lkdGg9IjEwMjQiIGhlaWdodD0iNTc2IiB2ZXJzaW9uPSIxLjEiIHhtbG5zPSJodHRwOi8vd3d3LnczLm9yZy8yMDAwL3N2ZyIgeG1sbnM6eGxpbms9Imh0dHA6Ly93d3cudzMub3JnLzE5OTkveGxpbmsiPgogIDxkZWZzPgogICAgPGxpbmVhckdyYWRpZW50IGlkPSJnIj4KICAgICAgPHN0b3Agc3RvcC1jb2xvcj0iIzBCMTgyMyIgb2Zmc2V0PSIyMCUiIC8+CiAgICAgIDxzdG9wIHN0b3AtY29sb3I9IiMxQTI3MzIiIG9mZnNldD0iNTAlIiAvPgogICAgICA8c3RvcCBzdG9wLWNvbG9yPSIjMEIxODIzIiBvZmZzZXQ9IjcwJSIgLz4KICAgIDwvbGluZWFyR3JhZGllbnQ+CiAgPC9kZWZzPgogIDxyZWN0IHdpZHRoPSIxMDI0IiBoZWlnaHQ9IjU3NiIgZmlsbD0iIzBCMTgyMyIgLz4KICA8cmVjdCBpZD0iciIgd2lkdGg9IjEwMjQiIGhlaWdodD0iNTc2IiBmaWxsPSJ1cmwoI2cpIiAvPgogIDxhbmltYXRlIHhsaW5rOmhyZWY9IiNyIiBhdHRyaWJ1dGVOYW1lPSJ4IiBmcm9tPSItMTAyNCIgdG89IjEwMjQiIGR1cj0iMXMiIHJlcGVhdENvdW50PSJpbmRlZmluaXRlIiAgLz4KPC9zdmc+&quot;)\" src=\"https:\/\/www.europesays.com\/fi\/wp-content\/uploads\/2025\/11\/1764299171_911_image\"\/>Varsinais-Suomen k\u00e4r\u00e4j\u00e4oikeus k\u00e4vi t\u00e4n\u00e4\u00e4n l\u00e4pi Anneli Auerin lasten lapsuudessa antamien kertomusten ja heille tehtyjen haastatteluiden luotettavuutta.Str \/ LehtikuvaJulkaistu 27.11.2025 17:46<img alt=\"Toimittajan kuva\" data-testid=\"author-image\" data-sentry-element=\"Image\" data-sentry-source-file=\"NextImage.tsx\" fetchpriority=\"low\" loading=\"lazy\" decoding=\"async\" data-nimg=\"fill\" class=\"transition duration-700 ease-in-out hover:scale-[1.05] object-cover\" style=\"position:absolute;height:100%;width:100%;left:0;top:0;right:0;bottom:0;color:transparent;background-size:cover;background-position:50% 50%;background-repeat:no-repeat;background-image:url(&quot;data:image\/svg+xml;base64,Cjxzdmcgd2lkdGg9IjcyMCIgaGVpZ2h0PSI0MDUiIHZlcnNpb249IjEuMSIgeG1sbnM9Imh0dHA6Ly93d3cudzMub3JnLzIwMDAvc3ZnIiB4bWxuczp4bGluaz0iaHR0cDovL3d3dy53My5vcmcvMTk5OS94bGluayI+CiAgPGRlZnM+CiAgICA8bGluZWFyR3JhZGllbnQgaWQ9ImciPgogICAgICA8c3RvcCBzdG9wLWNvbG9yPSIjMEIxODIzIiBvZmZzZXQ9IjIwJSIgLz4KICAgICAgPHN0b3Agc3RvcC1jb2xvcj0iIzFBMjczMiIgb2Zmc2V0PSI1MCUiIC8+CiAgICAgIDxzdG9wIHN0b3AtY29sb3I9IiMwQjE4MjMiIG9mZnNldD0iNzAlIiAvPgogICAgPC9saW5lYXJHcmFkaWVudD4KICA8L2RlZnM+CiAgPHJlY3Qgd2lkdGg9IjcyMCIgaGVpZ2h0PSI0MDUiIGZpbGw9IiMwQjE4MjMiIC8+CiAgPHJlY3QgaWQ9InIiIHdpZHRoPSI3MjAiIGhlaWdodD0iNDA1IiBmaWxsPSJ1cmwoI2cpIiAvPgogIDxhbmltYXRlIHhsaW5rOmhyZWY9IiNyIiBhdHRyaWJ1dGVOYW1lPSJ4IiBmcm9tPSItNzIwIiB0bz0iNzIwIiBkdXI9IjFzIiByZXBlYXRDb3VudD0iaW5kZWZpbml0ZSIgIC8+Cjwvc3ZnPg==&quot;)\"   src=\"https:\/\/www.europesays.com\/fi\/wp-content\/uploads\/2025\/11\/1764299171_304_image\"\/><\/p>\n<p><strong class=\"typography-bold\">Puolustus moittii kovin sanoin Anneli Auerin lasten lapsuudenaikaisten kertomusten luotettavuusarvioita. Puolustuksen mukaan ne ovat kritiikitt\u00f6mi\u00e4 ja sortuvat keh\u00e4p\u00e4\u00e4telmiin.<\/strong><\/p>\n<p>Puolustus katsoo, ett\u00e4 psykologien lausunnot tukeutuvat lapsia tutkineen l\u00e4\u00e4k\u00e4rin lausuntoihin ja l\u00e4\u00e4k\u00e4rin lausunnot psykologien tekemiin lasten haastatteluihin. Lis\u00e4ksi lapsia haastatelleet psykologit arvioivat ovat itse arvioineet omien haastattelujensa laadun ja pit\u00e4neet sit\u00e4 hyv\u00e4n\u00e4.<\/p>\n<p>\u2013 Psykologi viittaa l\u00e4\u00e4k\u00e4rin lausuntoon ja l\u00e4\u00e4k\u00e4ri lasten kertomuksiin psykologille, <strong class=\"typography-bold\">Jens Kukan<\/strong> puolustaja<strong class=\"typography-bold\"> Kaarle Gummerus <\/strong>totesi salissa.<\/p>\n<p>\u2013 Lausuntojen heikoimmat kohdat saastuttavat toinen toisensa psykologisella ja somaattisella puolella, kommentoi oikeussalissa Auerin puolustusasianajaja <strong class=\"typography-bold\">Markku Fredman<\/strong>.<\/p>\n<p>Puolustuksen mukaan asiantuntijat tekiv\u00e4t siis keh\u00e4p\u00e4\u00e4telmi\u00e4 luotettavuuden suhteen. Syytt\u00e4j\u00e4n mukaan moite on aiheeton.<\/p>\n<p>\u2013 N\u00e4inh\u00e4n oikeuspsykologista tutkimusta tehd\u00e4\u00e4n, ett\u00e4 heill\u00e4 on esitiedot ja tutkimukset k\u00e4yt\u00f6ss\u00e4\u00e4n. Eiv\u00e4t he voi toimia tyhji\u00f6ss\u00e4, totta kai heill\u00e4 on taustatiedot, vastasi erikoissyytt\u00e4j\u00e4 <strong class=\"typography-bold\">Outi Pyykk\u00f6nen<\/strong> kritiikkiin.<\/p>\n<p>Varsinais-Suomen k\u00e4r\u00e4j\u00e4oikeus jatkoi t\u00e4n\u00e4\u00e4n Anneli Auerin ja h\u00e4nen ex-miesyst\u00e4v\u00e4ns\u00e4 Jens Kukan (aiempi nimi) rikossyytteiden k\u00e4sittely\u00e4. Syytt\u00e4j\u00e4 vaatii heille rangaistusta 18 v\u00e4kivalta- ja seksuaalirikoksesta, joiden uhreina olivat syytt\u00e4j\u00e4n mukaan Auerin lapset.<\/p>\n<p>Auerin vanhin tyt\u00e4r on alusta saakka kiist\u00e4nyt mit\u00e4\u00e4n rikoksia koskaan tapahtuneen.\u00a0<br \/>Kolme nuorinta lasta ovat my\u00f6s aikuistuttuaan peruneet lapsuuden aikaiset puheensa rikoksista. Heid\u00e4n mukaansa valheelliset tarinat syntyiv\u00e4t sijaisvanhempien ankarassa painostuksessa.<\/p>\n<p>Lue my\u00f6s: <a class=\"underline\" data-testid=\"internal-link\" role=\"link\" data-sentry-element=\"Link\" data-sentry-component=\"InternalLink\" data-sentry-source-file=\"InternalLink.tsx\" href=\"https:\/\/www.mtvuutiset.fi\/artikkeli\/auer-karajilla-kuullaan-tanaan-pikkusisarusten-rajuista-rikoksista-syyttamaa-isosiskoa-mtv-seuraa\/9261228\" rel=\"nofollow noopener\" target=\"_blank\">Auer-k\u00e4r\u00e4j\u00e4t: Sijaisvanhemmat kertoivat viranomaisille yll\u00e4ttyneens\u00e4 lasten kauheista kertomuksista \u2013 MTV seurasi<\/a>N\u00e4in kertomukset alkoivat<\/p>\n<p>Auerin kolme nuorinta lasta alkoivat elokuussa 2011 kertoa j\u00e4rkytt\u00e4vist\u00e4 asioista. Heid\u00e4n vanhin siskonsa oli muuttanut pois sijaisvanhempien luota jo vuotta aiemmin sopeutumisongelmien takia.<\/p>\n<p>Kolme nuorinta sisarusta kertoivat ensin sijaisvanhemmilleen is\u00e4ns\u00e4 murhaan liittyvi\u00e4 asioita. Heid\u00e4n mukaansa \u00e4iti tappoi is\u00e4n yhdess\u00e4 isosiskon kanssa. Vanhin tytt\u00f6 oli is\u00e4n kuoleman aikaan 9-vuotias.<\/p>\n<p>Sijaisvanhemmat ottivat yhteytt\u00e4 viranomaisiin ja oikeuspsykologit haastattelivat lapset.<\/p>\n<p>Sitten lapset alkoivat kertoa heihin kohdistuneista pahoinpitelyist\u00e4 ja j\u00e4lleen oikeuspsykologit haastattelivat lapset. Nopeasti t\u00e4m\u00e4n j\u00e4lkeen lapset kertoivat, ett\u00e4 heihin on kohdistunut my\u00f6s huomattavan rajua seksuaaliv\u00e4kivaltaa.<\/p>\n<p>Lapset p\u00e4\u00e4tyiv\u00e4t taas oikeuspsykologien haastatteluihin.<\/p>\n<p>Rajuista v\u00e4kivalta- ja seksuaalirikoksissa sisarukset nimesiv\u00e4t tekij\u00e4ksi \u00e4itins\u00e4, t\u00e4m\u00e4n ex-miesyst\u00e4v\u00e4n ja isosiskonsa, joka oli n\u00e4iden v\u00e4itettyjen rikosten tekoaikaan 11\u201312-vuotias.<\/p>\n<p>Syytt\u00e4j\u00e4 kiist\u00e4\u00e4 kritiikitt\u00f6myyden<\/p>\n<p>Oikeus on nyt kuullut kaikki Auerin nelj\u00e4 aikuistunutta lasta. Vanhin lapsista pysyy alkuper\u00e4isess\u00e4 n\u00e4kemyksess\u00e4\u00e4n ja nyt my\u00f6s kolme nuorinta sisarusta ovat h\u00e4nen kanssaan samaa mielt\u00e4.<\/p>\n<p>Oikeus on my\u00f6s katsonut kaikkien kolmen nuorimman sisaruksen lapsina oikeuspsykologeille antamat kertomukset haastatteluvideoilta. T\u00e4n\u00e4\u00e4n oikeudessa k\u00e4ytiin l\u00e4pi lausuntoja, joita asiantuntijat ovat laatineet lasten kertomuksista ja heille tehtyjen haastatteluiden luotettavuudesta.<\/p>\n<p>Puolustuksen mukaan luotettavuuslausunnoissa kyse oli siit\u00e4, ett\u00e4 lapsia haastatelleet kolme oikeuspsykologia arvioivat itse omaa ty\u00f6t\u00e4\u00e4n. Syytt\u00e4j\u00e4n mukaan t\u00e4m\u00e4 ei ole totta, sill\u00e4 psykologit saivat kaiken aikaa ty\u00f6nohjausta psykologian tohtorilta samassa yksik\u00f6ss\u00e4.<\/p>\n<p>\u2013 He ovat konsultoineet h\u00e4nt\u00e4 kysymyksiss\u00e4\u00e4n ja h\u00e4n on antanut heille ohjeita ty\u00f6h\u00f6n. Vaikka haastattelija itse sen lausunnon allekirjoittaa, ty\u00f6ryhm\u00e4 on isompi kuin yksi psykologi, erikoissyytt\u00e4j\u00e4 Outi Pyykk\u00f6nen totesi.<\/p>\n<p>Kaikki psykologit katsoivat, ett\u00e4 johdattelivat kysymyksiss\u00e4\u00e4n lapsia vain hyvin v\u00e4h\u00e4n. Puolustus on eri mielt\u00e4 ja ep\u00e4ilee, etteiv\u00e4t he tunnistaneet omaa johdatteluaan.<\/p>\n<p>\u2013Haastattelija pyyt\u00e4\u00e4 jatkuvasti kertomaan, tuleeko lapsen mieleen viel\u00e4 jotakin eli antaa ymm\u00e4rt\u00e4\u00e4, ett\u00e4 viel\u00e4 olisi jotain, mit\u00e4 pit\u00e4isi kertoa. Johdattelemattomissa kuulemisissa ei anneta t\u00e4llaisia vihjeit\u00e4, totesi Fredman oikeussalissa.<\/p>\n<p>\u2013 Haastattelija my\u00f6s muistuttaa lapsen aiemmin kertomasta, ett\u00e4 voitko kertoa lis\u00e4\u00e4.<\/p>\n<p>Monimutkaisia kertomuksia<\/p>\n<p>Syytt\u00e4j\u00e4n mukaan lasten kertomukset rikoksista ovat monimutkaisia ja sis\u00e4lt\u00e4v\u00e4t runsaasti yksityiskohtia. Syytt\u00e4j\u00e4 nostikin esiin luotettavuuslausuntojen arviot siit\u00e4, ett\u00e4 oli ep\u00e4todenn\u00e4k\u00f6ist\u00e4, ett\u00e4 lapset olisivat voineet muistaa n\u00e4in monimutkaisia sepitteit\u00e4 ulkomuistista.<\/p>\n<p>Lapset olivat haastatteluhetkell\u00e4 7\u201312-vuotiaita.<\/p>\n<p>\u2013 Vaikuttaa ep\u00e4todenn\u00e4k\u00f6iselt\u00e4, ett\u00e4 lapset olisivat pystyneet suunnittelemaan ja omaksumaan n\u00e4in ison aineiston yksityiskohtineen ja kertoneet ne ensin sijaisvanhemmille ja sitten oikeuspsykologeille, syytt\u00e4j\u00e4 luki lausunnosta salissa.<\/p>\n<p>Puolustus muistutti jokaisen lapsen kohdalla, ett\u00e4 luotettavuuslausunnoissa heid\u00e4t oli todettu hyvin lahjakkaiksi. Heid\u00e4n kognitiiviset kykyns\u00e4 olivat ik\u00e4tasoon n\u00e4hden korkeat, muisti erityisen hyv\u00e4 ja kielellinen ilmaisu jopa erinomaista.\u00a0<\/p>\n<p>\u2013 Ei niiss\u00e4 kovin kummoisista tarinoista ole kyse, kun yksi kertoo ja toiset kuuntelevat. Lapsilla on hyv\u00e4 mielikuvitus ja kognitiivinen taso, joten t\u00e4llaiset tarinat eiv\u00e4t vaadi paljoakaan suunnittelua, Fredman sanoi.<\/p>\n<p>Luotettavuuslausunnon mukaan nuorinkin lapsista pystyi muistamaan l\u00e4hes sanasta sanaan kokonaisia lauseita ja h\u00e4nen lukutaitonsa oli tuolloin ensimm\u00e4ist\u00e4 luokkaa aloittaessa parempi kuin 80 prosentilla 7-vuotiaista keskim\u00e4\u00e4rin.<\/p>\n<p>Puolustuksen mukaan taustalla vaikutti my\u00f6s sijaisvanhempien aiheuttama paine, jota luotettavuusarvioinnissa ei osattu huomioida ollenkaan.<\/p>\n<p>Gummerus nosti esiin sijaisvanhempien j\u00e4rjest\u00e4m\u00e4t \u201dselvittelytilaisuudet\u201d, joista aikuistuneet lapset ovat puhuneet j\u00e4lkeenp\u00e4in. Fredman muistutti siit\u00e4, ett\u00e4 sijaisvanhemmat olivat kyseisen\u00e4 kes\u00e4n\u00e4 pohtineet nuorimmasta lapsesta luopumista, mik\u00e4 saattoi lis\u00e4t\u00e4 t\u00e4m\u00e4n halua pyrki\u00e4 miellytt\u00e4m\u00e4\u00e4n heit\u00e4.<\/p>\n<p>\u2013 Sijaisvanhempien mukaan nuorin lapsista oli sin\u00e4 kes\u00e4n\u00e4 sanonut, ett\u00e4 j\u00e4isi mielell\u00e4\u00e4n sijaisvanhempien luo asumaan. Mit\u00e4 muita vaihtoehtoja oli? Is\u00e4 oli kuollut ja \u00e4iti vankilassa. Mit\u00e4 muita paikkoja h\u00e4nell\u00e4 oli, kun l\u00e4heiset olivat siell\u00e4, Fredman kysyi.<\/p>\n<p>Oikeudenk\u00e4ynti jatkuu ensi viikolla.<\/p>\n","protected":false},"excerpt":{"rendered":"Puolustus lyntt\u00e4\u00e4 lasten kertomusten luotettavuusarviot kritiikitt\u00f6min\u00e4 | MTV UutisetHypp\u00e4\u00e4 p\u00e4\u00e4sis\u00e4lt\u00f6\u00f6nSis\u00e4ll\u00f6t Tomi EinonenVastaava p\u00e4\u00e4toimittaja Ilkka AhtiainenUutisp\u00e4\u00e4toimittaja Mona HaapsaariToimitusp\u00e4\u00e4llikk\u00f6 Teemu&hellip;\n","protected":false},"author":2,"featured_media":101989,"comment_status":"","ping_status":"","sticky":false,"template":"","format":"standard","meta":{"footnotes":""},"categories":[12],"tags":[22,23,26,27,33,31,30,17,24,25,28,29,15,18,21,32,19,20,16],"class_list":{"0":"post-101988","1":"post","2":"type-post","3":"status-publish","4":"format-standard","5":"has-post-thumbnail","7":"category-suomi","8":"tag-breaking-news","9":"tag-breakingnews","10":"tag-featured-news","11":"tag-featurednews","12":"tag-fi","13":"tag-finland","14":"tag-finnish","15":"tag-headlines","16":"tag-latest-news","17":"tag-latestnews","18":"tag-main-news","19":"tag-mainnews","20":"tag-news","21":"tag-otsikot","22":"tag-paauutiset","23":"tag-suomi","24":"tag-top-stories","25":"tag-topstories","26":"tag-uutiset"},"share_on_mastodon":{"url":"https:\/\/pubeurope.com\/@fi\/115625117966299351","error":""},"_links":{"self":[{"href":"https:\/\/www.europesays.com\/fi\/wp-json\/wp\/v2\/posts\/101988","targetHints":{"allow":["GET"]}}],"collection":[{"href":"https:\/\/www.europesays.com\/fi\/wp-json\/wp\/v2\/posts"}],"about":[{"href":"https:\/\/www.europesays.com\/fi\/wp-json\/wp\/v2\/types\/post"}],"author":[{"embeddable":true,"href":"https:\/\/www.europesays.com\/fi\/wp-json\/wp\/v2\/users\/2"}],"replies":[{"embeddable":true,"href":"https:\/\/www.europesays.com\/fi\/wp-json\/wp\/v2\/comments?post=101988"}],"version-history":[{"count":0,"href":"https:\/\/www.europesays.com\/fi\/wp-json\/wp\/v2\/posts\/101988\/revisions"}],"wp:featuredmedia":[{"embeddable":true,"href":"https:\/\/www.europesays.com\/fi\/wp-json\/wp\/v2\/media\/101989"}],"wp:attachment":[{"href":"https:\/\/www.europesays.com\/fi\/wp-json\/wp\/v2\/media?parent=101988"}],"wp:term":[{"taxonomy":"category","embeddable":true,"href":"https:\/\/www.europesays.com\/fi\/wp-json\/wp\/v2\/categories?post=101988"},{"taxonomy":"post_tag","embeddable":true,"href":"https:\/\/www.europesays.com\/fi\/wp-json\/wp\/v2\/tags?post=101988"}],"curies":[{"name":"wp","href":"https:\/\/api.w.org\/{rel}","templated":true}]}}