{"id":101998,"date":"2025-11-28T03:31:08","date_gmt":"2025-11-28T03:31:08","guid":{"rendered":"https:\/\/www.europesays.com\/fi\/101998\/"},"modified":"2025-11-28T03:31:08","modified_gmt":"2025-11-28T03:31:08","slug":"putin-taistelut-lakkaavat-kun-ukraina-vetaytyy","status":"publish","type":"post","link":"https:\/\/www.europesays.com\/fi\/101998\/","title":{"rendered":"Putin: Taistelut lakkaavat, kun Ukraina vet\u00e4ytyy"},"content":{"rendered":"<p>T\u00e4m\u00e4 tiedet\u00e4\u00e4n|Putinin mukaan Yhdysvaltain ja Ukrainan luonnostelema rauhansuunnitelma voi toimia pohjana tulevaisuuden sopimuksille.<\/p>\n<p class=\"article-body mb-nof-24 px-nof-16\">Ukrainan ja Yhdysvaltain delegaatioiden on m\u00e4\u00e4r\u00e4 tavata t\u00e4ll\u00e4 viikolla. Ukrainan presidentin <a class=\"article-personlink\" href=\"https:\/\/www.hs.fi\/haku\/?query=Volodymyr%20Zelenskyin\" rel=\"nofollow noopener\" target=\"_blank\">Volodymyr Zelenskyin<\/a> mukaan tarkoituksena on keskustella Ukrainan kaipaamista turvatakuista.<\/p>\n<p class=\"article-body mb-nof-24 px-nof-16\">&#8221;Ukrainan delegaatio tulee olemaan hyvin valmistautunut ja keskittynyt tekem\u00e4\u00e4n merkityksellist\u00e4 ty\u00f6t\u00e4&#8221;, Zelenskyi kommentoi torstaisessa videopuheessaan.<\/p>\n<p class=\"article-body mb-nof-24 px-nof-16\">Zelenskyin on itse m\u00e4\u00e4r\u00e4 osallistua Ukrainan ja Yhdysvaltain neuvotteluihin ensi viikolla. Zelenskyi kertoi asiasta torstaina muttei kertonut, mit\u00e4 ensi viikon tapaamiselta on odotettavissa.<\/p>\n<p>Putin: Trumpin rauhansuunnitelmaa voi k\u00e4ytt\u00e4\u00e4 pohjana tulevaisuuden sopimuksille<\/p>\n<p class=\"article-body mb-nof-24 px-nof-16\">Ven\u00e4j\u00e4n presidentti <a class=\"article-personlink\" href=\"https:\/\/www.hs.fi\/haku\/?query=Vladimir%20Putin\" rel=\"nofollow noopener\" target=\"_blank\">Vladimir Putin<\/a> kommentoi torstaina, ett\u00e4 Yhdysvaltain ja Ukrainan luonnostelema rauhansuunnitelmaa voi k\u00e4ytt\u00e4\u00e4 pohjana mahdollisille tulevaisuuden sopimuksille.<\/p>\n<p class=\"article-body mb-nof-24 px-nof-16\">&#8221;Yleisesti ottaen t\u00e4m\u00e4 voi mielest\u00e4mme olla pohjana tulevaisuuden sopimuksille&#8221;, uutistoimisto Reuters kertoo Putinin kommentoineen lehdist\u00f6tilaisuudessa Kirgisiassa.<\/p>\n<p class=\"article-body mb-nof-24 px-nof-16\">Ven\u00e4j\u00e4 on saanut Ukrainan ja Yhdysvaltain Genevess\u00e4 hioman rauhansuunnitelman, Putin sanoi. H\u00e4n mukaansa Yhdysvallat on ottanut Ven\u00e4j\u00e4n n\u00e4k\u00f6kannat hyvin huomioon, mutta joistain suunnitelman kohdista on viel\u00e4 keskusteltava.<\/p>\n<p class=\"article-body mb-nof-24 px-nof-16\">Putinin mukaan Ven\u00e4j\u00e4 on valmis vakaviin keskusteluihin rauhasta. H\u00e4n sanoo kuitenkin, ett\u00e4 ei pid\u00e4 mink\u00e4\u00e4n sopimuksen allekirjoittamista Ukrainan kanssa j\u00e4rkev\u00e4n\u00e4, koska ei pid\u00e4 Ukrainan johtoa legitiimin\u00e4. Putin haluaakin mahdollisen rauhansopimuksen tueksi kansainv\u00e4lisen yhteis\u00f6n hyv\u00e4ksynn\u00e4n. Lis\u00e4ksi kansainv\u00e4lisen yhteis\u00f6n tulisi Putinin mukaan hyv\u00e4ksy\u00e4 Ven\u00e4j\u00e4n miehitt\u00e4m\u00e4t alueet osaksi Ven\u00e4j\u00e4\u00e4.<\/p>\n<p class=\"article-body mb-nof-24 px-nof-16\">&#8221;Ukrainan joukkojen on vet\u00e4ydytt\u00e4v\u00e4 pit\u00e4milt\u00e4\u00e4n alueilta. Sitten taistelut lakkaavat. Jos he eiv\u00e4t l\u00e4hde, meid\u00e4n on teht\u00e4v\u00e4 se asein&#8221;, Putin sanoo.<\/p>\n<p class=\"article-body mb-nof-24 px-nof-16\">Putinin mukaan Ven\u00e4j\u00e4 voi antaa Euroopalle lupauksen, ett\u00e4 Ven\u00e4j\u00e4 ei hy\u00f6kk\u00e4\u00e4, jos Eurooppa sit\u00e4 haluaa.<\/p>\n<p class=\"article-body mb-nof-24 px-nof-16\">Putin my\u00f6s moitti Yhdysvaltain pakotteita Ven\u00e4j\u00e4n \u00f6ljy-yhti\u00f6ille. H\u00e4nen mukaansa ne olivat yll\u00e4tys Ven\u00e4j\u00e4lle. Putin sanoi niiden tuhoavan maiden suhteet.<\/p>\n<p class=\"article-body mb-nof-24 px-nof-16\">H\u00e4n my\u00f6s uhkailee Eurooppaa vastatoimilla, jos Ven\u00e4j\u00e4n j\u00e4\u00e4dytetyt varat otetaan k\u00e4ytt\u00f6\u00f6n Ukrainan tukemiseksi. Putinin mukaan varojen ottaminen olisi omaisuusrikos ja olisi haitaksi globaalille finanssisysteemille.<\/p>\n<p>Jermak: Zelenskyi ei suostu alueluovutuksiin<\/p>\n<p class=\"article-body mb-nof-24 px-nof-16\">Ukrainan presidentinhallinnon kansliap\u00e4\u00e4llikk\u00f6 <a class=\"article-personlink\" href=\"https:\/\/www.hs.fi\/haku\/?query=Andri%20Jermak\" rel=\"nofollow noopener\" target=\"_blank\">Andri Jermak<\/a> sanoo, ett\u00e4 presidentti Zelenskyi ei taivu maa-alueiden luovuttamiseen rauhan ehtona.<\/p>\n<p class=\"article-body mb-nof-24 px-nof-16\">Jermak kommentoi asiaa <a class=\"article-genericlink\" href=\"https:\/\/www.theatlantic.com\/national-security\/2025\/11\/ukraine-zelensky-russia-trump-peace-land-red-line\/685090\/\" rel=\"nofollow noopener\" target=\"_blank\">The Atlantic -lehden<\/a> haastattelussa.<\/p>\n<p class=\"article-body mb-nof-24 px-nof-16\">&#8221;Niin kauan kuin Zelenskyi on presidentti, kukaan ei voi odottaa meid\u00e4n luopuvan alueista. H\u00e4n ei allekirjoita sopimusta, johon kuuluu alueiden luovuttaminen&#8221;, Jermak kommentoi lehdelle puhelimitse Kiovasta.<\/p>\n<p class=\"article-body mb-nof-24 px-nof-16\">&#8221;Perustuslaki kielt\u00e4\u00e4 sen. Kukaan ei voi tehd\u00e4 niin, ellei halua rikkoa Ukrainan perustuslakia ja toimia sen kansaa vastaan.&#8221;<\/p>\n<p class=\"article-body mb-nof-24 px-nof-16\">Jermakin mukaan Ukraina voi keskustella vain siit\u00e4, miten Ukrainan ja Ven\u00e4j\u00e4n kontrolloimat alueet m\u00e4\u00e4ritell\u00e4\u00e4n.<\/p>\n<p class=\"article-body mb-nof-24 px-nof-16\">&#8221;Realistisesti voimme oikeastaan keskustella vain siit\u00e4, miten kontaktilinja m\u00e4\u00e4ritell\u00e4\u00e4n. Niin meid\u00e4n t\u00e4ytyy tehd\u00e4.&#8221;<\/p>\n","protected":false},"excerpt":{"rendered":"T\u00e4m\u00e4 tiedet\u00e4\u00e4n|Putinin mukaan Yhdysvaltain ja Ukrainan luonnostelema rauhansuunnitelma voi toimia pohjana tulevaisuuden sopimuksille. Ukrainan ja Yhdysvaltain delegaatioiden on&hellip;\n","protected":false},"author":2,"featured_media":101999,"comment_status":"","ping_status":"","sticky":false,"template":"","format":"standard","meta":{"footnotes":""},"categories":[14],"tags":[22,23,26,27,33,31,30,17,46,24,25,28,29,15,18,21,32,19,20,56,16,59,60,61],"class_list":{"0":"post-101998","1":"post","2":"type-post","3":"status-publish","4":"format-standard","5":"has-post-thumbnail","7":"category-ulkomaat","8":"tag-breaking-news","9":"tag-breakingnews","10":"tag-featured-news","11":"tag-featurednews","12":"tag-fi","13":"tag-finland","14":"tag-finnish","15":"tag-headlines","16":"tag-helsingin-sanomat","17":"tag-latest-news","18":"tag-latestnews","19":"tag-main-news","20":"tag-mainnews","21":"tag-news","22":"tag-otsikot","23":"tag-paauutiset","24":"tag-suomi","25":"tag-top-stories","26":"tag-topstories","27":"tag-ulkomaat","28":"tag-uutiset","29":"tag-world","30":"tag-world-news","31":"tag-worldnews"},"share_on_mastodon":{"url":"https:\/\/pubeurope.com\/@fi\/115625216176246265","error":""},"_links":{"self":[{"href":"https:\/\/www.europesays.com\/fi\/wp-json\/wp\/v2\/posts\/101998","targetHints":{"allow":["GET"]}}],"collection":[{"href":"https:\/\/www.europesays.com\/fi\/wp-json\/wp\/v2\/posts"}],"about":[{"href":"https:\/\/www.europesays.com\/fi\/wp-json\/wp\/v2\/types\/post"}],"author":[{"embeddable":true,"href":"https:\/\/www.europesays.com\/fi\/wp-json\/wp\/v2\/users\/2"}],"replies":[{"embeddable":true,"href":"https:\/\/www.europesays.com\/fi\/wp-json\/wp\/v2\/comments?post=101998"}],"version-history":[{"count":0,"href":"https:\/\/www.europesays.com\/fi\/wp-json\/wp\/v2\/posts\/101998\/revisions"}],"wp:featuredmedia":[{"embeddable":true,"href":"https:\/\/www.europesays.com\/fi\/wp-json\/wp\/v2\/media\/101999"}],"wp:attachment":[{"href":"https:\/\/www.europesays.com\/fi\/wp-json\/wp\/v2\/media?parent=101998"}],"wp:term":[{"taxonomy":"category","embeddable":true,"href":"https:\/\/www.europesays.com\/fi\/wp-json\/wp\/v2\/categories?post=101998"},{"taxonomy":"post_tag","embeddable":true,"href":"https:\/\/www.europesays.com\/fi\/wp-json\/wp\/v2\/tags?post=101998"}],"curies":[{"name":"wp","href":"https:\/\/api.w.org\/{rel}","templated":true}]}}