{"id":102024,"date":"2025-11-28T04:23:10","date_gmt":"2025-11-28T04:23:10","guid":{"rendered":"https:\/\/www.europesays.com\/fi\/102024\/"},"modified":"2025-11-28T04:23:10","modified_gmt":"2025-11-28T04:23:10","slug":"taman-takia-venajan-on-pakko-neuvotella-rauhasta-vaikka-mieli-ei-tekisi","status":"publish","type":"post","link":"https:\/\/www.europesays.com\/fi\/102024\/","title":{"rendered":"T\u00e4m\u00e4n takia Ven\u00e4j\u00e4n on pakko neuvotella rauhasta, vaikka mieli ei tekisi"},"content":{"rendered":"<p>Vaikka Putin jyrisi Kirgisiassa, h\u00e4n ei tyrm\u00e4nnyt Yhdysvaltain rauhansuunnitelmaa.<\/p>\n<p>Lue tiivistelm\u00e4<\/p>\n<p>Tiivistelm\u00e4 on teko\u00e4lyn tekem\u00e4 ja ihmisen tarkistama.<\/p>\n<p class=\"article-body mb-nof-24 px-nof-16 sndp-summary-bullet-point-font\">Ven\u00e4j\u00e4n presidentti Vladimir Putin ei tyrm\u00e4nnyt Yhdysvaltain rauhansuunnitelmaa Ukrainan sodan lopettamiseksi, vaikka toisti vanhat vaatimuksensa Kirgisiassa pit\u00e4m\u00e4ss\u00e4\u00e4n puheess\u00e4.<\/p>\n<p class=\"article-body mb-nof-24 px-nof-16 sndp-summary-bullet-point-font\">Ulkopoliittisen instituutin vanhempi tutkija Jussi Lassila sanoo, ett\u00e4 t\u00e4m\u00e4 on merkki siit\u00e4, ett\u00e4 Ven\u00e4j\u00e4 ei en\u00e4\u00e4 luota sotilaalliseen suorituskykyyns\u00e4 yht\u00e4 vahvasti kuin aiemmin.<\/p>\n<p class=\"article-body mb-nof-24 px-nof-16 sndp-summary-bullet-point-font\">Yhdysvaltain presidentti Donald Trumpin asettamat pakotteet ven\u00e4l\u00e4isille \u00f6ljy-yhti\u00f6ille ovat kasvattaneet Ven\u00e4j\u00e4n neuvotteluhalukkuutta, ja niiden vaikutus n\u00e4kyy erityisesti ensi vuonna.<\/p>\n<p class=\"article-body mb-nof-24 px-nof-16\">\u2013\u2009T\u00e4m\u00e4 on toistaiseksi vakavin neuvotteluprosessi, joka matkan varrella on n\u00e4hty, Ulkopoliittisen instituutin vanhempi tutkija <a class=\"article-personlink\" href=\"https:\/\/www.is.fi\/haku\/?query=Jussi%20Lassila\" rel=\"nofollow noopener\" target=\"_blank\">Jussi Lassila<\/a> sanoo ISTV:n Ukraina-studiossa.<\/p>\n<p class=\"article-body mb-nof-24 px-nof-16\">\u2013\u2009Ensim\u00e4ist\u00e4 kertaa t\u00e4ss\u00e4 28-kohdan sopimusluonnoksen kohdissa, hyvinkin Ven\u00e4j\u00e4n kyn\u00e4st\u00e4 tulleiden, tyyliss\u00e4 oli havaittavissa sellaista, joka mielest\u00e4ni kieli tietynlaisesta muutoksesta.<\/p>\n<p><img decoding=\"async\" src=\"https:\/\/www.europesays.com\/fi\/wp-content\/uploads\/2025\/11\/1764303789_148_468.jpg\" alt=\"Vladimir Putin ripustaa omat rauhansuunnitelmansa Donald Trumpin kanssa Alaskassa k\u00e4ymiins\u00e4 keskusteluihin.\" class=\"_Img_1rerz_1\" style=\"aspect-ratio:1.5\" loading=\"eager\"\/><\/p>\n<p class=\"article-picture-caption\">Vladimir Putin ripustaa omat rauhansuunnitelmansa Donald Trumpin kanssa Alaskassa k\u00e4ymiins\u00e4 keskusteluihin. Kuva:\u00a0Andrew Caballero-Reynolds \/ AFP \/ Lehtikuva<\/p>\n<p class=\"article-body mb-nof-24 px-nof-16\">Ven\u00e4j\u00e4-tutkijan mukaan s\u00e4vy on edelleenkin maksimalistista, mutta sumuverhon l\u00e4pi n\u00e4kee, ett\u00e4 Ven\u00e4j\u00e4 on osoittamassa neuvotteluhalukkuutta.<\/p>\n<p class=\"article-body mb-nof-24 px-nof-16\">H\u00e4n toppuuttelee, ett\u00e4 Yhdysvaltain <a class=\"article-genericlink\" href=\"https:\/\/www.is.fi\/ulkomaat\/art-2000011652986.html\" rel=\"nofollow noopener\" target=\"_blank\">sopimusluonnokseen <\/a>tehtyjen \u201d<a class=\"article-genericlink\" href=\"https:\/\/www.is.fi\/ulkomaat\/art-2000011646856.html\" rel=\"nofollow noopener\" target=\"_blank\">v\u00e4ltt\u00e4m\u00e4tt\u00f6mien muutosten<\/a>\u201d j\u00e4lkeen ei tiedet\u00e4, miten Ven\u00e4j\u00e4 uuteen kokonaisuuteen reagoi.<\/p>\n<p class=\"article-body mb-nof-24 px-nof-16\">Presidentti <a class=\"article-personlink\" href=\"https:\/\/www.is.fi\/haku\/?query=Vladimir%20Putin\" rel=\"nofollow noopener\" target=\"_blank\">Vladimir Putin <\/a>muistutti torstaina iltap\u00e4iv\u00e4ll\u00e4 Suomen aikaa Kirgisiassa pit\u00e4m\u00e4ss\u00e4\u00e4n puheessa, ett\u00e4 Ven\u00e4j\u00e4 ei ole antamassa periksi Ukrainan sodan perimm\u00e4isist\u00e4 vaatimuksista.<\/p>\n<p class=\"article-body mb-nof-24 px-nof-16\">Putin muistutti erityisesti kaikkien Ven\u00e4j\u00e4n laittomasti itseens\u00e4 liitt\u00e4mien Ukrainan maakuntien \u2013 ei vain Donetskin \u2013 t\u00e4ydellisest\u00e4 haltuunottovaatimuksesta. Vain t\u00e4m\u00e4 lopettaisi taistelut.<\/p>\n<p class=\"article-body mb-nof-24 px-nof-16\">My\u00f6s kielt\u00e4ytyminen neuvottelemasta Ukrainan presidentin <a class=\"article-personlink\" href=\"https:\/\/www.is.fi\/haku\/?query=Volodymyr%20Zalenskyin\" rel=\"nofollow noopener\" target=\"_blank\">Volodymyr Zalenskyin <\/a>laittomana pit\u00e4m\u00e4ns\u00e4 hallinnon kanssa on vanhan toistoa.<\/p>\n<p class=\"article-body mb-nof-24 px-nof-16\">Mutta Putin ei tyrm\u00e4nnyt Yhdysvaltain rauhansuunnitelmaa. H\u00e4n mainitsi Kirgisian- puheessaan, ett\u00e4 Yhdysvaltojen suunnitelma voisi toimia tulevan rauhansopimuksen pohjana.<\/p>\n<p class=\"article-body mb-nof-24 px-nof-16\">T\u00e4m\u00e4 on Lassilan mielest\u00e4 merkki jostakin.<\/p>\n<p class=\"article-body mb-nof-24 px-nof-16\">\u2013\u2009Positiivinen siin\u00e4 mieless\u00e4, ett\u00e4 se selke\u00e4sti osoittaa, ett\u00e4 t\u00e4ss\u00e4 rauhanprosessissa on ensimm\u00e4ist\u00e4 kertaa menty n\u00e4in pitk\u00e4lle.<\/p>\n<p class=\"article-body mb-nof-24 px-nof-16\">\u2013\u2009Se kertoo tietenkin siit\u00e4, ett\u00e4 Ven\u00e4j\u00e4 ei luota en\u00e4\u00e4 sotilaalliseen suorituskykyyns\u00e4 tai voimaansa niin vahvasti kuin ennen.<\/p>\n<p><img decoding=\"async\" src=\"https:\/\/www.europesays.com\/fi\/wp-content\/uploads\/2025\/11\/1764303789_43_468.jpg\" alt=\"Putinin armeijan sotamenestys ei ole yht\u00e4 lennokasta, kuin uho antaa ymm\u00e4rt\u00e4\u00e4.\" class=\"_Img_1rerz_1\" style=\"aspect-ratio:1.5\" loading=\"eager\"\/><\/p>\n<p class=\"article-picture-caption\">Putinin armeijan sotamenestys ei ole yht\u00e4 lennokasta, kuin uho antaa ymm\u00e4rt\u00e4\u00e4. Kuva:\u00a0Russian presidential press service \/ EPA \/ AOP<\/p>\n<p class=\"article-body mb-nof-24 px-nof-16\">Tutkija p\u00e4\u00e4ttelee, ett\u00e4 jos Ven\u00e4j\u00e4 olisi resursseiltaan ja sotamenestykselt\u00e4\u00e4n saman mittainen, mit\u00e4 Putin ja propagandistit antavat uhossaan ymm\u00e4rt\u00e4\u00e4, sen ei tarvitsisi kuin \u201dheitt\u00e4\u00e4 p\u00f6yd\u00e4lle maksimalistisia tavoitteita\u201d.<\/p>\n<p class=\"article-body mb-nof-24 px-nof-16\">\u2013\u2009Jos Ven\u00e4j\u00e4 olisi sotilaallisesti niin voimakas, niin eih\u00e4n silloin tarvitsisi v\u00e4litt\u00e4\u00e4 mist\u00e4\u00e4n rauhanprosesseista, vaan se voisi puhtaasti sotilaallisen voimansa kautta sanella.<\/p>\n<p class=\"article-body mb-nof-24 px-nof-16\">Selv\u00e4\u00e4 kuitenkin on, ett\u00e4 Ven\u00e4j\u00e4 ei ole selk\u00e4 sein\u00e4\u00e4 vasten rintamalla, eik\u00e4 siten valmis antamaan neuvotteluissa paljoa periksi, elleiv\u00e4t presidentti <a class=\"article-personlink\" href=\"https:\/\/www.is.fi\/haku\/?query=Donald%20Trumpin\" rel=\"nofollow noopener\" target=\"_blank\">Donald Trumpin <\/a>pakotteet tai houkuttelevat diilit sit\u00e4 edellyt\u00e4.<\/p>\n<p class=\"article-body mb-nof-24 px-nof-16\">Yhdysvaltain ja Ven\u00e4j\u00e4n k\u00e4til\u00f6im\u00e4n 28-kohtaisen rauhansuunnitelman shokkivaikutus lieventyi, kun sit\u00e4 muokattiin Ukrainalle edullisemmaksi 19-kohtaiseksi.<\/p>\n<p class=\"article-body mb-nof-24 px-nof-16\">Uuden suunnitelman tarkkaa sis\u00e4lt\u00f6\u00e4 ei tiedet\u00e4, mutta sill\u00e4 voidaan spekuloida.<\/p>\n<p class=\"article-body mb-nof-24 px-nof-16\">Rauhansuunnitelmassa on maininnat Ukrainan Nato-j\u00e4senyyden ja l\u00e4ntisen joukkojen l\u00e4sn\u00e4olon kielt\u00e4misest\u00e4, mutta huomionarvoista on, ett\u00e4 denatsifikaatiosta ei ole en\u00e4\u00e4 mainintaa.<\/p>\n<p><img decoding=\"async\" src=\"https:\/\/www.europesays.com\/fi\/wp-content\/uploads\/2025\/11\/1764303790_103_468.jpg\" alt=\"Ukrainalaisia sotilaita Donetskin suunnalla 27.11.2025.\" class=\"_Img_1rerz_1\" style=\"aspect-ratio:1.4264487369985142\" loading=\"eager\"\/><\/p>\n<p class=\"article-picture-caption\">Ukrainalaisia sotilaita Donetskin suunnalla 27.11.2025. Kuva:\u00a0Stringer \/ Reuters<\/p>\n<p class=\"article-body mb-nof-24 px-nof-16\">Lassila kiinnitti huomion my\u00f6s Ukrainan armeijan koon rajoittamisen 600\u202f000 sotilaaseen.<\/p>\n<p class=\"article-body mb-nof-24 px-nof-16\">\u2013\u2009Koska aiemmissa versioissa se taisi olla 400\u202f000. Jos menn\u00e4\u00e4n Istanbulin sopimukseen 2022, se taisi olla 40\u202f000.<\/p>\n<p class=\"article-body mb-nof-24 px-nof-16\">\u2013\u2009Voi sanoa, ett\u00e4 n\u00e4m\u00e4 ovat jo merkkej\u00e4 vastaantulosta. Nyt on t\u00e4rke\u00e4\u00e4, ett\u00e4 luodaan tiettyj\u00e4 vastaehtoja, ett\u00e4 n\u00e4ist\u00e4 ei l\u00e4hdet\u00e4 joustamaan.<\/p>\n<p class=\"article-body mb-nof-24 px-nof-16\">Lassila korostaa Ven\u00e4j\u00e4n suurimmille \u00f6ljy-yhti\u00f6ille asetettujen pakotteiden heikent\u00e4v\u00e4\u00e4 vaikutusta Putinin uholle. T\u00e4m\u00e4 on saattanut vaikuttaa neuvotteluhalukkuuden kasvuun.<\/p>\n<p class=\"article-body mb-nof-24 px-nof-16\">\u2013\u2009Se on merkitt\u00e4v\u00e4 siirto. Sen vaikutus n\u00e4kyy jo nyt. Ja se n\u00e4kyy erityisesti ensi vuoden puolella.<\/p>\n<p class=\"article-body mb-nof-24 px-nof-16\">Lassila pit\u00e4isi erikoisena, jos Ven\u00e4j\u00e4 ei yrit\u00e4 jo <a class=\"article-personlink\" href=\"https:\/\/www.is.fi\/haku\/?query=Steve%20Wittkoffin\" rel=\"nofollow noopener\" target=\"_blank\">Steve Wittkoffin <\/a>Moskovan-vierailun yhteydess\u00e4 esitt\u00e4\u00e4, ett\u00e4 \u201dprosessia voidaan jatkaa, mutta n\u00e4ist\u00e4 pakotteista pit\u00e4\u00e4 luopua\u201d.<\/p>\n<p class=\"article-body mb-nof-24 px-nof-16\">\u2013\u2009Silloin riski on olemassa, ett\u00e4 Trump t\u00e4h\u00e4n taas taipuu.<\/p>\n<p class=\"article-body mb-nof-24 px-nof-16\">Putin mainitsikin kipe\u00e4t pakotteet Kirgisian-puheessaan:<\/p>\n<p class=\"article-body mb-nof-24 px-nof-16\">\u2013\u2009Olin yll\u00e4ttynyt pakotteista ven\u00e4l\u00e4isi\u00e4 \u00f6ljy-yhti\u00f6it\u00e4 vastaan. Pakotteet tuhoavat meid\u00e4n suhteemme Yhdysvaltoihin, Putin muotoili.<\/p>\n<p class=\"article-body mb-nof-24 px-nof-16\">Lassila uskoo, ett\u00e4 Ven\u00e4j\u00e4 haluaa rauhaa, mutta maksimalistisilla ehdoillaan. Niihin sis\u00e4ltyy tavoite edullisesta diilist\u00e4, joka saadaan Trumpia hyv\u00e4ksi k\u00e4ytt\u00e4en.<\/p>\n<p class=\"article-body mb-nof-24 px-nof-16\">\u2013\u2009Ven\u00e4j\u00e4n ongelmana on my\u00f6s se, ett\u00e4 se ei oikein l\u00f6yd\u00e4 luontevaa ulosp\u00e4\u00e4sy\u00e4 sotapolitiikasta, koska siihen kytkeytyy niin paljon Ven\u00e4j\u00e4n sis\u00e4isi\u00e4 ja taloudellisia intressej\u00e4. Erityisesti sotateollisuudessa, mutta ylip\u00e4\u00e4t\u00e4\u00e4n politiikan hallinnan kannalta.<\/p>\n<p><img decoding=\"async\" src=\"https:\/\/www.europesays.com\/fi\/wp-content\/uploads\/2025\/11\/1764303790_196_320.jpg\" alt=\"Ulkopoliittisen instituutin vanhempi tutkija Jussi Lassila.\" class=\"_Img_1rerz_1\" style=\"aspect-ratio:1.5\" loading=\"eager\"\/><\/p>\n<p class=\"article-picture-caption\">Ulkopoliittisen instituutin vanhempi tutkija Jussi Lassila. Kuva:\u00a0Lassi Rinne<\/p>\n<p class=\"article-body mb-nof-24 px-nof-16\">\u2013\u2009Mutta jos katsoo Ven\u00e4j\u00e4n yhteiskuntaa, tyytym\u00e4tt\u00f6myys on kasvussa.<\/p>\n<p class=\"article-body mb-nof-24 px-nof-16\">Ven\u00e4j\u00e4ll\u00e4 pohditaan sodan lopettamista, kunhan se olisi myyt\u00e4viss\u00e4 kansalaisille selke\u00e4n\u00e4 voittona.<\/p>\n<p class=\"article-body mb-nof-24 px-nof-16\">\u2013\u2009Se varmasti my\u00f6s Putinia miellytt\u00e4\u00e4. Mutta selke\u00e4\u00e4 tiekarttaa siihen ei ole.<\/p>\n<p class=\"article-body mb-nof-24 px-nof-16\">\u2013\u2009Voi olla, ett\u00e4 Putin ei itsek\u00e4\u00e4n tied\u00e4, onko h\u00e4n valmis hyv\u00e4ksym\u00e4\u00e4n sellaisen sopimuksen, joka n\u00e4ytt\u00e4ytyisi Ven\u00e4j\u00e4n kannalta hyvinkin edullisena.<\/p>\n<p class=\"article-body mb-nof-24 px-nof-16\">Yll\u00e4 olevalla videolla tutkija Jussi Lassilan haastattelu kokonaisuudessaan.<\/p>\n","protected":false},"excerpt":{"rendered":"Vaikka Putin jyrisi Kirgisiassa, h\u00e4n ei tyrm\u00e4nnyt Yhdysvaltain rauhansuunnitelmaa. Lue tiivistelm\u00e4 Tiivistelm\u00e4 on teko\u00e4lyn tekem\u00e4 ja ihmisen tarkistama.&hellip;\n","protected":false},"author":2,"featured_media":102025,"comment_status":"","ping_status":"","sticky":false,"template":"","format":"standard","meta":{"footnotes":""},"categories":[14],"tags":[22,23,26,27,33,31,30,17,34,24,25,28,29,15,18,21,32,19,20,56,16,59,60,61],"class_list":{"0":"post-102024","1":"post","2":"type-post","3":"status-publish","4":"format-standard","5":"has-post-thumbnail","7":"category-ulkomaat","8":"tag-breaking-news","9":"tag-breakingnews","10":"tag-featured-news","11":"tag-featurednews","12":"tag-fi","13":"tag-finland","14":"tag-finnish","15":"tag-headlines","16":"tag-ilta-sanomat","17":"tag-latest-news","18":"tag-latestnews","19":"tag-main-news","20":"tag-mainnews","21":"tag-news","22":"tag-otsikot","23":"tag-paauutiset","24":"tag-suomi","25":"tag-top-stories","26":"tag-topstories","27":"tag-ulkomaat","28":"tag-uutiset","29":"tag-world","30":"tag-world-news","31":"tag-worldnews"},"share_on_mastodon":{"url":"https:\/\/pubeurope.com\/@fi\/115625420871036028","error":""},"_links":{"self":[{"href":"https:\/\/www.europesays.com\/fi\/wp-json\/wp\/v2\/posts\/102024","targetHints":{"allow":["GET"]}}],"collection":[{"href":"https:\/\/www.europesays.com\/fi\/wp-json\/wp\/v2\/posts"}],"about":[{"href":"https:\/\/www.europesays.com\/fi\/wp-json\/wp\/v2\/types\/post"}],"author":[{"embeddable":true,"href":"https:\/\/www.europesays.com\/fi\/wp-json\/wp\/v2\/users\/2"}],"replies":[{"embeddable":true,"href":"https:\/\/www.europesays.com\/fi\/wp-json\/wp\/v2\/comments?post=102024"}],"version-history":[{"count":0,"href":"https:\/\/www.europesays.com\/fi\/wp-json\/wp\/v2\/posts\/102024\/revisions"}],"wp:featuredmedia":[{"embeddable":true,"href":"https:\/\/www.europesays.com\/fi\/wp-json\/wp\/v2\/media\/102025"}],"wp:attachment":[{"href":"https:\/\/www.europesays.com\/fi\/wp-json\/wp\/v2\/media?parent=102024"}],"wp:term":[{"taxonomy":"category","embeddable":true,"href":"https:\/\/www.europesays.com\/fi\/wp-json\/wp\/v2\/categories?post=102024"},{"taxonomy":"post_tag","embeddable":true,"href":"https:\/\/www.europesays.com\/fi\/wp-json\/wp\/v2\/tags?post=102024"}],"curies":[{"name":"wp","href":"https:\/\/api.w.org\/{rel}","templated":true}]}}