{"id":102026,"date":"2025-11-28T04:24:11","date_gmt":"2025-11-28T04:24:11","guid":{"rendered":"https:\/\/www.europesays.com\/fi\/102026\/"},"modified":"2025-11-28T04:24:11","modified_gmt":"2025-11-28T04:24:11","slug":"keskisuomalainen-sulkee-kouvolan-sanomalehtipainon-hs-fi","status":"publish","type":"post","link":"https:\/\/www.europesays.com\/fi\/102026\/","title":{"rendered":"Keskisuomalainen sulkee Kouvolan sanomalehtipainon | HS.fi"},"content":{"rendered":"<p>Muutosneuvottelut|Sulkemisen my\u00f6t\u00e4 yhti\u00f6 irtisanoo 22 ihmist\u00e4 taloudellisista ja tuotannollisista syist\u00e4.<\/p>\n<p>27.11. 16:44<\/p>\n<p class=\"article-body mb-nof-24 px-nof-16\">Keskisuomalainen-konsernin tyt\u00e4ryhti\u00f6 Lehtisep\u00e4t sulkee Kouvolan sanomalehtipainon muutosneuvottelujen p\u00e4\u00e4tteeksi. Sulkemisen my\u00f6t\u00e4 yhti\u00f6 irtisanoo 22 ihmist\u00e4 taloudellisista ja tuotannollisista syist\u00e4. Osana tehostamistoimia paino suljetaan t\u00e4m\u00e4n vuoden lopussa.<\/p>\n<p class=\"article-body mb-nof-24 px-nof-16\">Lehtisep\u00e4t k\u00e4ynnisti muutosneuvottelut lokakuun lopulla tavoitteena organisoida uudelleen ja tehostaa Kouvolan sanomalehtipainon toimintoja.<\/p>\n","protected":false},"excerpt":{"rendered":"Muutosneuvottelut|Sulkemisen my\u00f6t\u00e4 yhti\u00f6 irtisanoo 22 ihmist\u00e4 taloudellisista ja tuotannollisista syist\u00e4. 27.11. 16:44 Keskisuomalainen-konsernin tyt\u00e4ryhti\u00f6 Lehtisep\u00e4t sulkee Kouvolan sanomalehtipainon&hellip;\n","protected":false},"author":2,"featured_media":96697,"comment_status":"","ping_status":"","sticky":false,"template":"","format":"standard","meta":{"footnotes":""},"categories":[12],"tags":[22,23,26,27,33,31,30,17,46,24,25,28,29,15,18,21,32,19,20,16],"class_list":{"0":"post-102026","1":"post","2":"type-post","3":"status-publish","4":"format-standard","5":"has-post-thumbnail","7":"category-suomi","8":"tag-breaking-news","9":"tag-breakingnews","10":"tag-featured-news","11":"tag-featurednews","12":"tag-fi","13":"tag-finland","14":"tag-finnish","15":"tag-headlines","16":"tag-helsingin-sanomat","17":"tag-latest-news","18":"tag-latestnews","19":"tag-main-news","20":"tag-mainnews","21":"tag-news","22":"tag-otsikot","23":"tag-paauutiset","24":"tag-suomi","25":"tag-top-stories","26":"tag-topstories","27":"tag-uutiset"},"share_on_mastodon":{"url":"https:\/\/pubeurope.com\/@fi\/115625424694928321","error":""},"_links":{"self":[{"href":"https:\/\/www.europesays.com\/fi\/wp-json\/wp\/v2\/posts\/102026","targetHints":{"allow":["GET"]}}],"collection":[{"href":"https:\/\/www.europesays.com\/fi\/wp-json\/wp\/v2\/posts"}],"about":[{"href":"https:\/\/www.europesays.com\/fi\/wp-json\/wp\/v2\/types\/post"}],"author":[{"embeddable":true,"href":"https:\/\/www.europesays.com\/fi\/wp-json\/wp\/v2\/users\/2"}],"replies":[{"embeddable":true,"href":"https:\/\/www.europesays.com\/fi\/wp-json\/wp\/v2\/comments?post=102026"}],"version-history":[{"count":0,"href":"https:\/\/www.europesays.com\/fi\/wp-json\/wp\/v2\/posts\/102026\/revisions"}],"wp:featuredmedia":[{"embeddable":true,"href":"https:\/\/www.europesays.com\/fi\/wp-json\/wp\/v2\/media\/96697"}],"wp:attachment":[{"href":"https:\/\/www.europesays.com\/fi\/wp-json\/wp\/v2\/media?parent=102026"}],"wp:term":[{"taxonomy":"category","embeddable":true,"href":"https:\/\/www.europesays.com\/fi\/wp-json\/wp\/v2\/categories?post=102026"},{"taxonomy":"post_tag","embeddable":true,"href":"https:\/\/www.europesays.com\/fi\/wp-json\/wp\/v2\/tags?post=102026"}],"curies":[{"name":"wp","href":"https:\/\/api.w.org\/{rel}","templated":true}]}}