{"id":102027,"date":"2025-11-28T04:25:16","date_gmt":"2025-11-28T04:25:16","guid":{"rendered":"https:\/\/www.europesays.com\/fi\/102027\/"},"modified":"2025-11-28T04:25:16","modified_gmt":"2025-11-28T04:25:16","slug":"vuodesta-2004-valtuutettuna-toiminut-uunona-luopuu-hitler-nimestaan","status":"publish","type":"post","link":"https:\/\/www.europesays.com\/fi\/102027\/","title":{"rendered":"Vuodesta 2004 valtuutettuna toiminut Uunona luopuu Hitler-nimest\u00e4\u00e4n"},"content":{"rendered":"<p>Namibialaispoliitikko p\u00e4\u00e4tti poistaa Hitlerin nimest\u00e4\u00e4n.<\/p>\n<p><img decoding=\"async\" class=\"image image-show image-preview\" src=\"https:\/\/www.europesays.com\/fi\/wp-content\/uploads\/2025\/11\/29312e443cb4d07a01d34d2ec0d91535d1c41d7e6de540b3042cd26267132b8e.jpg\" alt=\"\"\/><img decoding=\"async\" class=\"image image-show\" src=\"https:\/\/www.europesays.com\/fi\/wp-content\/uploads\/2025\/11\/1764303915_187_29312e443cb4d07a01d34d2ec0d91535d1c41d7e6de540b3042cd26267132b8e.jpg\" alt=\"\"\/><\/p>\n<p>Namibian valtion alueella sijaitsi vuosien 1884\u20131919 ajan Saksan siirtomaa, Saksan Lounais-Afrikka. Ensimm\u00e4inen saksalainen keskitysleiri sijaitsi aikoinaan Shark Islandin niemimaalla L\u00fcderitzin laitamilla nykyisess\u00e4 Etel\u00e4-Namibiassa. Kuvituskuva. Kristin Palitza, ZumaWire \/ MVPHOTOS<\/p>\n<p class=\"paragraph\">Namibialainen poliitikko <a href=\"https:\/\/www.iltalehti.fi\/henkilot\/Adolf Hitler Uunona\" class=\"article-link-person-page\" rel=\"nofollow noopener\" target=\"_blank\">Adolf Hitler Uunona<\/a> ei en\u00e4\u00e4 halua tulla tunnetuksi syntym\u00e4nimell\u00e4\u00e4n. Uunona ilmoitti keskiviikkona poistaneensa nimest\u00e4\u00e4n Hitlerin, ja h\u00e4nt\u00e4 voi vastaisuudessa kutsua Adolf Uunonaksi.<\/p>\n<p class=\"paragraph\">Namibian \u201dAdolf Hitler\u201d toimii maan Oshanan alueella Ompundjan vaalipiiriss\u00e4 valtuutettuna. Namibialaispoliitikon nimenmuutoksesta uutisoi <a href=\"https:\/\/www.namibian.com.na\/namibias-adolf-hitler-changes-birth-name\/\" target=\"_blank\" rel=\"noopener nofollow\">The Namibian<\/a>.<\/p>\n<p class=\"paragraph\">Uunonan mukaan h\u00e4nen nimens\u00e4 ei heijasta h\u00e4nen luonnettaan saati tavoitteitaan. Uunona on selv\u00e4sanaisesti et\u00e4\u00e4nnytt\u00e4nyt itsens\u00e4 natsien ideologiasta. H\u00e4nen mukaansa h\u00e4nen is\u00e4ns\u00e4 nimesi h\u00e4net Adolf Hitleriksi ymm\u00e4rt\u00e4m\u00e4tt\u00e4 nimen historiallista merkityst\u00e4.<\/p>\n<p class=\"paragraph\">\u2013 Minun nimeni ei ole Adolf Hitler. Olen Adolf Uunona. Olen n\u00e4hnyt aiemmin ihmisten kutsuvan minua Adolf Hitleriksi yritt\u00e4en yhdist\u00e4\u00e4 minut johonkuhun, jota en edes tunne, Uunona sanoi keskiviikkona The Namibianille.<\/p>\n<p class=\"paragraph\">Uunona on toiminut Namibiassa valtuutettuna vuodesta 2004 l\u00e4htien ja voittanut edelliset vaalit vuosina 2015 ja 2020 merkitt\u00e4v\u00e4ll\u00e4 enemmist\u00f6ll\u00e4.<\/p>\n","protected":false},"excerpt":{"rendered":"Namibialaispoliitikko p\u00e4\u00e4tti poistaa Hitlerin nimest\u00e4\u00e4n. Namibian valtion alueella sijaitsi vuosien 1884\u20131919 ajan Saksan siirtomaa, Saksan Lounais-Afrikka. Ensimm\u00e4inen saksalainen&hellip;\n","protected":false},"author":2,"featured_media":102028,"comment_status":"","ping_status":"","sticky":false,"template":"","format":"standard","meta":{"footnotes":""},"categories":[5],"tags":[35,22,23,26,27,33,31,30,17,1433,24,25,803,28,29,15,18,21,17539,637,805,32,19,20,16],"class_list":{"0":"post-102027","1":"post","2":"type-post","3":"status-publish","4":"format-standard","5":"has-post-thumbnail","7":"category-otsikot","8":"tag-24h","9":"tag-breaking-news","10":"tag-breakingnews","11":"tag-featured-news","12":"tag-featurednews","13":"tag-fi","14":"tag-finland","15":"tag-finnish","16":"tag-headlines","17":"tag-historia","18":"tag-latest-news","19":"tag-latestnews","20":"tag-levottomuudet-ja-sodat","21":"tag-main-news","22":"tag-mainnews","23":"tag-news","24":"tag-otsikot","25":"tag-paauutiset","26":"tag-poliittiset-ideologiat","27":"tag-politiikka","28":"tag-sota","29":"tag-suomi","30":"tag-top-stories","31":"tag-topstories","32":"tag-uutiset"},"share_on_mastodon":{"url":"https:\/\/pubeurope.com\/@fi\/115625428585016942","error":""},"_links":{"self":[{"href":"https:\/\/www.europesays.com\/fi\/wp-json\/wp\/v2\/posts\/102027","targetHints":{"allow":["GET"]}}],"collection":[{"href":"https:\/\/www.europesays.com\/fi\/wp-json\/wp\/v2\/posts"}],"about":[{"href":"https:\/\/www.europesays.com\/fi\/wp-json\/wp\/v2\/types\/post"}],"author":[{"embeddable":true,"href":"https:\/\/www.europesays.com\/fi\/wp-json\/wp\/v2\/users\/2"}],"replies":[{"embeddable":true,"href":"https:\/\/www.europesays.com\/fi\/wp-json\/wp\/v2\/comments?post=102027"}],"version-history":[{"count":0,"href":"https:\/\/www.europesays.com\/fi\/wp-json\/wp\/v2\/posts\/102027\/revisions"}],"wp:featuredmedia":[{"embeddable":true,"href":"https:\/\/www.europesays.com\/fi\/wp-json\/wp\/v2\/media\/102028"}],"wp:attachment":[{"href":"https:\/\/www.europesays.com\/fi\/wp-json\/wp\/v2\/media?parent=102027"}],"wp:term":[{"taxonomy":"category","embeddable":true,"href":"https:\/\/www.europesays.com\/fi\/wp-json\/wp\/v2\/categories?post=102027"},{"taxonomy":"post_tag","embeddable":true,"href":"https:\/\/www.europesays.com\/fi\/wp-json\/wp\/v2\/tags?post=102027"}],"curies":[{"name":"wp","href":"https:\/\/api.w.org\/{rel}","templated":true}]}}