{"id":102029,"date":"2025-11-28T04:37:09","date_gmt":"2025-11-28T04:37:09","guid":{"rendered":"https:\/\/www.europesays.com\/fi\/102029\/"},"modified":"2025-11-28T04:37:09","modified_gmt":"2025-11-28T04:37:09","slug":"victoria-carl-karysi-kerttu-niskanen-ja-krista-parmakoski-lataavat-suorat-sanat","status":"publish","type":"post","link":"https:\/\/www.europesays.com\/fi\/102029\/","title":{"rendered":"Victoria Carl k\u00e4rysi, Kerttu Niskanen ja Krista P\u00e4rm\u00e4koski lataavat suorat sanat"},"content":{"rendered":"<p>Yksi maailman k\u00e4rkihiiht\u00e4jist\u00e4 k\u00e4rysi. Mit\u00e4 Suomen t\u00e4hdet siit\u00e4 ajattelevat?<\/p>\n<p>Olympiakausi alkaa Rukalla.<\/p>\n<p class=\"article-body mb-nof-24 px-nof-16\">T\u00e4ll\u00e4 viikolla selvisi, ettei Saksan <a class=\"article-personlink\" href=\"https:\/\/www.is.fi\/haku\/?query=Victoria%20Carlia\" rel=\"nofollow noopener\" target=\"_blank\">Victoria Carlia<\/a> n\u00e4hd\u00e4 kilpaladuilla alkavalla kaudella.<\/p>\n<p class=\"article-body mb-nof-24 px-nof-16\">Carl antoi positiivisen dopingn\u00e4ytteen maaliskuussa sotilasurheilun MM-kisoissa. H\u00e4nen kehostaan l\u00f6ytyi klenbuterolia.<\/p>\n<p class=\"article-body mb-nof-24 px-nof-16\">Lue lis\u00e4\u00e4: <a class=\"article-genericlink\" href=\"https:\/\/www.is.fi\/maastohiihto\/art-2000011650871.html\" rel=\"nofollow noopener\" target=\"_blank\">Huippu\u00adhiiht\u00e4j\u00e4 Victoria Carlin kohtalo varmistui<\/a><\/p>\n<p class=\"article-body mb-nof-24 px-nof-16\">Carlin, 30, kanssa vuosikaupalla samoista sijoista v\u00e4\u00e4nt\u00e4neelt\u00e4<a class=\"article-personlink\" href=\"https:\/\/www.is.fi\/haku\/?query=%20Kerttu%20Niskaselta\" rel=\"nofollow noopener\" target=\"_blank\"> Kerttu Niskaselta <\/a>ei heru ymm\u00e4rryst\u00e4 saksalaiselle.<\/p>\n<p class=\"article-body mb-nof-24 px-nof-16\">\u2013 Kyll\u00e4 se pys\u00e4ytt\u00e4\u00e4 ja kolauttaa, kun joku noin ik\u00e4v\u00e4\u00e4n temppuun sortuu.<\/p>\n<p class=\"article-body mb-nof-24 px-nof-16\">Niskanen kertoo, ettei ollut uskoa todeksi Carlin k\u00e4ry\u00e4, kun h\u00e4n kuuli asiasta kes\u00e4ll\u00e4.<\/p>\n<p class=\"article-body mb-nof-24 px-nof-16\">\u2013 En osaa muuta sanoa kuin ett\u00e4 surullista. Kyll\u00e4 tuollaisesta pit\u00e4\u00e4 saada rangaistus, Niskanen vaatii.<\/p>\n<p><img decoding=\"async\" src=\"https:\/\/www.europesays.com\/fi\/wp-content\/uploads\/2025\/11\/1764304628_262_468.jpg\" alt=\"Victoria Carl on parisprintin olympiavoittaja. Maailmancupin palkintokorokkeelle h\u00e4n on noussut yhdeks\u00e4n kertaa.\" class=\"_Img_1rerz_1\" style=\"aspect-ratio:1.6382252559726962\" loading=\"eager\"\/><\/p>\n<p class=\"article-picture-caption\">Victoria Carl on parisprintin olympiavoittaja. Maailmancupin palkintokorokkeelle h\u00e4n on noussut yhdeks\u00e4n kertaa. Kuva:\u00a0Hendrik Schmidt<\/p>\n<p class=\"article-body mb-nof-24 px-nof-16\">My\u00f6s<a class=\"article-personlink\" href=\"https:\/\/www.is.fi\/haku\/?query=%20Johanna%20Matintalo\" rel=\"nofollow noopener\" target=\"_blank\"> Johanna Matintalo <\/a>toistelee, kuinka surullinen uutinen Carlin dopingk\u00e4ry oli.<\/p>\n<p class=\"article-body mb-nof-24 px-nof-16\">\u2013 Se romuttaisi koko antidopingj\u00e4rjestelm\u00e4n, jos elimist\u00f6st\u00e4 l\u00f6ytyy noin kovaa ainetta eik\u00e4 siit\u00e4 saisi rangaistusta. Ihan oikein, ett\u00e4 h\u00e4n menett\u00e4\u00e4 ainakin t\u00e4m\u00e4n kauden eik\u00e4 p\u00e4\u00e4se olympialaisiin.<\/p>\n<p class=\"article-body mb-nof-24 px-nof-16\">Carlin dopingtapauksen k\u00e4sittely on edelleen kesken, mutta h\u00e4net on asetettu toistaiseksi voimassa olevaan kilpailukieltoon.<\/p>\n<p class=\"article-body mb-nof-24 px-nof-16\">Sattumoisin juuri Carl vei Suomelta viestin MM-mitalin viime talvena Trondheimissa.<\/p>\n<p class=\"article-body mb-nof-24 px-nof-16\">\u2013 H\u00e4n oli se hiiht\u00e4j\u00e4, joka oli minun kanssani loppusuoralla viestiss\u00e4, nelj\u00e4nneksi taipuneen Suomen ankkuri <a class=\"article-personlink\" href=\"https:\/\/www.is.fi\/haku\/?query=Jasmi%20Joensuu\" rel=\"nofollow noopener\" target=\"_blank\">Jasmi Joensuu<\/a> toteaa nyt lakonisesti.<\/p>\n<p class=\"article-body mb-nof-24 px-nof-16\">\u2013 Mutta kyll\u00e4h\u00e4n t\u00e4m\u00e4 kertoo, ett\u00e4 dopingtestaus toimii. Saadaan kiinni urheilijoita, jotka ovat k\u00e4ytt\u00e4neet v\u00e4\u00e4ri\u00e4 aineita. Oli se sitten vahinko tai ei. Se on tietysti hieno asia, Joensuu jatkaa.<\/p>\n<p><img decoding=\"async\" src=\"https:\/\/www.europesays.com\/fi\/wp-content\/uploads\/2025\/11\/1764304628_793_468.jpg\" alt=\"Victoria Carl vei viestin MM-pronssin Jasmi Joensuun ja Suomen joukkueen nen\u00e4n edest\u00e4 viime kev\u00e4\u00e4n\u00e4. Jokunen viikko my\u00f6hemmin Carl antoi positiivisen dopingn\u00e4ytteen.\" class=\"_Img_1rerz_1\" style=\"aspect-ratio:1.4045354791514264\" loading=\"eager\"\/><\/p>\n<p class=\"article-picture-caption\">Victoria Carl vei viestin MM-pronssin Jasmi Joensuun ja Suomen joukkueen nen\u00e4n edest\u00e4 viime kev\u00e4\u00e4n\u00e4. Jokunen viikko my\u00f6hemmin Carl antoi positiivisen dopingn\u00e4ytteen. Kuva:\u00a0REUTERS\/Kai Pfaffenbach<\/p>\n<p class=\"article-body mb-nof-24 px-nof-16\">Carl on kiist\u00e4nyt k\u00e4ytt\u00e4neens\u00e4 kielletty\u00e4 ainetta tietoisesti ja on syytt\u00e4nyt virheest\u00e4 muun muassa saamaansa v\u00e4\u00e4r\u00e4\u00e4 l\u00e4\u00e4kityst\u00e4. H\u00e4n on v\u00e4itt\u00e4nyt k\u00e4ryn syyksi \u201dhetken huolimattomuuttaan\u201d.<\/p>\n<p class=\"article-body mb-nof-24 px-nof-16\">\u2013 Totuuttahan ei varmaan kukaan pysty sanomaan, ett\u00e4 miten se on mennyt. Mutta ihan hyvin uskon, ett\u00e4 se on ollut kuitenkin puhdas vahinko, <a class=\"article-personlink\" href=\"https:\/\/www.is.fi\/haku\/?query=Krista%20P%C3%A4rm%C3%A4koski\" rel=\"nofollow noopener\" target=\"_blank\">Krista P\u00e4rm\u00e4koski<\/a> sanoo.<\/p>\n<p class=\"article-body mb-nof-24 px-nof-16\">P\u00e4rm\u00e4koski kertoo kilpasiskon dopingk\u00e4ryn h\u00e4tk\u00e4hdytt\u00e4neen ja saaneen h\u00e4net itsens\u00e4kin entist\u00e4 tarkemmaksi.<\/p>\n<p class=\"article-body mb-nof-24 px-nof-16\">\u2013 Sit\u00e4 alkaa my\u00f6s v\u00e4h\u00e4n ep\u00e4ill\u00e4, ett\u00e4 apua, voinko min\u00e4 ottaa viel\u00e4 t\u00e4t\u00e4 C-vitamiinia vai en. Totta kai aina mietin vitamiinit ja l\u00e4\u00e4kkeet, mutta aina tulee mieleen, ett\u00e4 voiko n\u00e4in viel\u00e4 k\u00e4yd\u00e4, P\u00e4rm\u00e4koski sanoo.<\/p>\n<p class=\"article-body mb-nof-24 px-nof-16\">Matintalon on vaikea ymm\u00e4rt\u00e4\u00e4, miten Carlin kaltainen kokenut ammattiurheilija ei ole kartalla siit\u00e4, mit\u00e4 suuhunsa panee.<\/p>\n<p class=\"article-body mb-nof-24 px-nof-16\">\u2013 Jos k\u00e4yt\u00e4n jotakin uutta l\u00e4\u00e4kett\u00e4, tarkistan aina l\u00e4\u00e4k\u00e4rilt\u00e4 ja Kamu-l\u00e4\u00e4kehakusovelluksesta, ett\u00e4 onhan se sallittua. Vaikka kaikki n\u00e4ytt\u00e4\u00e4 vihre\u00e4\u00e4, viel\u00e4 senkin j\u00e4lkeen on usein pieni pelko, ett\u00e4 uskaltaako t\u00e4t\u00e4 ottaa, Matintalo kertoo.<\/p>\n<p class=\"article-body mb-nof-24 px-nof-16\"><a class=\"article-personlink\" href=\"https:\/\/www.is.fi\/haku\/?query=Ristomatti%20Hakola\" rel=\"nofollow noopener\" target=\"_blank\">Ristomatti Hakola<\/a> kertoo arkisen esimerkin siit\u00e4, millaista stressi\u00e4 l\u00e4\u00e4keaineiden kytt\u00e4\u00e4minen aiheuttaa.<\/p>\n<p class=\"article-body mb-nof-24 px-nof-16\">\u2013 Koiramme tarvitsee paljon l\u00e4\u00e4kkeit\u00e4, ja meill\u00e4 on kotona k\u00e4yty paljon taistelua siit\u00e4, ettei niit\u00e4 l\u00e4\u00e4kkeit\u00e4 k\u00e4sitell\u00e4 samoissa paikoissa kuin mit\u00e4\u00e4n, mit\u00e4 min\u00e4 suuhuni laitan.<\/p>\n<p class=\"article-body mb-nof-24 px-nof-16\">\u2013 Aina on testiss\u00e4 pelko persiiss\u00e4, vaikka tiet\u00e4\u00e4, ettei ole mit\u00e4\u00e4n kielletty\u00e4 ottanut, Hakola huokailee.<\/p>\n<p><img decoding=\"async\" src=\"https:\/\/www.europesays.com\/fi\/wp-content\/uploads\/2025\/11\/1764304629_313_468.jpg\" alt=\"Ristomatti Hakolan mukaan vahinkoja sattuu. H\u00e4n itse on kuitenkin tarkkana, ettei vahingossakaan k\u00e4yt\u00e4 mit\u00e4\u00e4n kielletty\u00e4 aineita.\" class=\"_Img_1rerz_1\" style=\"aspect-ratio:1.384282624369142\" loading=\"eager\"\/><\/p>\n<p class=\"article-picture-caption\">Ristomatti Hakolan mukaan vahinkoja sattuu. H\u00e4n itse on kuitenkin tarkkana, ettei vahingossakaan k\u00e4yt\u00e4 mit\u00e4\u00e4n kielletty\u00e4 aineita. Kuva:\u00a0Markku Ulander<\/p>\n<p class=\"article-body mb-nof-24 px-nof-16\"><a class=\"article-personlink\" href=\"https:\/\/www.is.fi\/haku\/?query=Lauri%20Vuorinen\" rel=\"nofollow noopener\" target=\"_blank\">Lauri Vuorinen<\/a> taas sanoo luottavansa, ett\u00e4 Carl saa ansaitsemansa rangaistuksen.<\/p>\n<p class=\"article-body mb-nof-24 px-nof-16\">\u2013 Carl on k\u00e4rsinyt asianmukaisen rangaistuksen siin\u00e4 vaiheessa, kun h\u00e4n p\u00e4\u00e4see taas hiiht\u00e4m\u00e4\u00e4n. Eik\u00f6s se ole rangaistuksen idea, ett\u00e4 voi oppia virheist\u00e4\u00e4n ja tehd\u00e4 parannuksen? Vuorinen kysyy.<\/p>\n","protected":false},"excerpt":{"rendered":"Yksi maailman k\u00e4rkihiiht\u00e4jist\u00e4 k\u00e4rysi. Mit\u00e4 Suomen t\u00e4hdet siit\u00e4 ajattelevat? Olympiakausi alkaa Rukalla. T\u00e4ll\u00e4 viikolla selvisi, ettei Saksan Victoria&hellip;\n","protected":false},"author":2,"featured_media":102030,"comment_status":"","ping_status":"","sticky":false,"template":"","format":"standard","meta":{"footnotes":""},"categories":[136],"tags":[407,137,33,31,30,34,408,32,109],"class_list":{"0":"post-102029","1":"post","2":"type-post","3":"status-publish","4":"format-standard","5":"has-post-thumbnail","7":"category-julkkikset","8":"tag-celebrities","9":"tag-entertainment","10":"tag-fi","11":"tag-finland","12":"tag-finnish","13":"tag-ilta-sanomat","14":"tag-julkkikset","15":"tag-suomi","16":"tag-viihde"},"share_on_mastodon":{"url":"https:\/\/pubeurope.com\/@fi\/115625475896737167","error":""},"_links":{"self":[{"href":"https:\/\/www.europesays.com\/fi\/wp-json\/wp\/v2\/posts\/102029","targetHints":{"allow":["GET"]}}],"collection":[{"href":"https:\/\/www.europesays.com\/fi\/wp-json\/wp\/v2\/posts"}],"about":[{"href":"https:\/\/www.europesays.com\/fi\/wp-json\/wp\/v2\/types\/post"}],"author":[{"embeddable":true,"href":"https:\/\/www.europesays.com\/fi\/wp-json\/wp\/v2\/users\/2"}],"replies":[{"embeddable":true,"href":"https:\/\/www.europesays.com\/fi\/wp-json\/wp\/v2\/comments?post=102029"}],"version-history":[{"count":0,"href":"https:\/\/www.europesays.com\/fi\/wp-json\/wp\/v2\/posts\/102029\/revisions"}],"wp:featuredmedia":[{"embeddable":true,"href":"https:\/\/www.europesays.com\/fi\/wp-json\/wp\/v2\/media\/102030"}],"wp:attachment":[{"href":"https:\/\/www.europesays.com\/fi\/wp-json\/wp\/v2\/media?parent=102029"}],"wp:term":[{"taxonomy":"category","embeddable":true,"href":"https:\/\/www.europesays.com\/fi\/wp-json\/wp\/v2\/categories?post=102029"},{"taxonomy":"post_tag","embeddable":true,"href":"https:\/\/www.europesays.com\/fi\/wp-json\/wp\/v2\/tags?post=102029"}],"curies":[{"name":"wp","href":"https:\/\/api.w.org\/{rel}","templated":true}]}}