{"id":102039,"date":"2025-11-28T04:49:09","date_gmt":"2025-11-28T04:49:09","guid":{"rendered":"https:\/\/www.europesays.com\/fi\/102039\/"},"modified":"2025-11-28T04:49:09","modified_gmt":"2025-11-28T04:49:09","slug":"rakettien-laukaisualusta-baikonurissa-vaurioitui-ilta-sanomat","status":"publish","type":"post","link":"https:\/\/www.europesays.com\/fi\/102039\/","title":{"rendered":"Rakettien laukaisualusta Baikonurissa vaurioitui &#8211; Ilta-Sanomat"},"content":{"rendered":"<p>Sojuz-raketin laukaisu rikkoi laukaisualustan. Roskosmos lupaa, ett\u00e4 vika korjataan pian.<\/p>\n<p>27.11. 23:35<\/p>\n<p class=\"article-body mb-nof-24 px-nof-16\">Ven\u00e4j\u00e4n avaruusrakettien laukaisualusta Baikonurissa Kazakstanissa on vaurioitunut niin, ettei Ven\u00e4j\u00e4 pysty t\u00e4ll\u00e4 hetkell\u00e4 l\u00e4hett\u00e4m\u00e4\u00e4n kosmonautteja avaruuteen, kertoo Latviassa toimiva riippumaton ven\u00e4l\u00e4inen uutissivusto <a class=\"article-genericlink\" href=\"https:\/\/meduza.io\/news\/2025\/11\/27\/roskosmos-podtverdil-chto-na-baykonure-posle-zapuska-kosmicheskogo-korablya-povrezhdena-startovaya-ploschadka\" rel=\"nofollow noopener\" target=\"_blank\">Meduza<\/a>.<\/p>\n<p class=\"article-body mb-nof-24 px-nof-16\">\u2013\u2009K\u00e4yt\u00e4nn\u00f6ss\u00e4 t\u00e4st\u00e4 p\u00e4iv\u00e4st\u00e4 l\u00e4htien Ven\u00e4j\u00e4 menetti kyvyn l\u00e4hett\u00e4\u00e4 avaruuteen ihmisi\u00e4, mit\u00e4 ei ole tapahtunut vuoden 1961 j\u00e4lkeen, sanoi Ven\u00e4j\u00e4n avaruustekniikkaan erikoistunut tietokirjailija <a class=\"article-personlink\" href=\"https:\/\/www.is.fi\/haku\/?query=Vitali%20Jegorov\" rel=\"nofollow noopener\" target=\"_blank\">Vitali Jegorov<\/a> Meduzan mukaan.<\/p>\n<p class=\"article-body mb-nof-24 px-nof-16\">Ven\u00e4j\u00e4n valtiollinen avaruusyhti\u00f6 Roskosmos vahvisti, ett\u00e4 laukaisualusta vaurioitui. Yhti\u00f6 kertoo asiasta viestipalvelu <a class=\"article-genericlink\" href=\"https:\/\/t.me\/roscosmos_gk\/18802\" rel=\"nofollow\">Telegramissa<\/a>.<\/p>\n<p class=\"article-body mb-nof-24 px-nof-16\">Sen mukaan laukaisualusta vaurioitui, kun siit\u00e4 laukaistiin raketti. Laukaisu onnistui, mutta sen j\u00e4lkeisess\u00e4 tarkastuksessa havaittiin vaurioita laukaisualustassa.<\/p>\n<p class=\"article-body mb-nof-24 px-nof-16\">\u2013\u2009Korjaamiseen on kaikki v\u00e4ltt\u00e4m\u00e4tt\u00f6m\u00e4t varaosat, ja l\u00e4hiaikoina vauriot tullaan korjaamaan, kertoo Roskosmos Telegram-viestiss\u00e4\u00e4n.<\/p>\n<p class=\"article-body mb-nof-24 px-nof-16\">Baikonurista laukaistiin torstaina Sojuz 2.1a -raketti, joka kuljetti Sojuz MS-28 -avaruusaluksen taivaalle. Kyydiss\u00e4 oli kaksi ven\u00e4l\u00e4ist\u00e4 kosmonauttia ja yksi yhdysvaltalainen astronautti.<\/p>\n<p class=\"article-body mb-nof-24 px-nof-16\">Alus telakoitui kansainv\u00e4liselle avaruusasemalle torstaina, kertoo uutistoimisto Reuters.<\/p>\n","protected":false},"excerpt":{"rendered":"Sojuz-raketin laukaisu rikkoi laukaisualustan. Roskosmos lupaa, ett\u00e4 vika korjataan pian. 27.11. 23:35 Ven\u00e4j\u00e4n avaruusrakettien laukaisualusta Baikonurissa Kazakstanissa on&hellip;\n","protected":false},"author":2,"featured_media":102040,"comment_status":"","ping_status":"","sticky":false,"template":"","format":"standard","meta":{"footnotes":""},"categories":[14],"tags":[22,23,26,27,33,31,30,17,34,24,25,28,29,15,18,21,32,19,20,56,16,59,60,61],"class_list":{"0":"post-102039","1":"post","2":"type-post","3":"status-publish","4":"format-standard","5":"has-post-thumbnail","7":"category-ulkomaat","8":"tag-breaking-news","9":"tag-breakingnews","10":"tag-featured-news","11":"tag-featurednews","12":"tag-fi","13":"tag-finland","14":"tag-finnish","15":"tag-headlines","16":"tag-ilta-sanomat","17":"tag-latest-news","18":"tag-latestnews","19":"tag-main-news","20":"tag-mainnews","21":"tag-news","22":"tag-otsikot","23":"tag-paauutiset","24":"tag-suomi","25":"tag-top-stories","26":"tag-topstories","27":"tag-ulkomaat","28":"tag-uutiset","29":"tag-world","30":"tag-world-news","31":"tag-worldnews"},"share_on_mastodon":{"url":"https:\/\/pubeurope.com\/@fi\/115625522891144365","error":""},"_links":{"self":[{"href":"https:\/\/www.europesays.com\/fi\/wp-json\/wp\/v2\/posts\/102039","targetHints":{"allow":["GET"]}}],"collection":[{"href":"https:\/\/www.europesays.com\/fi\/wp-json\/wp\/v2\/posts"}],"about":[{"href":"https:\/\/www.europesays.com\/fi\/wp-json\/wp\/v2\/types\/post"}],"author":[{"embeddable":true,"href":"https:\/\/www.europesays.com\/fi\/wp-json\/wp\/v2\/users\/2"}],"replies":[{"embeddable":true,"href":"https:\/\/www.europesays.com\/fi\/wp-json\/wp\/v2\/comments?post=102039"}],"version-history":[{"count":0,"href":"https:\/\/www.europesays.com\/fi\/wp-json\/wp\/v2\/posts\/102039\/revisions"}],"wp:featuredmedia":[{"embeddable":true,"href":"https:\/\/www.europesays.com\/fi\/wp-json\/wp\/v2\/media\/102040"}],"wp:attachment":[{"href":"https:\/\/www.europesays.com\/fi\/wp-json\/wp\/v2\/media?parent=102039"}],"wp:term":[{"taxonomy":"category","embeddable":true,"href":"https:\/\/www.europesays.com\/fi\/wp-json\/wp\/v2\/categories?post=102039"},{"taxonomy":"post_tag","embeddable":true,"href":"https:\/\/www.europesays.com\/fi\/wp-json\/wp\/v2\/tags?post=102039"}],"curies":[{"name":"wp","href":"https:\/\/api.w.org\/{rel}","templated":true}]}}