{"id":102043,"date":"2025-11-28T04:51:13","date_gmt":"2025-11-28T04:51:13","guid":{"rendered":"https:\/\/www.europesays.com\/fi\/102043\/"},"modified":"2025-11-28T04:51:13","modified_gmt":"2025-11-28T04:51:13","slug":"kupsille-pettymys-karvas-tappio-puolassa","status":"publish","type":"post","link":"https:\/\/www.europesays.com\/fi\/102043\/","title":{"rendered":"KuPSille pettymys \u2013 karvas tappio Puolassa"},"content":{"rendered":"<p>Tappio oli KuPSille ensimm\u00e4inen Konferenssiliigassa.<\/p>\n<p class=\"article-body mb-nof-24 px-nof-16\">Kuopion Palloseura jatkoi historiallista taivaltaan Konferenssiliigan liigavaiheessa my\u00f6h\u00e4\u00e4n torstaina, kun se kohtasi vieraskent\u00e4ll\u00e4 puolalaisen Jagiellonia Bialystokin. KuPS laittoi is\u00e4nn\u00e4t tiukille, mutta joutui taipumaan niukkaan 0\u20131-tappioon.<\/p>\n<p class=\"article-body mb-nof-24 px-nof-16\">Jagiellonian sankariksi nousi k\u00e4rkimies <a class=\"article-personlink\" href=\"https:\/\/www.is.fi\/haku\/?query=Afimico%20Pululu\" rel=\"nofollow noopener\" target=\"_blank\">Afimico Pululu<\/a>, joka viimeisteli 51. minuutilla ottelun ainoaksi j\u00e4\u00e4neen osuman. Maali vaati VAR-tarkistuksen, mutta hyv\u00e4ksynn\u00e4n se sai.<\/p>\n<p class=\"article-body mb-nof-24 px-nof-16\">KuPSille tappio oli ensimm\u00e4inen Konferenssiliigan liigavaiheessa. Aiemmista kolmesta ottelustaan se otti voiton ja kaksi tasapeli\u00e4. KuPS taistelee torstain tappiosta huolimatta tiukasti jatkopaikasta, ja se kohtaa viel\u00e4 11. joulukuuta Tampereella sveitsil\u00e4isen Lausannen ja 18. joulukuuta Lontoossa Englannin Valioliigan seuran Crystal Palacen.<\/p>\n","protected":false},"excerpt":{"rendered":"Tappio oli KuPSille ensimm\u00e4inen Konferenssiliigassa. Kuopion Palloseura jatkoi historiallista taivaltaan Konferenssiliigan liigavaiheessa my\u00f6h\u00e4\u00e4n torstaina, kun se kohtasi vieraskent\u00e4ll\u00e4&hellip;\n","protected":false},"author":2,"featured_media":102044,"comment_status":"","ping_status":"","sticky":false,"template":"","format":"standard","meta":{"footnotes":""},"categories":[5],"tags":[22,23,26,27,33,31,30,17,34,24,25,28,29,15,18,21,32,19,20,16],"class_list":{"0":"post-102043","1":"post","2":"type-post","3":"status-publish","4":"format-standard","5":"has-post-thumbnail","7":"category-otsikot","8":"tag-breaking-news","9":"tag-breakingnews","10":"tag-featured-news","11":"tag-featurednews","12":"tag-fi","13":"tag-finland","14":"tag-finnish","15":"tag-headlines","16":"tag-ilta-sanomat","17":"tag-latest-news","18":"tag-latestnews","19":"tag-main-news","20":"tag-mainnews","21":"tag-news","22":"tag-otsikot","23":"tag-paauutiset","24":"tag-suomi","25":"tag-top-stories","26":"tag-topstories","27":"tag-uutiset"},"share_on_mastodon":{"url":"https:\/\/pubeurope.com\/@fi\/115625530670072224","error":""},"_links":{"self":[{"href":"https:\/\/www.europesays.com\/fi\/wp-json\/wp\/v2\/posts\/102043","targetHints":{"allow":["GET"]}}],"collection":[{"href":"https:\/\/www.europesays.com\/fi\/wp-json\/wp\/v2\/posts"}],"about":[{"href":"https:\/\/www.europesays.com\/fi\/wp-json\/wp\/v2\/types\/post"}],"author":[{"embeddable":true,"href":"https:\/\/www.europesays.com\/fi\/wp-json\/wp\/v2\/users\/2"}],"replies":[{"embeddable":true,"href":"https:\/\/www.europesays.com\/fi\/wp-json\/wp\/v2\/comments?post=102043"}],"version-history":[{"count":0,"href":"https:\/\/www.europesays.com\/fi\/wp-json\/wp\/v2\/posts\/102043\/revisions"}],"wp:featuredmedia":[{"embeddable":true,"href":"https:\/\/www.europesays.com\/fi\/wp-json\/wp\/v2\/media\/102044"}],"wp:attachment":[{"href":"https:\/\/www.europesays.com\/fi\/wp-json\/wp\/v2\/media?parent=102043"}],"wp:term":[{"taxonomy":"category","embeddable":true,"href":"https:\/\/www.europesays.com\/fi\/wp-json\/wp\/v2\/categories?post=102043"},{"taxonomy":"post_tag","embeddable":true,"href":"https:\/\/www.europesays.com\/fi\/wp-json\/wp\/v2\/tags?post=102043"}],"curies":[{"name":"wp","href":"https:\/\/api.w.org\/{rel}","templated":true}]}}