{"id":102047,"date":"2025-11-28T05:06:09","date_gmt":"2025-11-28T05:06:09","guid":{"rendered":"https:\/\/www.europesays.com\/fi\/102047\/"},"modified":"2025-11-28T05:06:09","modified_gmt":"2025-11-28T05:06:09","slug":"amazing-race-kilpailija-uhkasi-avata-housunsa-julkisella-paikalla-tallainen-rangaistus-siita-olisi-seurannut","status":"publish","type":"post","link":"https:\/\/www.europesays.com\/fi\/102047\/","title":{"rendered":"Amazing Race -kilpailija uhkasi avata housunsa julkisella paikalla \u2013 T\u00e4llainen rangaistus siit\u00e4 olisi seurannut"},"content":{"rendered":"<p>Arttu Lindeman joutui toppuuttelemaan kilpakumppaniaan Amazing Race Suomi -ohjelmassa.<\/p>\n<p><img decoding=\"async\" class=\"image image-show image-preview\" src=\"https:\/\/www.europesays.com\/fi\/wp-content\/uploads\/2025\/11\/61dda296cc5f9e3798951f45a50f42127171af1e48bd85586896b6196eaf771d.jpg\" alt=\"\"\/><img decoding=\"async\" class=\"image image-show\" src=\"https:\/\/www.europesays.com\/fi\/wp-content\/uploads\/2025\/11\/1764306369_962_61dda296cc5f9e3798951f45a50f42127171af1e48bd85586896b6196eaf771d.jpg\" alt=\"\"\/><\/p>\n<p>Jaakko Parkkali ja Arttu Lindeman ovat lapsuudenyst\u00e4vi\u00e4. Nelonen<\/p>\n<p class=\"paragraph\">Amazing Race Suomi -ohjelman toisessa jaksossa n\u00e4htiin lyhyt, mutta h\u00e4mment\u00e4v\u00e4 hetki.<\/p>\n<p class=\"paragraph\">Jaksossa kilpailijat suorittivat teht\u00e4vi\u00e4 Kambod\u017eassa. Tubettaja <a href=\"https:\/\/www.iltalehti.fi\/henkilot\/Jaakko Parkkali\" class=\"article-link-person-page\" rel=\"nofollow noopener\" target=\"_blank\">Jaakko Parkkali<\/a> istui moottoriveneen keulassa kimppakumppaninsa <a href=\"https:\/\/www.iltalehti.fi\/henkilot\/Arttu Lindeman\" class=\"article-link-person-page\" rel=\"nofollow noopener\" target=\"_blank\">Arttu Lindemanin<\/a> kanssa.<\/p>\n<p class=\"paragraph\">Kaksikko oli matkalla paikalliseen kouluun ja Parkkali tuuletti n\u00e4ytt\u00e4v\u00e4sti ohimeneviss\u00e4 veneiss\u00e4 matkustaville ihmisille. Parkkali totesi sitten Lindemanille, ett\u00e4 h\u00e4nen tekisi mieli \u201dn\u00e4ytt\u00e4\u00e4 munaa\u201d, eli ilmeisesti sukuelint\u00e4\u00e4n, vastaan tuleville ihmisille.<\/p>\n<p class=\"paragraph\">\u2013 M\u00e4 n\u00e4yt\u00e4n muuten ihan justiin mun munaa vastaantulijoille, Parkkali ilmoittaa ja on nousemassa yl\u00f6s.<\/p>\n<p class=\"paragraph\">\u2013 Ei, \u00e4l\u00e4, \u00e4l\u00e4, Lindeman komensi Parkkalin istumaan alas.<\/p>\n<p>T\u00e4t\u00e4 siit\u00e4 olisi seurannut<\/p>\n<p class=\"paragraph\">Jos Parkkali olisi n\u00e4ytt\u00e4nyt sukuelint\u00e4\u00e4n vastaantulijalle, siit\u00e4 olisi tullut seuraamuksia.<\/p>\n<p class=\"paragraph\">Itsens\u00e4 paljastaminen maassa on useiden l\u00e4hteiden mukaan laissa kielletty\u00e4. Paikallisen SK &amp; P -lakitoimiston nettisivujen mukaan itsens\u00e4 paljastaminen julkisella paikalla on rangaistavaa ja siit\u00e4 voi seurata vankeutta tai sakkoa. Vankeustuomio vaihtelee kuudesta p\u00e4iv\u00e4st\u00e4 kolmeen kuukauteen. Itsepaljastelusta voi saada sakkoa aina 21 eurosta 108 euroon saakka.<\/p>\n<p class=\"paragraph\">Amazing Race Suomi -kilpailuun osallistuvat t\u00e4n\u00e4 vuonna podcast-juontaja <strong>Tomas Grekov<\/strong> ja appiukkonsa <strong>Esko Rotola-Pukkila<\/strong>, n\u00e4yttelij\u00e4 <strong>Armi Toivanen<\/strong> ja yst\u00e4v\u00e4ns\u00e4 <strong>Sari Majamaa<\/strong>, laulaja <strong>Arttu Lindeman<\/strong> ja tubettaja <strong>Jaakko Parkkali<\/strong>, sosiaalisen median vaikuttaja <strong>Sara Sieppi<\/strong> ja pikkuveljens\u00e4 <strong>Artturi Sieppi<\/strong>, r\u00e4pp\u00e4ri <strong>Karri &#8221;Paleface&#8221; Miettinen<\/strong> sek\u00e4 yst\u00e4v\u00e4ns\u00e4, r\u00e4pp\u00e4ri <strong>Tuukka &#8221;Leijonamieli&#8221; Rihkola<\/strong>, kirjailija <strong>Paula Noronen<\/strong> ja yst\u00e4v\u00e4ns\u00e4, radiotoimittaja <strong>Kati Launiainen<\/strong>, toimittaja <strong>Tuomas Peltom\u00e4ki<\/strong> ja kaksoissiskonsa <strong>Sini Peltom\u00e4ki<\/strong>, laulaja <strong>Nina Tapio<\/strong> ja tytt\u00e4rens\u00e4 <strong>Elsa Forsberg<\/strong>, n\u00e4yttelij\u00e4 <strong>Mari Hynynen<\/strong> ja poikansa <strong>Joel Volanen<\/strong>, Loopin aamuista tutut radiojuontajat <strong>Mia &#8221;Millu&#8221; Haataja<\/strong> ja <strong>Karoliina Tuominen<\/strong> sek\u00e4 europarlamentaarikko <strong>Maria Guzenina<\/strong> sek\u00e4 yst\u00e4v\u00e4ns\u00e4 <strong>Vilma V\u00e4h\u00e4maa<\/strong>.<\/p>\n<p class=\"paragraph\">Amazing Race Suomi lauantaisin kello 19.30 Nelosella ja Ruudussa. <a href=\"https:\/\/www.iltalehti.fi\/telkku\" rel=\"nofollow noopener\" target=\"_blank\">Katso kaikki ohjelmatiedot ja l\u00e4hetysajat Telkusta<\/a>.<\/p>\n","protected":false},"excerpt":{"rendered":"Arttu Lindeman joutui toppuuttelemaan kilpakumppaniaan Amazing Race Suomi -ohjelmassa. Jaakko Parkkali ja Arttu Lindeman ovat lapsuudenyst\u00e4vi\u00e4. Nelonen Amazing&hellip;\n","protected":false},"author":2,"featured_media":102048,"comment_status":"","ping_status":"","sticky":false,"template":"","format":"standard","meta":{"footnotes":""},"categories":[133],"tags":[35,138,137,33,31,30,47,141,32,206,2140,139,156,109],"class_list":{"0":"post-102047","1":"post","2":"type-post","3":"status-publish","4":"format-standard","5":"has-post-thumbnail","7":"category-televisiot","8":"tag-24h","9":"tag-audio","10":"tag-entertainment","11":"tag-fi","12":"tag-finland","13":"tag-finnish","14":"tag-musiikki","15":"tag-muusikot-bandit","16":"tag-suomi","17":"tag-televisiot","18":"tag-tosi-tv-ohjelmat","19":"tag-tv-ohjelmat","20":"tag-tv","21":"tag-viihde"},"share_on_mastodon":{"url":"https:\/\/pubeurope.com\/@fi\/115625589839321906","error":""},"_links":{"self":[{"href":"https:\/\/www.europesays.com\/fi\/wp-json\/wp\/v2\/posts\/102047","targetHints":{"allow":["GET"]}}],"collection":[{"href":"https:\/\/www.europesays.com\/fi\/wp-json\/wp\/v2\/posts"}],"about":[{"href":"https:\/\/www.europesays.com\/fi\/wp-json\/wp\/v2\/types\/post"}],"author":[{"embeddable":true,"href":"https:\/\/www.europesays.com\/fi\/wp-json\/wp\/v2\/users\/2"}],"replies":[{"embeddable":true,"href":"https:\/\/www.europesays.com\/fi\/wp-json\/wp\/v2\/comments?post=102047"}],"version-history":[{"count":0,"href":"https:\/\/www.europesays.com\/fi\/wp-json\/wp\/v2\/posts\/102047\/revisions"}],"wp:featuredmedia":[{"embeddable":true,"href":"https:\/\/www.europesays.com\/fi\/wp-json\/wp\/v2\/media\/102048"}],"wp:attachment":[{"href":"https:\/\/www.europesays.com\/fi\/wp-json\/wp\/v2\/media?parent=102047"}],"wp:term":[{"taxonomy":"category","embeddable":true,"href":"https:\/\/www.europesays.com\/fi\/wp-json\/wp\/v2\/categories?post=102047"},{"taxonomy":"post_tag","embeddable":true,"href":"https:\/\/www.europesays.com\/fi\/wp-json\/wp\/v2\/tags?post=102047"}],"curies":[{"name":"wp","href":"https:\/\/api.w.org\/{rel}","templated":true}]}}