{"id":102051,"date":"2025-11-28T05:10:10","date_gmt":"2025-11-28T05:10:10","guid":{"rendered":"https:\/\/www.europesays.com\/fi\/102051\/"},"modified":"2025-11-28T05:10:10","modified_gmt":"2025-11-28T05:10:10","slug":"tassa-on-rukan-maailmancupin-ohjelma","status":"publish","type":"post","link":"https:\/\/www.europesays.com\/fi\/102051\/","title":{"rendered":"T\u00e4ss\u00e4 on Rukan maailmancupin ohjelma"},"content":{"rendered":"<p>Olympiakausi alkaa Kuusamossa perjantaina.<\/p>\n<p>27.11. 11:00<\/p>\n<p class=\"article-body mb-nof-24 px-nof-16\">Aamulehti, Kuusamo<\/p>\n<p class=\"article-body mb-nof-24 px-nof-16\">Hiihtolajien maailmancupit k\u00e4ynnistyv\u00e4t perjantaina Kuusamon Rukalla, jonne on kokoontunut hiihdon, yhdistetyn ja m\u00e4kihypyn parhaimmisto. Olympiakaudella mielenkiinto jo mc-avausta kohtaan on suurta.<\/p>\n<p class=\"article-body mb-nof-24 px-nof-16\">Kuusamossa on t\u00e4ysi talvi, mutta viikonlopuksi s\u00e4\u00e4 lauhtuu ja tuulet yltyv\u00e4t. Suurm\u00e4est\u00e4 hypp\u00e4\u00e4minen on taas kerran kyseenalaista.<\/p>\n<p class=\"fact-box__label fact-box__label--container\">Ohjelma<\/p>\n<p>Rukan kisatapahtumat<\/p>\n<p class=\"article-body mb-nof-24 px-nof-16\">Perjantai: 11.30 naisten 10 km (p), 13.15 yhdistetyn m\u00e4ki, 14.15 miesten 10 km (p), 16.15 yhdistetyn 7,5 km, 18.15 m\u00e4kikarsinta.<\/p>\n<p class=\"article-body mb-nof-24 px-nof-16\">Lauantai: 9.55 sprintin (p) karsinnat, 11.15 yhdistetyn m\u00e4ki, 12.25 sprintin (p) er\u00e4vaihe ja finaalit, 15.35 yhdistetyn 10 km, 16.05 m\u00e4ki.<\/p>\n<p class=\"article-body mb-nof-24 px-nof-16\">Sunnuntai: 10.00 m\u00e4kikarsinta, 10.00 yhdistetyn 10 km, 11.00 miesten 20 km (v) yhteisl\u00e4ht\u00f6, 12.45 naisten 20 km (v) yhteisl\u00e4ht\u00f6, 14.00 yhdistetyn m\u00e4ki, 15.50 m\u00e4ki.<\/p>\n<p class=\"article-body mb-nof-24 px-nof-16\">Yle ja Viaplay n\u00e4ytt\u00e4v\u00e4t Rukan tapahtumat suorina l\u00e4hetyksin\u00e4.<\/p>\n","protected":false},"excerpt":{"rendered":"Olympiakausi alkaa Kuusamossa perjantaina. 27.11. 11:00 Aamulehti, Kuusamo Hiihtolajien maailmancupit k\u00e4ynnistyv\u00e4t perjantaina Kuusamon Rukalla, jonne on kokoontunut hiihdon,&hellip;\n","protected":false},"author":2,"featured_media":102052,"comment_status":"","ping_status":"","sticky":false,"template":"","format":"standard","meta":{"footnotes":""},"categories":[158],"tags":[157,33,31,30,159,32,160],"class_list":{"0":"post-102051","1":"post","2":"type-post","3":"status-publish","4":"format-standard","5":"has-post-thumbnail","7":"category-urheilu","8":"tag-aamulehti","9":"tag-fi","10":"tag-finland","11":"tag-finnish","12":"tag-sports","13":"tag-suomi","14":"tag-urheilu"},"share_on_mastodon":{"url":"https:\/\/pubeurope.com\/@fi\/115625605507539479","error":""},"_links":{"self":[{"href":"https:\/\/www.europesays.com\/fi\/wp-json\/wp\/v2\/posts\/102051","targetHints":{"allow":["GET"]}}],"collection":[{"href":"https:\/\/www.europesays.com\/fi\/wp-json\/wp\/v2\/posts"}],"about":[{"href":"https:\/\/www.europesays.com\/fi\/wp-json\/wp\/v2\/types\/post"}],"author":[{"embeddable":true,"href":"https:\/\/www.europesays.com\/fi\/wp-json\/wp\/v2\/users\/2"}],"replies":[{"embeddable":true,"href":"https:\/\/www.europesays.com\/fi\/wp-json\/wp\/v2\/comments?post=102051"}],"version-history":[{"count":0,"href":"https:\/\/www.europesays.com\/fi\/wp-json\/wp\/v2\/posts\/102051\/revisions"}],"wp:featuredmedia":[{"embeddable":true,"href":"https:\/\/www.europesays.com\/fi\/wp-json\/wp\/v2\/media\/102052"}],"wp:attachment":[{"href":"https:\/\/www.europesays.com\/fi\/wp-json\/wp\/v2\/media?parent=102051"}],"wp:term":[{"taxonomy":"category","embeddable":true,"href":"https:\/\/www.europesays.com\/fi\/wp-json\/wp\/v2\/categories?post=102051"},{"taxonomy":"post_tag","embeddable":true,"href":"https:\/\/www.europesays.com\/fi\/wp-json\/wp\/v2\/tags?post=102051"}],"curies":[{"name":"wp","href":"https:\/\/api.w.org\/{rel}","templated":true}]}}