{"id":102053,"date":"2025-11-28T05:11:08","date_gmt":"2025-11-28T05:11:08","guid":{"rendered":"https:\/\/www.europesays.com\/fi\/102053\/"},"modified":"2025-11-28T05:11:08","modified_gmt":"2025-11-28T05:11:08","slug":"podcast-vappu-pimian-yllatyspaljastus-sai-sami-sykon-haukkomaan-henkeaan-iltalehti","status":"publish","type":"post","link":"https:\/\/www.europesays.com\/fi\/102053\/","title":{"rendered":"Podcast: Vappu Pimi\u00e4n yll\u00e4tyspaljastus sai Sami Syk\u00f6n haukkomaan henke\u00e4\u00e4n &#8211; Iltalehti"},"content":{"rendered":"<ol>\n<li><a href=\"https:\/\/news.google.com\/rss\/articles\/CBMigwFBVV95cUxPZUZvTkd0TVFFN2xremlSekxTTUhYdXlDN2l6V1pVeHk4OWVyWGgtX1lyQXhVSUlSVVcxd1FIRHRKd19hMlRwazY2ZkRwYlNtMlNqN3NXTVBEVWRDNmlPd0x4cEZyZy1kSndQbkJQaG44LXZ5UW5qWWZFbUZrQjNvV3Z6Yw?oc=5\" target=\"_blank\" rel=\"nofollow noopener\">Podcast: Vappu Pimi\u00e4n yll\u00e4tyspaljastus sai Sami Syk\u00f6n haukkomaan henke\u00e4\u00e4n<\/a>&nbsp;&nbsp;Iltalehti<\/li>\n<li><a href=\"https:\/\/news.google.com\/rss\/articles\/CBMizgFBVV95cUxPTTRPVEtaVTVMNlQyWWFfaWpsZ1JEQWVyYm1SZ055TnlOV2h2V2NjZnlxUEp2NGE4NDZUWXNSS3lVSWpCU0hIUHhzNTJNWVJqbWRDQnFvOTF3azI2NjNCZFFmNUh0d2RqYld5MEg1RG5FaEk5UjE5b2VvMV9UdHFzWXlaSW5uZldiTlRSVnoxZW9OVmlyZkdyV2J4cEVBdG5uSHh1TWhBZ18wcElkOW5WMEFoc0Vqb2tvQjNtZ0xBd05xcW5kSFAyT3ppTWwzUQ?oc=5\" target=\"_blank\" rel=\"nofollow noopener\">Yksi tilanne suorassa l\u00e4hetyksess\u00e4 pel\u00e4stytti pahasti sek\u00e4 Vappu Pimi\u00e4n ett\u00e4 TTK-katsojat<\/a>&nbsp;&nbsp;mtvuutiset.fi<\/li>\n<li><a href=\"https:\/\/news.google.com\/rss\/articles\/CBMijwFBVV95cUxOWWhBZWRzRHpuMHhWU25YNTZTd1FFdWR2UDIzM25PQVNXdlFUQWdtZjNlZF9oSEZnQlYwV0pMc2NuaHlXZTFPSlFzamdEYTNwWElCNC1yZ1JURi10MVlVUFJGb3FOOG1XUVk0dTVkMjBZV2MtVTUtSUZ3d3RkNjNDaHBmN01KRkRhZWJrQmphSQ?oc=5\" target=\"_blank\" rel=\"nofollow noopener\">Podcast: Vappu Pimi\u00e4 kertoo totuuden TTK-karonkasta<\/a>&nbsp;&nbsp;Seiska.fi<\/li>\n<li><a href=\"https:\/\/news.google.com\/rss\/articles\/CBMiiwFBVV95cUxNRk44cjduN3JZM1pha085X2pSTVlzbGJ2U09ucUU1R25PY2dRcXN1Y1QzVTUtT3hfS0E3M3ljbEZucXNONkY4V3oxRnJKdHFWOWYzMUx1N29kbUMyWHFIUE1QSTRCYUlqbGVVamtUY3dVVERzdjEyZGdZWFc5eDNVMWpkT1Y5WnZSTjlz?oc=5\" target=\"_blank\" rel=\"nofollow noopener\">Podcast: Vappu Pimi\u00e4 kertoo TTK-karonkan huipennuksesta<\/a>&nbsp;&nbsp;Como.fi<\/li>\n<li><a href=\"https:\/\/news.google.com\/rss\/articles\/CBMi0wFBVV95cUxQYkh0a0xKSXdfNGpwMjQ4M09DdXl1cXp4Z2VjYnpBYWdvTlpwcVdYR3pBMkVXUTRZX0FlaG1NV1NsSmZ1cVNuQkVKMWVRcjhfeXFXVFZKWURHY3p5MTNRdUxxZ1NxeExMalNOTzRkdEdaZDYxT091enY2VUo4ZEdzSk5mTDF0Ry1TbE9VQVIzTFJYdWJPNVUwbUtQbzFmRExCMVlCbk5oR1I5MlphUGxjWWdteWFSczFLdmNkWGlxaHR2MmV0RHYwcktwdDU5UTFneFc4?oc=5\" target=\"_blank\" rel=\"nofollow noopener\">Vappu Pimi\u00e4n viimeiseen TTK-l\u00e4hetysp\u00e4iv\u00e4\u00e4n liittyi kaksi poikkeusta: \u201dPuoliso ja lapset lohduttivat, kun itkin\u201d<\/a>&nbsp;&nbsp;Apu360<\/li>\n<\/ol>\n","protected":false},"excerpt":{"rendered":"Podcast: Vappu Pimi\u00e4n yll\u00e4tyspaljastus sai Sami Syk\u00f6n haukkomaan henke\u00e4\u00e4n&nbsp;&nbsp;Iltalehti Yksi tilanne suorassa l\u00e4hetyksess\u00e4 pel\u00e4stytti pahasti sek\u00e4 Vappu Pimi\u00e4n&hellip;\n","protected":false},"author":2,"featured_media":102054,"comment_status":"","ping_status":"","sticky":false,"template":"","format":"standard","meta":{"footnotes":""},"categories":[130],"tags":[35,137,33,31,30,979,1999,32,2140,140,139,109],"class_list":{"0":"post-102053","1":"post","2":"type-post","3":"status-publish","4":"format-standard","5":"has-post-thumbnail","7":"category-viihde","8":"tag-24h","9":"tag-entertainment","10":"tag-fi","11":"tag-finland","12":"tag-finnish","13":"tag-sahkoinen-media","14":"tag-suomalaiset-tv-ohjelmat","15":"tag-suomi","16":"tag-tosi-tv-ohjelmat","17":"tag-tv-ja-elokuvat","18":"tag-tv-ohjelmat","19":"tag-viihde"},"share_on_mastodon":{"url":"https:\/\/pubeurope.com\/@fi\/115625609347112241","error":""},"_links":{"self":[{"href":"https:\/\/www.europesays.com\/fi\/wp-json\/wp\/v2\/posts\/102053","targetHints":{"allow":["GET"]}}],"collection":[{"href":"https:\/\/www.europesays.com\/fi\/wp-json\/wp\/v2\/posts"}],"about":[{"href":"https:\/\/www.europesays.com\/fi\/wp-json\/wp\/v2\/types\/post"}],"author":[{"embeddable":true,"href":"https:\/\/www.europesays.com\/fi\/wp-json\/wp\/v2\/users\/2"}],"replies":[{"embeddable":true,"href":"https:\/\/www.europesays.com\/fi\/wp-json\/wp\/v2\/comments?post=102053"}],"version-history":[{"count":0,"href":"https:\/\/www.europesays.com\/fi\/wp-json\/wp\/v2\/posts\/102053\/revisions"}],"wp:featuredmedia":[{"embeddable":true,"href":"https:\/\/www.europesays.com\/fi\/wp-json\/wp\/v2\/media\/102054"}],"wp:attachment":[{"href":"https:\/\/www.europesays.com\/fi\/wp-json\/wp\/v2\/media?parent=102053"}],"wp:term":[{"taxonomy":"category","embeddable":true,"href":"https:\/\/www.europesays.com\/fi\/wp-json\/wp\/v2\/categories?post=102053"},{"taxonomy":"post_tag","embeddable":true,"href":"https:\/\/www.europesays.com\/fi\/wp-json\/wp\/v2\/tags?post=102053"}],"curies":[{"name":"wp","href":"https:\/\/api.w.org\/{rel}","templated":true}]}}