{"id":102055,"date":"2025-11-28T05:14:08","date_gmt":"2025-11-28T05:14:08","guid":{"rendered":"https:\/\/www.europesays.com\/fi\/102055\/"},"modified":"2025-11-28T05:14:08","modified_gmt":"2025-11-28T05:14:08","slug":"pilapiirros-vuojala-28-11-2025-savon-sanomat","status":"publish","type":"post","link":"https:\/\/www.europesays.com\/fi\/102055\/","title":{"rendered":"Pilapiirros | Vuojala 28.11.2025 &#8211; Savon Sanomat"},"content":{"rendered":"<ol>\n<li><a href=\"https:\/\/news.google.com\/rss\/articles\/CBMiW0FVX3lxTE9lLWQ0ejJvMEEzMUxHZWRpd2h2c09mUV9FUDM5dVRpY092VWQ3cHhFYXk4Y1RvRlg2eW5TV1YxcGUyeGMyaGotR3hiOUl5WEhNSVpDNnVTTGJUWnc?oc=5\" target=\"_blank\" rel=\"nofollow noopener\">Pilapiirros | Vuojala 28.11.2025<\/a>&nbsp;&nbsp;Savon Sanomat<\/li>\n<li><a href=\"https:\/\/news.google.com\/rss\/articles\/CBMiW0FVX3lxTE1HamluVHVodjhVWHppS2JLcUw2SC01UVBnVnlTSFJyQ1gwMXdyTEh1aVBNYVlwQkFJWkRId1B6dWJ2Y1dTdnFkU3RJZ1B2MjRveW9QZGNYMkZ3bHc?oc=5\" target=\"_blank\" rel=\"nofollow noopener\">S\u00e4hk\u00f6kaupan keskittyminen | Helen ostaa s\u00e4hk\u00f6sopimuksia myyv\u00e4n V\u00e4reen<\/a>&nbsp;&nbsp;HS.fi<\/li>\n<li><a href=\"https:\/\/news.google.com\/rss\/articles\/CBMiakFVX3lxTE5JN0NpU2I1ckZucjFpUWVuREZOalljOEt1c1ZpZkNUMzZuWC1fMU1YSXBtNTQ4RWFFc1V1UERvV1ItaHpNam43dDVvMEd0cC1paWdoeDJhWGk5ZDNMMG1nTzdSbTVUSkVEV2c?oc=5\" target=\"_blank\" rel=\"nofollow noopener\">Lukijan Sanomat | Karttulalaiset toimijat: Virastotaloa ei saa purkaa | P\u00e4\u00e4kirjoitus &amp; mielipide<\/a>&nbsp;&nbsp;Savon Sanomat<\/li>\n<li><a href=\"https:\/\/news.google.com\/rss\/articles\/CBMiUEFVX3lxTE1DR19oZmpjeHp1ZjN5cjc2SjhhaldEcTVvajRFRGF1S2VEOVhQVUZuNzZPQklWTU1MVEhZZDcxQWR1ajI5SW96Ym5QcUsySXd5?oc=5\" target=\"_blank\" rel=\"nofollow noopener\">Jyv\u00e4skyl\u00e4l\u00e4isen Alvan osaomistama energiayhti\u00f6 V\u00e4re myyd\u00e4\u00e4n Helenille \u2013 ei vaikuta asiakkaiden sopimuksiin<\/a>&nbsp;&nbsp;Keskisuomalainen<\/li>\n<li><a href=\"https:\/\/news.google.com\/rss\/articles\/CBMiVEFVX3lxTE42bU1OYnctMWhnbTVRZ0d3ZUVQSE01ZVA2c0FBSjZLMlZ3Q1hQODU0S2YyY3c0bmc2cVNidTBxNjBFdkZTOEJfVTRubDlIbzk4WTgzag?oc=5\" target=\"_blank\" rel=\"nofollow noopener\">Omistajan mukaan V\u00e4reen riskit olivat k\u00e4ym\u00e4ss\u00e4 liian suuriksi \u2013 S\u00e4hk\u00f6kauppa keskittyy Suomessa vauhdilla<\/a>&nbsp;&nbsp;Etel\u00e4-Saimaa<\/li>\n<\/ol>\n","protected":false},"excerpt":{"rendered":"Pilapiirros | Vuojala 28.11.2025&nbsp;&nbsp;Savon Sanomat S\u00e4hk\u00f6kaupan keskittyminen | Helen ostaa s\u00e4hk\u00f6sopimuksia myyv\u00e4n V\u00e4reen&nbsp;&nbsp;HS.fi Lukijan Sanomat | Karttulalaiset toimijat:&hellip;\n","protected":false},"author":2,"featured_media":102056,"comment_status":"","ping_status":"","sticky":false,"template":"","format":"standard","meta":{"footnotes":""},"categories":[76],"tags":[79,77,2110,33,31,30,19493,32,78],"class_list":{"0":"post-102055","1":"post","2":"type-post","3":"status-publish","4":"format-standard","5":"has-post-thumbnail","7":"category-talous","8":"tag-business","9":"tag-economy","10":"tag-elamantapa-ja-vapaa-aika","11":"tag-fi","12":"tag-finland","13":"tag-finnish","14":"tag-ilkka-vuojalan-pilapiirros","15":"tag-suomi","16":"tag-talous"},"share_on_mastodon":{"url":"https:\/\/pubeurope.com\/@fi\/115625621208219189","error":""},"_links":{"self":[{"href":"https:\/\/www.europesays.com\/fi\/wp-json\/wp\/v2\/posts\/102055","targetHints":{"allow":["GET"]}}],"collection":[{"href":"https:\/\/www.europesays.com\/fi\/wp-json\/wp\/v2\/posts"}],"about":[{"href":"https:\/\/www.europesays.com\/fi\/wp-json\/wp\/v2\/types\/post"}],"author":[{"embeddable":true,"href":"https:\/\/www.europesays.com\/fi\/wp-json\/wp\/v2\/users\/2"}],"replies":[{"embeddable":true,"href":"https:\/\/www.europesays.com\/fi\/wp-json\/wp\/v2\/comments?post=102055"}],"version-history":[{"count":0,"href":"https:\/\/www.europesays.com\/fi\/wp-json\/wp\/v2\/posts\/102055\/revisions"}],"wp:featuredmedia":[{"embeddable":true,"href":"https:\/\/www.europesays.com\/fi\/wp-json\/wp\/v2\/media\/102056"}],"wp:attachment":[{"href":"https:\/\/www.europesays.com\/fi\/wp-json\/wp\/v2\/media?parent=102055"}],"wp:term":[{"taxonomy":"category","embeddable":true,"href":"https:\/\/www.europesays.com\/fi\/wp-json\/wp\/v2\/categories?post=102055"},{"taxonomy":"post_tag","embeddable":true,"href":"https:\/\/www.europesays.com\/fi\/wp-json\/wp\/v2\/tags?post=102055"}],"curies":[{"name":"wp","href":"https:\/\/api.w.org\/{rel}","templated":true}]}}