{"id":102057,"date":"2025-11-28T05:15:08","date_gmt":"2025-11-28T05:15:08","guid":{"rendered":"https:\/\/www.europesays.com\/fi\/102057\/"},"modified":"2025-11-28T05:15:08","modified_gmt":"2025-11-28T05:15:08","slug":"trump-maahanmuutto-kaikista-kolmannen-maailman-maista-keskeytetaan-pysyvasti","status":"publish","type":"post","link":"https:\/\/www.europesays.com\/fi\/102057\/","title":{"rendered":"Trump: Maahanmuutto kaikista &#8221;kolmannen maailman maista&#8221; keskeytet\u00e4\u00e4n pysyv\u00e4sti"},"content":{"rendered":"<p><strong class=\"typography-bold\">Yhdysvaltain presidentti Donald Trumpin mukaan h\u00e4nen hallintonsa aikoo keskeytt\u00e4\u00e4 pysyv\u00e4sti maahanmuuton kaikista niin sanotuista &#8221;kolmannen maailman maista&#8221; Yhdysvaltoihin.<\/strong><\/p>\n<p>Trumpin mukaan keskeytys tehd\u00e4\u00e4n, jotta Yhdysvaltain j\u00e4rjestelm\u00e4 pystyisi toipumaan t\u00e4ysin.<\/p>\n<p><strong class=\"typography-bold\">Lue my\u00f6s: <\/strong><a class=\"underline\" data-testid=\"internal-link\" role=\"link\" data-sentry-element=\"Link\" data-sentry-component=\"InternalLink\" data-sentry-source-file=\"InternalLink.tsx\" href=\"https:\/\/www.mtvuutiset.fi\/artikkeli\/trump-toinen-washingtonin-ampumisessa-haavoittuneista-sotilaista-on-kuollut\/9262352\" rel=\"nofollow noopener\" target=\"_blank\"><strong class=\"typography-bold\">Trump: Toinen Washingtonin ampumisessa haavoittuneista sotilaista on kuollut<\/strong><\/a><\/p>\n<p>Aiheesta uutisoi uutistoimisto Reuters.<\/p>\n<p>Juttu p\u00e4ivittyy<\/p>\n","protected":false},"excerpt":{"rendered":"Yhdysvaltain presidentti Donald Trumpin mukaan h\u00e4nen hallintonsa aikoo keskeytt\u00e4\u00e4 pysyv\u00e4sti maahanmuuton kaikista niin sanotuista &#8221;kolmannen maailman maista&#8221; Yhdysvaltoihin.&hellip;\n","protected":false},"author":2,"featured_media":72724,"comment_status":"","ping_status":"","sticky":false,"template":"","format":"standard","meta":{"footnotes":""},"categories":[14],"tags":[22,23,26,27,33,31,30,17,24,25,28,29,15,18,21,32,19,20,56,16,59,60,61],"class_list":{"0":"post-102057","1":"post","2":"type-post","3":"status-publish","4":"format-standard","5":"has-post-thumbnail","7":"category-ulkomaat","8":"tag-breaking-news","9":"tag-breakingnews","10":"tag-featured-news","11":"tag-featurednews","12":"tag-fi","13":"tag-finland","14":"tag-finnish","15":"tag-headlines","16":"tag-latest-news","17":"tag-latestnews","18":"tag-main-news","19":"tag-mainnews","20":"tag-news","21":"tag-otsikot","22":"tag-paauutiset","23":"tag-suomi","24":"tag-top-stories","25":"tag-topstories","26":"tag-ulkomaat","27":"tag-uutiset","28":"tag-world","29":"tag-world-news","30":"tag-worldnews"},"share_on_mastodon":{"url":"https:\/\/pubeurope.com\/@fi\/115625625145593510","error":""},"_links":{"self":[{"href":"https:\/\/www.europesays.com\/fi\/wp-json\/wp\/v2\/posts\/102057","targetHints":{"allow":["GET"]}}],"collection":[{"href":"https:\/\/www.europesays.com\/fi\/wp-json\/wp\/v2\/posts"}],"about":[{"href":"https:\/\/www.europesays.com\/fi\/wp-json\/wp\/v2\/types\/post"}],"author":[{"embeddable":true,"href":"https:\/\/www.europesays.com\/fi\/wp-json\/wp\/v2\/users\/2"}],"replies":[{"embeddable":true,"href":"https:\/\/www.europesays.com\/fi\/wp-json\/wp\/v2\/comments?post=102057"}],"version-history":[{"count":0,"href":"https:\/\/www.europesays.com\/fi\/wp-json\/wp\/v2\/posts\/102057\/revisions"}],"wp:featuredmedia":[{"embeddable":true,"href":"https:\/\/www.europesays.com\/fi\/wp-json\/wp\/v2\/media\/72724"}],"wp:attachment":[{"href":"https:\/\/www.europesays.com\/fi\/wp-json\/wp\/v2\/media?parent=102057"}],"wp:term":[{"taxonomy":"category","embeddable":true,"href":"https:\/\/www.europesays.com\/fi\/wp-json\/wp\/v2\/categories?post=102057"},{"taxonomy":"post_tag","embeddable":true,"href":"https:\/\/www.europesays.com\/fi\/wp-json\/wp\/v2\/tags?post=102057"}],"curies":[{"name":"wp","href":"https:\/\/api.w.org\/{rel}","templated":true}]}}