{"id":102058,"date":"2025-11-28T05:16:08","date_gmt":"2025-11-28T05:16:08","guid":{"rendered":"https:\/\/www.europesays.com\/fi\/102058\/"},"modified":"2025-11-28T05:16:08","modified_gmt":"2025-11-28T05:16:08","slug":"etela-karjalan-hyvinvointialuejohtaja-sally-leskinen-alentaa-omaa-palkkaansa","status":"publish","type":"post","link":"https:\/\/www.europesays.com\/fi\/102058\/","title":{"rendered":"Etel\u00e4-Karjalan hyvinvointialuejohtaja Sally Leskinen alentaa omaa palkkaansa"},"content":{"rendered":"<p>Etel\u00e4-Karjalan hyvinvointialue p\u00e4\u00e4tti juuri j\u00e4tti-irtisanomisista.<\/p>\n<p class=\"article-body mb-nof-24 px-nof-16\">Etel\u00e4-Karjalan hyvinvointialuejohtaja <a class=\"article-personlink\" href=\"https:\/\/www.is.fi\/haku\/?query=Sally%20Leskinen\" rel=\"nofollow noopener\" target=\"_blank\">Sally Leskinen <\/a>aikoo osallistua s\u00e4\u00e4st\u00f6ihin leikkaamalla omaa palkkaansa.<\/p>\n<p class=\"article-body mb-nof-24 px-nof-16\">Leskisen kuukausipalkka on nyt 16\u202f053,55 euroa. Lis\u00e4ksi h\u00e4nell\u00e4 on autoetu (verotusarvo 1\u202f150,00 euroa) sek\u00e4 puhelinetu (verotusarvo 20,00 euroa).<\/p>\n<p class=\"article-body mb-nof-24 px-nof-16\">Etel\u00e4-Karjalan hyvinvointialueella p\u00e4\u00e4ttyiv\u00e4t juuri yt-neuvottelut. Ty\u00f6paikkoja v\u00e4henee per\u00e4ti 398.<\/p>\n<p class=\"article-body mb-nof-24 px-nof-16\">317 vakituista virkaa ja teht\u00e4v\u00e4\u00e4 irtisanotaan. Lis\u00e4ksi 81 teht\u00e4v\u00e4\u00e4 j\u00e4tet\u00e4\u00e4n t\u00e4ytt\u00e4m\u00e4tt\u00e4 ja arviolta 140 m\u00e4\u00e4r\u00e4aikaista ty\u00f6suhdetta jatkamatta ensi vuonna.<\/p>\n<p class=\"article-body mb-nof-24 px-nof-16\">Hyvinvointialueiden johtajien \u201dposkettomat palkat\u201d ovat tiukassa taloustilanteessa her\u00e4tt\u00e4neet kansan keskuudessa kovaa kritiikki\u00e4.<\/p>\n<p class=\"article-body mb-nof-24 px-nof-16\">Leskisen mukaan my\u00f6s johtajat osallistuvat nyt s\u00e4\u00e4st\u00f6ihin Etel\u00e4-Karjalassa. Hyvinvointialuejohtaja kertoo, ett\u00e4 leikkaukset n\u00e4kyv\u00e4t h\u00e4nenkin tilipussissaan.<\/p>\n<p class=\"article-body mb-nof-24 px-nof-16\">\u2013\u2009Alennan vapaaehtoisesti palkkaani ensi vuoden ajan 1\u202f000 euroa kuussa, Leskinen kertoo.<\/p>\n<p class=\"article-body mb-nof-24 px-nof-16\">Kaikki alueen johtajat ovat v\u00e4hint\u00e4\u00e4n viisi p\u00e4iv\u00e4\u00e4 palkattomalla vapaalla. Lis\u00e4ksi kaksi johtajateht\u00e4v\u00e4\u00e4 karsitaan kokonaan Etel\u00e4-Karjalan hyvinvointialueen 21 johtajan joukosta.<\/p>\n<p class=\"article-body mb-nof-24 px-nof-16\">Leskinen ei viel\u00e4 kommentoi, mit\u00e4 muita ammattiryhmi\u00e4 irtisanomiset koskevat. L\u00e4\u00e4k\u00e4rien m\u00e4\u00e4r\u00e4 ei kuitenkaan v\u00e4hene. L\u00e4\u00e4k\u00e4ripulan vuoksi l\u00e4\u00e4k\u00e4reit\u00e4 ei voida irtisanoa, mutta heid\u00e4nkin ty\u00f6teht\u00e4v\u00e4ns\u00e4 muuttuvat.<\/p>\n<p class=\"article-body mb-nof-24 px-nof-16\">Leskinen sanoo, ett\u00e4 ymm\u00e4rt\u00e4\u00e4 olevansa etuoikeutetussa asemassa, koska saa tehd\u00e4 mielenkiintoista ty\u00f6t\u00e4, josta maksetaan hyvin. H\u00e4n on koulutukseltaan l\u00e4\u00e4k\u00e4ri ja arvioi, ett\u00e4 olisi l\u00e4\u00e4k\u00e4rin\u00e4 tienannut yht\u00e4 hyvin, ellei paremmin, tekem\u00e4ll\u00e4 yht\u00e4 pitki\u00e4 ty\u00f6p\u00e4ivi\u00e4.<\/p>\n<p class=\"article-body mb-nof-24 px-nof-16\">\u2013\u2009Jos halutaan osaavia ihmisi\u00e4, jotka n\u00e4ihin teht\u00e4viin kykenev\u00e4t ja haluavat vastuunsa kantaa, ty\u00f6st\u00e4 t\u00e4ytyy maksaa hyvin, koska heille on varmasti markkinat muuallakin, Leskinen sanoo.<\/p>\n<p class=\"article-body mb-nof-24 px-nof-16\">Aikaisemmin Leskinen <a class=\"article-genericlink\" href=\"https:\/\/www.is.fi\/politiikka\/art-2000010968071.html\" rel=\"nofollow noopener\" target=\"_blank\">kertoi Ilta-Sanomille<\/a>, ett\u00e4 kritiikki johtajien \u201dposkettomista palkoista\u201d on h\u00e4nelle tuttua.<\/p>\n<p class=\"article-body mb-nof-24 px-nof-16\">\u2013\u2009Onhan se ihan poskettoman iso, minunkin palkkani: 16 tonnia. Arvostelijoille olen sanonut, ett\u00e4 minulla on ollut sama palkkataso kymmenen vuotta. Verotiedoista n\u00e4kee, ett\u00e4 olen l\u00e4\u00e4k\u00e4rin\u00e4 tienannut sen saman. Jos halutaan korkeasti koulutettuja motivoituneita ihmisi\u00e4 n\u00e4ihin teht\u00e4viin \u2013 omahyv\u00e4isesti nyt olettaen, ett\u00e4 itsekin heihin kuuluisin \u2013 niin harva n\u00e4ihin tulee, jos palkkataso laskee, h\u00e4n sanoi tuolloin.<\/p>\n<p class=\"article-body mb-nof-24 px-nof-16\">Yt-neuvotteluiden piiriss\u00e4 oli noin 5\u202f500 ty\u00f6ntekij\u00e4\u00e4. Vuoden 2026 loppuun menness\u00e4 hyvinvointialueen vakituisen henkil\u00f6st\u00f6n m\u00e4\u00e4r\u00e4 on noin seitsem\u00e4n prosenttia t\u00e4m\u00e4nhetkist\u00e4 pienempi.<\/p>\n<p class=\"article-body mb-nof-24 px-nof-16\">Etel\u00e4-Karjalan hyvinvointialue s\u00e4\u00e4st\u00e4\u00e4 11 miljoonaa ostopalveluja kotouttamalla tai v\u00e4hent\u00e4m\u00e4ll\u00e4. K\u00e4yt\u00e4nn\u00f6ss\u00e4 se tarkoittaa sit\u00e4, ett\u00e4 hyvinvointialue j\u00e4rjest\u00e4\u00e4 itse esimerkiksi vammaisten ja ik\u00e4ihmisten asumispalvelut sek\u00e4 lastensuojelun sijoitukset.<\/p>\n<p class=\"article-body mb-nof-24 px-nof-16\">Lis\u00e4ksi henkil\u00f6st\u00f6 ehdotti, ett\u00e4 Epassi-edusta ja ty\u00f6hyvinvointirahoista s\u00e4\u00e4stet\u00e4\u00e4n. Edell\u00e4 mainittujen ja muiden henkil\u00f6st\u00f6lt\u00e4 tulleiden ideoiden avulla s\u00e4ilytettiin 80 ihmisen ty\u00f6paikka.<\/p>\n","protected":false},"excerpt":{"rendered":"Etel\u00e4-Karjalan hyvinvointialue p\u00e4\u00e4tti juuri j\u00e4tti-irtisanomisista. Etel\u00e4-Karjalan hyvinvointialuejohtaja Sally Leskinen aikoo osallistua s\u00e4\u00e4st\u00f6ihin leikkaamalla omaa palkkaansa. Leskisen kuukausipalkka on&hellip;\n","protected":false},"author":2,"featured_media":102059,"comment_status":"","ping_status":"","sticky":false,"template":"","format":"standard","meta":{"footnotes":""},"categories":[12],"tags":[22,23,26,27,33,31,30,17,34,24,25,28,29,15,18,21,32,19,20,16],"class_list":{"0":"post-102058","1":"post","2":"type-post","3":"status-publish","4":"format-standard","5":"has-post-thumbnail","7":"category-suomi","8":"tag-breaking-news","9":"tag-breakingnews","10":"tag-featured-news","11":"tag-featurednews","12":"tag-fi","13":"tag-finland","14":"tag-finnish","15":"tag-headlines","16":"tag-ilta-sanomat","17":"tag-latest-news","18":"tag-latestnews","19":"tag-main-news","20":"tag-mainnews","21":"tag-news","22":"tag-otsikot","23":"tag-paauutiset","24":"tag-suomi","25":"tag-top-stories","26":"tag-topstories","27":"tag-uutiset"},"share_on_mastodon":{"url":"https:\/\/pubeurope.com\/@fi\/115625629230171191","error":""},"_links":{"self":[{"href":"https:\/\/www.europesays.com\/fi\/wp-json\/wp\/v2\/posts\/102058","targetHints":{"allow":["GET"]}}],"collection":[{"href":"https:\/\/www.europesays.com\/fi\/wp-json\/wp\/v2\/posts"}],"about":[{"href":"https:\/\/www.europesays.com\/fi\/wp-json\/wp\/v2\/types\/post"}],"author":[{"embeddable":true,"href":"https:\/\/www.europesays.com\/fi\/wp-json\/wp\/v2\/users\/2"}],"replies":[{"embeddable":true,"href":"https:\/\/www.europesays.com\/fi\/wp-json\/wp\/v2\/comments?post=102058"}],"version-history":[{"count":0,"href":"https:\/\/www.europesays.com\/fi\/wp-json\/wp\/v2\/posts\/102058\/revisions"}],"wp:featuredmedia":[{"embeddable":true,"href":"https:\/\/www.europesays.com\/fi\/wp-json\/wp\/v2\/media\/102059"}],"wp:attachment":[{"href":"https:\/\/www.europesays.com\/fi\/wp-json\/wp\/v2\/media?parent=102058"}],"wp:term":[{"taxonomy":"category","embeddable":true,"href":"https:\/\/www.europesays.com\/fi\/wp-json\/wp\/v2\/categories?post=102058"},{"taxonomy":"post_tag","embeddable":true,"href":"https:\/\/www.europesays.com\/fi\/wp-json\/wp\/v2\/tags?post=102058"}],"curies":[{"name":"wp","href":"https:\/\/api.w.org\/{rel}","templated":true}]}}