{"id":102060,"date":"2025-11-28T05:17:09","date_gmt":"2025-11-28T05:17:09","guid":{"rendered":"https:\/\/www.europesays.com\/fi\/102060\/"},"modified":"2025-11-28T05:17:09","modified_gmt":"2025-11-28T05:17:09","slug":"rikkoiko-sote-kaiken-tampere-jai-nuolemaan-nappejaan-kun-valtionosuusjarjestelman-uudistus-kaatui-tama-vaikeasta-tilanteesta-tiedetaan-nyt","status":"publish","type":"post","link":"https:\/\/www.europesays.com\/fi\/102060\/","title":{"rendered":"Rikkoiko sote kaiken? Tampere j\u00e4i nuolemaan n\u00e4ppej\u00e4\u00e4n, kun valtionosuus\u00adj\u00e4rjestelm\u00e4n uudistus kaatui \u2013 t\u00e4m\u00e4 vaikeasta tilanteesta tiedet\u00e4\u00e4n nyt"},"content":{"rendered":"<p>Valtionosuusj\u00e4rjestelm\u00e4 kaatui. Mit\u00e4 sitten? Pirhassa kuohuu palkkioiden ja leikkausten ymp\u00e4rill\u00e4. Eiv\u00e4tk\u00f6 ihmiset osaa kulkea H\u00e4meenkadulla? Mit\u00e4 kuuluu korkeakouluyhteis\u00f6n ainej\u00e4rjest\u00f6ille? Aamupodi kertoo.<\/p>\n<p class=\"article-body mb-nof-24 px-nof-16\">Aamulehti<\/p>\n<p class=\"article-body mb-nof-24 px-nof-16\">Nyt ollaan j\u00e4lleen isojen asioiden \u00e4\u00e4rell\u00e4. Aamulehti kertoi, ett\u00e4 valtion\u00adosuus\u00adj\u00e4rjestelm\u00e4n uudistus meni nurin. Tampereen talous nojasi t\u00e4h\u00e4n kokonaisuuteen jopa 20 miljoonan verran. Aamulehti tavoitti kunta- ja alueministeri <a class=\"article-personlink\" href=\"https:\/\/www.aamulehti.fi\/haku\/?query=Anna-Kaisa%20Ikosen\" rel=\"nofollow noopener\" target=\"_blank\">Anna-Kaisa Ikosen<\/a> ja pormestari <a class=\"article-personlink\" href=\"https:\/\/www.aamulehti.fi\/haku\/?query=Ilmari%20Nurmisen\" rel=\"nofollow noopener\" target=\"_blank\">Ilmari Nurmisen<\/a> kommentoimaan. Tunnelma on apea. Mutta kuinka vaikea tilanne on? Aamupodille t\u00e4st\u00e4 kertovat uutisp\u00e4\u00e4llikk\u00f6 <a class=\"article-personlink\" href=\"https:\/\/www.aamulehti.fi\/haku\/?query=Heidi%20Pesonen\" rel=\"nofollow noopener\" target=\"_blank\">Heidi Pesonen<\/a> ja toimittaja <a class=\"article-personlink\" href=\"https:\/\/www.aamulehti.fi\/haku\/?query=Don%20Lehtinen\" rel=\"nofollow noopener\" target=\"_blank\">Don Lehtinen<\/a>.<\/p>\n<p class=\"article-body mb-nof-24 px-nof-16\">Ennen Aamuraatia pureudumme viel\u00e4 Pirkanmaan hyvinvointialueen kiemuroihin. Ylint\u00e4 valtaa k\u00e4ytt\u00e4vien kokouspalkkiot nousivat keskusteluun, kun aluehallitus harkitsee niihin suuria korotuksia. Mit\u00e4 siit\u00e4 pit\u00e4isi ajatella? Samaan aikaan Aamulehti kertoi, ett\u00e4 ty\u00f6ntekij\u00f6iden etuuksista ollaan leikkaamassa 40 prosenttia. Sote-kokonaisuutta seuraava toimittaja <a class=\"article-personlink\" href=\"https:\/\/www.aamulehti.fi\/haku\/?query=Anu%20Leena%20Hankaniemi\" rel=\"nofollow noopener\" target=\"_blank\">Anu Leena Hankaniemi<\/a> kertoo t\u00e4st\u00e4 lis\u00e4\u00e4.<\/p>\n<p class=\"article-body mb-nof-24 px-nof-16\">Aamuraadissa puolestaan puhutaan kevyen liikenteen kulttuurista Tampereen H\u00e4meenkadulla. Osataanko siell\u00e4 kulkea k\u00e4vellen, py\u00f6r\u00e4ll\u00e4 ja skuutilla? Ongelmia on ollut paljon.<\/p>\n<p class=\"article-body mb-nof-24 px-nof-16\">Ent\u00e4 miten menee Tampereen korkeakouluyhteis\u00f6n ainej\u00e4rjest\u00f6iss\u00e4? Yliopistokirjeenvaihtaja <a class=\"article-personlink\" href=\"https:\/\/www.aamulehti.fi\/haku\/?query=Iina%20Thomsson\" rel=\"nofollow noopener\" target=\"_blank\">Iina Thomsson<\/a> kertoo j\u00e4rjest\u00f6ist\u00e4 juttusarjassaan, ja t\u00e4ll\u00e4 viikolla kuultiin ammattikorkeakoulun ainekerho VETOsta. Aamuraadissa lis\u00e4ksi mukana toimitusp\u00e4\u00e4llikk\u00f6, himoskuuttailija <a class=\"article-personlink\" href=\"https:\/\/www.aamulehti.fi\/haku\/?query=Jutta%20H%C3%B6gmander\" rel=\"nofollow noopener\" target=\"_blank\">Jutta H\u00f6gmander<\/a>.<\/p>\n<p>Kuuntele uusin jakso:Aiheet:<\/p>\n<p class=\"article-body mb-nof-24 px-nof-16\">00: Valtionosuusj\u00e4rjestelm\u00e4n uudistu kaatui, mit\u00e4 nyt Tampere?<\/p>\n<p class=\"article-body mb-nof-24 px-nof-16\">17.58: Pirhassa kuohuu<\/p>\n<p class=\"article-body mb-nof-24 px-nof-16\">27.13: Osataanko H\u00e4meenkadulla kulkea?<\/p>\n<p class=\"article-body mb-nof-24 px-nof-16\">39.03: T\u00e4rke\u00e4t ainej\u00e4rjest\u00f6t<\/p>\n<p class=\"article-body mb-nof-24 px-nof-16\">Aamupodi on Aamulehden perjantaisin ilmestyv\u00e4 viikkopodcast. Kaikki jaksot l\u00f6ytyv\u00e4t Aamulehden sivuilta ja uutissovelluksesta sek\u00e4 my\u00f6s <a class=\"article-genericlink\" href=\"https:\/\/www.supla.fi\/podcast\/aamupodi\" rel=\"nofollow noopener\" target=\"_blank\">Suplasta<\/a>, <a class=\"article-genericlink\" href=\"https:\/\/open.spotify.com\/show\/6wy7wah5Sj2ichX3qvEomf\" rel=\"nofollow noopener\" target=\"_blank\">Spotifysta<\/a> ja <a class=\"article-genericlink\" href=\"https:\/\/podcasts.apple.com\/fi\/podcast\/aamupodi\/id1785006665\" rel=\"nofollow noopener\" target=\"_blank\">Apple Podcasteista<\/a>.<\/p>\n","protected":false},"excerpt":{"rendered":"Valtionosuusj\u00e4rjestelm\u00e4 kaatui. Mit\u00e4 sitten? Pirhassa kuohuu palkkioiden ja leikkausten ymp\u00e4rill\u00e4. Eiv\u00e4tk\u00f6 ihmiset osaa kulkea H\u00e4meenkadulla? Mit\u00e4 kuuluu korkeakouluyhteis\u00f6n&hellip;\n","protected":false},"author":2,"featured_media":57734,"comment_status":"","ping_status":"","sticky":false,"template":"","format":"standard","meta":{"footnotes":""},"categories":[5],"tags":[157,22,23,26,27,33,31,30,17,24,25,28,29,15,18,21,32,19,20,16],"class_list":{"0":"post-102060","1":"post","2":"type-post","3":"status-publish","4":"format-standard","5":"has-post-thumbnail","7":"category-otsikot","8":"tag-aamulehti","9":"tag-breaking-news","10":"tag-breakingnews","11":"tag-featured-news","12":"tag-featurednews","13":"tag-fi","14":"tag-finland","15":"tag-finnish","16":"tag-headlines","17":"tag-latest-news","18":"tag-latestnews","19":"tag-main-news","20":"tag-mainnews","21":"tag-news","22":"tag-otsikot","23":"tag-paauutiset","24":"tag-suomi","25":"tag-top-stories","26":"tag-topstories","27":"tag-uutiset"},"share_on_mastodon":{"url":"https:\/\/pubeurope.com\/@fi\/115625632956477857","error":""},"_links":{"self":[{"href":"https:\/\/www.europesays.com\/fi\/wp-json\/wp\/v2\/posts\/102060","targetHints":{"allow":["GET"]}}],"collection":[{"href":"https:\/\/www.europesays.com\/fi\/wp-json\/wp\/v2\/posts"}],"about":[{"href":"https:\/\/www.europesays.com\/fi\/wp-json\/wp\/v2\/types\/post"}],"author":[{"embeddable":true,"href":"https:\/\/www.europesays.com\/fi\/wp-json\/wp\/v2\/users\/2"}],"replies":[{"embeddable":true,"href":"https:\/\/www.europesays.com\/fi\/wp-json\/wp\/v2\/comments?post=102060"}],"version-history":[{"count":0,"href":"https:\/\/www.europesays.com\/fi\/wp-json\/wp\/v2\/posts\/102060\/revisions"}],"wp:featuredmedia":[{"embeddable":true,"href":"https:\/\/www.europesays.com\/fi\/wp-json\/wp\/v2\/media\/57734"}],"wp:attachment":[{"href":"https:\/\/www.europesays.com\/fi\/wp-json\/wp\/v2\/media?parent=102060"}],"wp:term":[{"taxonomy":"category","embeddable":true,"href":"https:\/\/www.europesays.com\/fi\/wp-json\/wp\/v2\/categories?post=102060"},{"taxonomy":"post_tag","embeddable":true,"href":"https:\/\/www.europesays.com\/fi\/wp-json\/wp\/v2\/tags?post=102060"}],"curies":[{"name":"wp","href":"https:\/\/api.w.org\/{rel}","templated":true}]}}