{"id":102061,"date":"2025-11-28T05:29:10","date_gmt":"2025-11-28T05:29:10","guid":{"rendered":"https:\/\/www.europesays.com\/fi\/102061\/"},"modified":"2025-11-28T05:29:10","modified_gmt":"2025-11-28T05:29:10","slug":"mirellan-ja-averagekidluken-parisuhdelaulua-kuullaan-viela-pitkaan","status":"publish","type":"post","link":"https:\/\/www.europesays.com\/fi\/102061\/","title":{"rendered":"Mirellan ja Averagekidluken parisuhdelaulua kuullaan viel\u00e4 pitk\u00e4\u00e4n"},"content":{"rendered":"<p class=\"hs-section-removal article-ingress--medium\">Viikon biisi|Mirellan ja Averagekidluken yhteinen kappale Make Up Your Mind kuvaa ep\u00e4m\u00e4\u00e4r\u00e4ist\u00e4 ihmissuhdetta. Sit\u00e4 on jo nyt striimattu yli miljoona kertaa.<\/p>\n<p><img decoding=\"async\" src=\"https:\/\/www.europesays.com\/fi\/wp-content\/uploads\/2025\/11\/1764307750_228_468.jpg\" alt=\"Kaksi suomalaisen musiikin uutta supert\u00e4hte\u00e4, Averagekidluke ja Mirella, l\u00f6iv\u00e4t hynttyyt yhteen.\" class=\"_Img_1rerz_1\" style=\"aspect-ratio:1.7777777777777777\" loading=\"eager\"\/><\/p>\n<p class=\"article-picture-caption\">Kaksi suomalaisen musiikin uutta supert\u00e4hte\u00e4, Averagekidluke ja Mirella, l\u00f6iv\u00e4t hynttyyt yhteen. Kuva:\u00a0Niko Hirvim\u00e4ki<\/p>\n<p><a href=\"https:\/\/www.hs.fi\/haku\/?query=Venla+Rouhiainen\" rel=\"nofollow noopener\" target=\"_blank\"><\/p>\n<p>Venla Rouhiainen<\/p>\n<p><\/a><\/p>\n<p>7:00<\/p>\n<p class=\"article-body mb-nof-24 px-nof-16\">Voiko mik\u00e4\u00e4n olla nuorten parissa ajankohtaisempaa kuin kahden suomalaisen supert\u00e4hden, <a class=\"article-personlink\" href=\"https:\/\/www.hs.fi\/haku\/?query=Mirellan\" rel=\"nofollow noopener\" target=\"_blank\">Mirellan <\/a>eli <a class=\"article-personlink\" href=\"https:\/\/www.hs.fi\/haku\/?query=Mirella%20Roinisen\" rel=\"nofollow noopener\" target=\"_blank\">Mirella Roinisen<\/a> ja <a class=\"article-personlink\" href=\"https:\/\/www.hs.fi\/haku\/?query=Averagekidluken\" rel=\"nofollow noopener\" target=\"_blank\">Averagekidluken<\/a> eli <a class=\"article-personlink\" href=\"https:\/\/www.hs.fi\/haku\/?query=Lucas%20Kihlmanin\" rel=\"nofollow noopener\" target=\"_blank\">Lucas Kihlmanin<\/a>, viikko sitten julkaistu Make up your mind. Siin\u00e4 kuuluvat nykyajan deittikulttuuri kipukohtineen, finglish sek\u00e4 popin ja hiphopin s\u00e4vyill\u00e4 leikittelev\u00e4 tuotanto.<\/p>\n<p>KommentoiIlmoita asiavirheest\u00e4KommentoiIlmoita asiavirheest\u00e4<\/p>\n","protected":false},"excerpt":{"rendered":"Viikon biisi|Mirellan ja Averagekidluken yhteinen kappale Make Up Your Mind kuvaa ep\u00e4m\u00e4\u00e4r\u00e4ist\u00e4 ihmissuhdetta. Sit\u00e4 on jo nyt striimattu&hellip;\n","protected":false},"author":2,"featured_media":102062,"comment_status":"","ping_status":"","sticky":false,"template":"","format":"standard","meta":{"footnotes":""},"categories":[136],"tags":[407,137,33,31,30,46,408,32,109],"class_list":{"0":"post-102061","1":"post","2":"type-post","3":"status-publish","4":"format-standard","5":"has-post-thumbnail","7":"category-julkkikset","8":"tag-celebrities","9":"tag-entertainment","10":"tag-fi","11":"tag-finland","12":"tag-finnish","13":"tag-helsingin-sanomat","14":"tag-julkkikset","15":"tag-suomi","16":"tag-viihde"},"share_on_mastodon":{"url":"https:\/\/pubeurope.com\/@fi\/115625680640718631","error":""},"_links":{"self":[{"href":"https:\/\/www.europesays.com\/fi\/wp-json\/wp\/v2\/posts\/102061","targetHints":{"allow":["GET"]}}],"collection":[{"href":"https:\/\/www.europesays.com\/fi\/wp-json\/wp\/v2\/posts"}],"about":[{"href":"https:\/\/www.europesays.com\/fi\/wp-json\/wp\/v2\/types\/post"}],"author":[{"embeddable":true,"href":"https:\/\/www.europesays.com\/fi\/wp-json\/wp\/v2\/users\/2"}],"replies":[{"embeddable":true,"href":"https:\/\/www.europesays.com\/fi\/wp-json\/wp\/v2\/comments?post=102061"}],"version-history":[{"count":0,"href":"https:\/\/www.europesays.com\/fi\/wp-json\/wp\/v2\/posts\/102061\/revisions"}],"wp:featuredmedia":[{"embeddable":true,"href":"https:\/\/www.europesays.com\/fi\/wp-json\/wp\/v2\/media\/102062"}],"wp:attachment":[{"href":"https:\/\/www.europesays.com\/fi\/wp-json\/wp\/v2\/media?parent=102061"}],"wp:term":[{"taxonomy":"category","embeddable":true,"href":"https:\/\/www.europesays.com\/fi\/wp-json\/wp\/v2\/categories?post=102061"},{"taxonomy":"post_tag","embeddable":true,"href":"https:\/\/www.europesays.com\/fi\/wp-json\/wp\/v2\/tags?post=102061"}],"curies":[{"name":"wp","href":"https:\/\/api.w.org\/{rel}","templated":true}]}}