{"id":102063,"date":"2025-11-28T05:32:17","date_gmt":"2025-11-28T05:32:17","guid":{"rendered":"https:\/\/www.europesays.com\/fi\/102063\/"},"modified":"2025-11-28T05:32:17","modified_gmt":"2025-11-28T05:32:17","slug":"ttk-tahti-sami-helenius-vihjailee-paljonpuhuvasti-jatkosuunnitelmistaan","status":"publish","type":"post","link":"https:\/\/www.europesays.com\/fi\/102063\/","title":{"rendered":"TTK-t\u00e4hti Sami Helenius vihjailee paljonpuhuvasti jatkosuunnitelmistaan."},"content":{"rendered":"<p>            Matti Matikainen\n        <\/p>\n<p class=\"subtitle \">Tanssii t\u00e4htien kanssa -opettaja Sami Helenius ei ole viel\u00e4 varma p\u00e4\u00e4t\u00f6ksest\u00e4\u00e4n.<\/p>\n<p class=\"article-content article-content-width !bg-background\">T\u00e4htiopettaja  on kuulunut vuosikausia Tanssii t\u00e4htien kanssa -ohjelman vakiokalustoon.<\/p>\n<p class=\"article-content article-content-width !bg-background\">Kaarinalaisl\u00e4ht\u00f6inen parkettien partaveitsi t\u00e4hditti t\u00e4n\u00e4kin syksyn\u00e4 kansan suosikkishow\u2019ta \u2013 ja kerta saattoi j\u00e4\u00e4d\u00e4 h\u00e4nen viimeisekseen.<\/p>\n<p class=\"article-content article-content-width !bg-background\">TTK-finaalin j\u00e4lkeen oli kerrassaan mystiset tunnelmat, kun Katso kys\u00e4isi Samin jatkamishaluja ohjelman parissa.<\/p>\n<p class=\"article-content article-content-width !bg-background\">\u2013 Sanoin jo aiemmin, ett\u00e4 jos me p\u00e4\u00e4st\u00e4\u00e4n finaaliin, niin\u2026<\/p>\n<p class=\"article-content article-content-width !bg-background\">H\u00e4n ei saattanut lausettaan loppuun. Hymyili vain ja piti hetken tuumaustauon.<\/p>\n<p class=\"article-content article-content-width !bg-background\">\u2013 No, annetaan nyt p\u00f6lyn laskeutua ja katsotaan sitten tilannetta.<\/p>\n<p>        <a itemprop=\"url\" href=\"https:\/\/www.seiska.fi\/katso\/johannes-holopaiselta-paljastus-ttk-jatkoilta-marko-anttila-pisti-ranttaliksi\/2001548\" rel=\"nofollow noopener\" target=\"_blank\"><\/p>\n<p>\nTanssii t\u00e4htien kanssa\n<\/p>\n<p class=\"section-date\">\n        <strong class=\"article-section\" data-section=\"katso\"><br \/>\n            katso<br \/>\n        <\/strong><br \/>\n        24.11. 10:15\n    <\/p>\n<p>Johannes Holopaiselta paljastus TTK-jatkoilta \u2013 Marko Anttila pisti ranttaliksi?\n    <\/p>\n<p itemprop=\"description\" class=\"subtitle \">\n    Tanssii t\u00e4htien kanssa -kausi sai arvoisensa p\u00e4\u00e4t\u00f6ksen. M\u00f6rk\u00f6 eli Marko Anttila otti roolia jatkobileiss\u00e4.\n<\/p>\n<p>        <\/a><\/p>\n<p>                <img decoding=\"async\" src=\"https:\/\/www.europesays.com\/fi\/wp-content\/uploads\/2025\/11\/2002391.webp\" width=\"576\" height=\"720\" alt=\"Sami Helenius saattaa ly\u00f6d\u00e4 pillit pussiin.\" loading=\"lazy\" \/>            <\/p>\n<p>\n            Sami Helenius saattaa ly\u00f6d\u00e4 pillit pussiin.<br \/>\n            Matti Matikainen\n        <\/p>\n<p>\u201dVaikeaa p\u00e4\u00e4st\u00e4\u00e4 irti\u201d<\/p>\n<p class=\"article-content article-content-width !bg-background\">Sulavaliikkeinen Sami n\u00e4htiin ensi kerran TTK:ssa jo syksyll\u00e4 2009.<\/p>\n<p class=\"article-content article-content-width !bg-background\">Sen j\u00e4lkeen h\u00e4nt\u00e4 ei ole n\u00e4hty ihan joka kerta mukana ohjelmassa, mutta melkein kuitenkin: per\u00e4ti 13 kertaa.<\/p>\n<p class=\"article-content article-content-width !bg-background\">\u2013 Onhan siin\u00e4 jo sit\u00e4kin. Mutta onhan t\u00e4m\u00e4 aina yht\u00e4 hauskaa joka kerta.<\/p>\n<p>        <a itemprop=\"url\" href=\"https:\/\/www.seiska.fi\/urheilu\/harregud-sami-sykko-avoimena-valeistaan-jorma-uotiseen-kehun-aina-jormaa\/1703937\" rel=\"nofollow noopener\" target=\"_blank\"><\/p>\n<p>\nH\u00e4rregud!\n<\/p>\n<p class=\"section-date\">\n        <strong class=\"article-section\" data-section=\"urheilu\"><br \/>\n            urheilu<br \/>\n        <\/strong><br \/>\n        15.5. 19:32\n    <\/p>\n<p>H\u00e4rregud! Sami Sykk\u00f6 avoimena v\u00e4leist\u00e4\u00e4n Jorma Uotiseen: \u201dKehun aina Jormaa!\u201d\n    <\/p>\n<p itemprop=\"description\" class=\"subtitle \">\n    Ihailtu tyylitaituri kommentoi v\u00e4lej\u00e4\u00e4n koko kansan tanssitaiteilijaan.\n<\/p>\n<p>        <\/a><\/p>\n<p class=\"article-content article-content-width !bg-background\">Tilanne tuntuu olevan t\u00e4m\u00e4: toisaalta Samista aistii, ett\u00e4 aika aikaansa kutakin. Toisaalta taas mies nauttii yh\u00e4 TTK:sta.<\/p>\n<p class=\"article-content article-content-width !bg-background\">\u2013 T\u00e4m\u00e4 on tosi mahtava tuotanto. Varsinkin t\u00e4ll\u00e4 kaudella, kun kaikki tukivat toisiaan koko ajan. T\u00e4st\u00e4 on vaikeaa p\u00e4\u00e4st\u00e4 irti, Sami py\u00f6rittelee.<\/p>\n<p>                <img decoding=\"async\" src=\"https:\/\/www.europesays.com\/fi\/wp-content\/uploads\/2025\/11\/2002403.webp\" width=\"576\" height=\"720\" alt=\"Sami toimi p\u00e4\u00e4ttyneell\u00e4 TTK-kaudella kolmiloikkaaja Kristiina M\u00e4kel\u00e4n tanssinopettajana.\" loading=\"lazy\" \/>            <\/p>\n<p>\n            Sami toimi p\u00e4\u00e4ttyneell\u00e4 TTK-kaudella kolmiloikkaaja Kristiina M\u00e4kel\u00e4n tanssinopettajana.<br \/>\n            Timo Korhonen\n        <\/p>\n<p>Kaivannut m\u00f6kkeily\u00e4<\/p>\n<p class=\"article-content article-content-width !bg-background\">Kuten tiedet\u00e4\u00e4n, Tanssii t\u00e4htien kanssa on hyvin intensiivinen projekti, joka sitouttaa tekij\u00e4ns\u00e4 syysilloiksi.<\/p>\n<p class=\"article-content article-content-width !bg-background\">Sami tunnustaa alkaneensa mietti\u00e4, ett\u00e4 voisihan sit\u00e4 joskus k\u00e4ytt\u00e4\u00e4 sunnuntai-iltansa toisinkin.<\/p>\n<p>\n            Mietin p\u00e4\u00e4t\u00f6st\u00e4ni varmaan uudenvuoden yli.\n            <\/p>\n<p class=\"article-content article-content-width !bg-background\">\u2013 No joo, voisihan sit\u00e4 joskus olla m\u00f6kill\u00e4kin. Olen viihtynyt jo aika monena sunnuntaina t\u00e4\u00e4ll\u00e4 tv-studiolla.<\/p>\n<p class=\"article-content article-content-width !bg-background\">\u2013 Olen kaivannut m\u00f6kkeily\u00e4, mutta mietin p\u00e4\u00e4t\u00f6st\u00e4ni varmaan uudenvuoden yli.<\/p>\n<p>                <img decoding=\"async\" src=\"https:\/\/www.europesays.com\/fi\/wp-content\/uploads\/2025\/11\/2002395.webp\" width=\"576\" height=\"720\" alt=\"N\u00e4hd\u00e4\u00e4nk\u00f6 Samia en\u00e4\u00e4 TTK-parketeilla?\" loading=\"lazy\" \/>            <\/p>\n<p>\n            N\u00e4hd\u00e4\u00e4nk\u00f6 Samia en\u00e4\u00e4 TTK-parketeilla?<br \/>\n            Matti Matikainen\n        <\/p>\n","protected":false},"excerpt":{"rendered":"Matti Matikainen Tanssii t\u00e4htien kanssa -opettaja Sami Helenius ei ole viel\u00e4 varma p\u00e4\u00e4t\u00f6ksest\u00e4\u00e4n. T\u00e4htiopettaja on kuulunut vuosikausia Tanssii&hellip;\n","protected":false},"author":2,"featured_media":102064,"comment_status":"","ping_status":"","sticky":false,"template":"","format":"standard","meta":{"footnotes":""},"categories":[133],"tags":[137,33,31,30,13784,7486,7705,1946,32,1355,903,3868,1947,206,3099,6344,156,109],"class_list":{"0":"post-102063","1":"post","2":"type-post","3":"status-publish","4":"format-standard","5":"has-post-thumbnail","7":"category-televisiot","8":"tag-entertainment","9":"tag-fi","10":"tag-finland","11":"tag-finnish","12":"tag-lopettaminen","13":"tag-lopettamispaatos","14":"tag-mokkeily","15":"tag-sami-helenius","16":"tag-suomi","17":"tag-tanssi","18":"tag-tanssii-tahtien-kanssa","19":"tag-tanssija","20":"tag-tanssinopettaja","21":"tag-televisiot","22":"tag-ttk","23":"tag-ttk-2025","24":"tag-tv","25":"tag-viihde"},"share_on_mastodon":{"url":"https:\/\/pubeurope.com\/@fi\/115625692180931066","error":""},"_links":{"self":[{"href":"https:\/\/www.europesays.com\/fi\/wp-json\/wp\/v2\/posts\/102063","targetHints":{"allow":["GET"]}}],"collection":[{"href":"https:\/\/www.europesays.com\/fi\/wp-json\/wp\/v2\/posts"}],"about":[{"href":"https:\/\/www.europesays.com\/fi\/wp-json\/wp\/v2\/types\/post"}],"author":[{"embeddable":true,"href":"https:\/\/www.europesays.com\/fi\/wp-json\/wp\/v2\/users\/2"}],"replies":[{"embeddable":true,"href":"https:\/\/www.europesays.com\/fi\/wp-json\/wp\/v2\/comments?post=102063"}],"version-history":[{"count":0,"href":"https:\/\/www.europesays.com\/fi\/wp-json\/wp\/v2\/posts\/102063\/revisions"}],"wp:featuredmedia":[{"embeddable":true,"href":"https:\/\/www.europesays.com\/fi\/wp-json\/wp\/v2\/media\/102064"}],"wp:attachment":[{"href":"https:\/\/www.europesays.com\/fi\/wp-json\/wp\/v2\/media?parent=102063"}],"wp:term":[{"taxonomy":"category","embeddable":true,"href":"https:\/\/www.europesays.com\/fi\/wp-json\/wp\/v2\/categories?post=102063"},{"taxonomy":"post_tag","embeddable":true,"href":"https:\/\/www.europesays.com\/fi\/wp-json\/wp\/v2\/tags?post=102063"}],"curies":[{"name":"wp","href":"https:\/\/api.w.org\/{rel}","templated":true}]}}