{"id":102077,"date":"2025-11-28T05:55:09","date_gmt":"2025-11-28T05:55:09","guid":{"rendered":"https:\/\/www.europesays.com\/fi\/102077\/"},"modified":"2025-11-28T05:55:09","modified_gmt":"2025-11-28T05:55:09","slug":"robert-helenius-ja-sornaisten-mattomatsi-nyrkkeilyhanskat-vaihtuivat-haarukkaan","status":"publish","type":"post","link":"https:\/\/www.europesays.com\/fi\/102077\/","title":{"rendered":"Robert Helenius ja S\u00f6rn\u00e4isten m\u00e4tt\u00f6matsi: Nyrkkeilyhanskat vaihtuivat haarukkaan"},"content":{"rendered":"<p>\n            20251020, Helsinki. Olet mit\u00e4 sy\u00f6t -ohjelman pressi. Kuvassa Robert Helenius.<br \/>\n            Timo Korhonen\n        <\/p>\n<p class=\"subtitle \">Nyrkkeilylegenda Robert Helenius vaihtoi hanskat haarukkaan. P\u00f6yt\u00e4tavat tyrm\u00e4ttiin ensim\u00e4isess\u00e4 er\u00e4ss\u00e4.<\/p>\n<p class=\"article-content article-content-width !bg-background\">Helsingin S\u00f6rn\u00e4isist\u00e4 kuuluu kummia.\u00a0<\/p>\n<p class=\"font-weight-bold m-font-weight-bold article-content article-content-width !bg-background\">Video: Robert Heleniuksen m\u00e4tt\u00f6matsi S\u00f6rn\u00e4isiss\u00e4<\/p>\n<p class=\"article-content article-content-width !bg-background\">Ex-nyrkkeilij\u00e4  on n\u00e4ytt\u00e4nyt syksyn aikana otteitaan Erikoisjoukot-sarjassa. Nyrkkisankari on nyt my\u00f6s uuden aluevaltauksen edess\u00e4, sill\u00e4 puurtaminen yhdess\u00e4 entisen sotilaan ja kuntosalivalmentajan  kanssa on kovassa vauhdissa \u2013 kaksikon yhteinen kuntosaliprojekti Tactical Gym\u00a0 valmistuu parhaillaan S\u00f6rn\u00e4isiin.<\/p>\n<p class=\"article-content article-content-width !bg-background\">Ennen kuin voimaa p\u00e4\u00e4st\u00e4\u00e4n mittaamaan kuntosalin uumenissa, Robert p\u00e4\u00e4tyi kuitenkin matsiin aivan toisenlaista vastustajaa vastaan \u2013 sellaista, johon julkkiskokki  olisi varmasti sanottavansa.<\/p>\n<p>        <a itemprop=\"url\" href=\"https:\/\/www.seiska.fi\/vain-seiskassa\/matias-petaisto-porskuttaa-rahassa-pyorittaa-miljoonabisnesta\/1849867\" rel=\"nofollow noopener\" target=\"_blank\"><\/p>\n<p>\nSeiska selvitti:\n<\/p>\n<p class=\"section-date\">\n        <strong class=\"article-section\" data-section=\"vain seiskassa\"><br \/>\n            vain seiskassa<br \/>\n        <\/strong><br \/>\n        30.6. 06:00\n    <\/p>\n<p>Matias Pet\u00e4ist\u00f6 porskuttaa rahassa \u2013 py\u00f6ritt\u00e4\u00e4 miljoonabisnest\u00e4!\n    <\/p>\n<p itemprop=\"description\" class=\"subtitle \">\n    Erikoisjoukoista tuttu solttuk\u00f6nsik\u00e4s on osannut hy\u00f6dynt\u00e4\u00e4 tv-suosion puhtaaksi rahaksi.\n<\/p>\n<p>        <\/a><\/p>\n<p class=\"font-weight-bold m-font-weight-bold article-content article-content-width !bg-background\">M\u00e4tt\u00f6matsi lounasravintolassa<\/p>\n<p class=\"article-content article-content-width !bg-background\">Seiskan lukija bongasi torstaina 20. marraskuuta Heleniuksen S\u00f6rn\u00e4isiss\u00e4 sijaitsevasta lounasravintola Factorysta, jonka ruokalistalla oli kyseisen\u00e4 p\u00e4iv\u00e4n\u00e4 lihapullia ja Kiovan kanaa.<\/p>\n<p class=\"article-content article-content-width !bg-background\">Ruoka n\u00e4ytti maistuvan tuoreelle yritt\u00e4j\u00e4lle, sill\u00e4 Seiskan lukijan suu valahti auki n\u00e4hdess\u00e4\u00e4n Robertin annoksen.<\/p>\n<p class=\"article-content article-content-width !bg-background\">\u2013 Melkoinen m\u00e4tt\u00f6matsi! Siin\u00e4h\u00e4n oli yhden pienperheen p\u00e4iv\u00e4llinen esill\u00e4, naureskeli lukija.<\/p>\n<p class=\"article-content article-content-width !bg-background\">Tilanne olisi lukijan mielest\u00e4 vaatinut paikalle julkkiskokki Tomi Bj\u00f6rckin kyselem\u00e4\u00e4n ruokailun j\u00e4lkeen, ett\u00e4 \u201dmaistuiko \u00e4ijille m\u00e4t\u00f6t?\u201d.<\/p>\n<p class=\"article-content article-content-width !bg-background\">Lukijan mukaan Robert ei istunut p\u00f6yd\u00e4ss\u00e4 yksin, vaan seurueessa oli my\u00f6s ty\u00f6haalareihin pukeutunutta porukkaa.\u00a0<\/p>\n<p class=\"article-content article-content-width !bg-background\">Tactical Gym tulee sijaitsemaan aivan Factory H\u00e4meentien naapurissa K\u00e4enkujalla, joten Robertin n\u00e4keminen kyseisess\u00e4 seurueessa ei ole tavatonta.<\/p>\n<p>                <img decoding=\"async\" src=\"https:\/\/www.europesays.com\/fi\/wp-content\/uploads\/2025\/11\/2002234.webp\" width=\"576\" height=\"855\" alt=\"Nyrkkeilyhanskat haarukkaan vaihtanut Helenius unohti hyv\u00e4t p\u00f6yt\u00e4tavat lounaalla.\" loading=\"lazy\" \/>            <\/p>\n<p>\n            Nyrkkeilyhanskat haarukkaan vaihtanut Helenius unohti hyv\u00e4t p\u00f6yt\u00e4tavat lounaalla.<br \/>\n            Lukijan kuva\n        <\/p>\n<p class=\"article-content article-content-width !bg-background\">Videolla Robert nauttii Factoryn ruuasta lippalakki p\u00e4\u00e4ss\u00e4. Esimerkiksi\u00a0<a href=\"https:\/\/www.martat.fi\/teemat\/junnukokki\/keittiossa\/muut-keittiovinkit\/kaydaan-poytaan\/poytatavat\/\" target=\"_blank\" rel=\"nofollow noopener\">Marttojen<\/a> mukaan hyviin p\u00f6yt\u00e4tapoihin kuuluu riisua ulkovaatteet ja p\u00e4\u00e4hine ennen p\u00f6yt\u00e4\u00e4n istuutumista.<\/p>\n<p class=\"article-content article-content-width !bg-background\">Lippalakki p\u00e4\u00e4ss\u00e4 sy\u00f6minen nauratti Seiskan lukijaa \u2013 ehk\u00e4 kokenut keh\u00e4raakki vain unohti kaikessa tohinassa lakin p\u00e4\u00e4h\u00e4ns\u00e4.<\/p>\n<p class=\"article-content article-content-width !bg-background\">\u2013 Toivottavasti jatkossa Robert muistaa p\u00f6yt\u00e4tavat, niputtaa lukija Seiskalle.<\/p>\n<p>        <a itemprop=\"url\" href=\"https:\/\/www.seiska.fi\/katso\/robert-helenius-lyyhistyy-kesken-harjoituksen\/1983261\" rel=\"nofollow noopener\" target=\"_blank\"><\/p>\n<p>\nErikoisjoukot\n<\/p>\n<p class=\"section-date\">\n        <strong class=\"article-section\" data-section=\"katso\"><br \/>\n            katso<br \/>\n        <\/strong><br \/>\n        5.11. 08:15\n    <\/p>\n<p>Robert Helenius lyyhistyy kesken harjoituksen\n    <\/p>\n<p itemprop=\"description\" class=\"subtitle \">\n    Erikoisjoukkojen rankka motivaatiomonttu-harjoitus on murtaa ex-nyrkkeilij\u00e4n.\n<\/p>\n<p>        <\/a><\/p>\n","protected":false},"excerpt":{"rendered":"20251020, Helsinki. Olet mit\u00e4 sy\u00f6t -ohjelman pressi. Kuvassa Robert Helenius. Timo Korhonen Nyrkkeilylegenda Robert Helenius vaihtoi hanskat haarukkaan.&hellip;\n","protected":false},"author":2,"featured_media":102078,"comment_status":"","ping_status":"","sticky":false,"template":"","format":"standard","meta":{"footnotes":""},"categories":[136],"tags":[407,137,33,31,30,408,2156,5232,7333,32,19500,19499,109],"class_list":{"0":"post-102077","1":"post","2":"type-post","3":"status-publish","4":"format-standard","5":"has-post-thumbnail","7":"category-julkkikset","8":"tag-celebrities","9":"tag-entertainment","10":"tag-fi","11":"tag-finland","12":"tag-finnish","13":"tag-julkkikset","14":"tag-matias-petaisto","15":"tag-robert-helenius","16":"tag-sornainen","17":"tag-suomi","18":"tag-tactical-gym","19":"tag-tomi-bjorck","20":"tag-viihde"},"share_on_mastodon":{"url":"https:\/\/pubeurope.com\/@fi\/115625782530733603","error":""},"_links":{"self":[{"href":"https:\/\/www.europesays.com\/fi\/wp-json\/wp\/v2\/posts\/102077","targetHints":{"allow":["GET"]}}],"collection":[{"href":"https:\/\/www.europesays.com\/fi\/wp-json\/wp\/v2\/posts"}],"about":[{"href":"https:\/\/www.europesays.com\/fi\/wp-json\/wp\/v2\/types\/post"}],"author":[{"embeddable":true,"href":"https:\/\/www.europesays.com\/fi\/wp-json\/wp\/v2\/users\/2"}],"replies":[{"embeddable":true,"href":"https:\/\/www.europesays.com\/fi\/wp-json\/wp\/v2\/comments?post=102077"}],"version-history":[{"count":0,"href":"https:\/\/www.europesays.com\/fi\/wp-json\/wp\/v2\/posts\/102077\/revisions"}],"wp:featuredmedia":[{"embeddable":true,"href":"https:\/\/www.europesays.com\/fi\/wp-json\/wp\/v2\/media\/102078"}],"wp:attachment":[{"href":"https:\/\/www.europesays.com\/fi\/wp-json\/wp\/v2\/media?parent=102077"}],"wp:term":[{"taxonomy":"category","embeddable":true,"href":"https:\/\/www.europesays.com\/fi\/wp-json\/wp\/v2\/categories?post=102077"},{"taxonomy":"post_tag","embeddable":true,"href":"https:\/\/www.europesays.com\/fi\/wp-json\/wp\/v2\/tags?post=102077"}],"curies":[{"name":"wp","href":"https:\/\/api.w.org\/{rel}","templated":true}]}}