{"id":102081,"date":"2025-11-28T06:01:13","date_gmt":"2025-11-28T06:01:13","guid":{"rendered":"https:\/\/www.europesays.com\/fi\/102081\/"},"modified":"2025-11-28T06:01:13","modified_gmt":"2025-11-28T06:01:13","slug":"influenssakausi-on-alkamassa-tavallista-aiemmin-nailla-paikkakunnilla-on-keski-suomessa-joukkorokotus-lauantaina-keski-suomi","status":"publish","type":"post","link":"https:\/\/www.europesays.com\/fi\/102081\/","title":{"rendered":"Influenssakausi on alkamassa tavallista aiemmin \u2013 n\u00e4ill\u00e4 paikkakunnilla on Keski-Suomessa joukkorokotus lauantaina | Keski-Suomi"},"content":{"rendered":"<p class=\"aw-1gybjub aw-5vja16 kEtdKx kmuxyA yle__article__paragraph\">Rokotuksia annetaan riskiryhmiin kuuluville 18 vuotta t\u00e4ytt\u00e4neille sek\u00e4 varusmiespalvelun tai vapaaehtoisen asepalveluksen aloittaville.<\/p>\n<p><img decoding=\"async\" alt=\"Rokotuksen j\u00e4lkeen laitettu laastari olkavarressa.\" src=\"https:\/\/www.europesays.com\/fi\/wp-content\/uploads\/2025\/11\/39-87655661867a5cdbe5e.jpeg\" class=\"aw-1l9m598 hKVVvP\"\/><\/p>\n<p>Avaa kuvien katselu<\/p>\n<p>Keski-Suomen hyvinvointialue aloitti riskiryhmien influenssa- ja koronarokotukset lokakuun lopulla. Kuvituskuva. Kuva: Tiina Jutila \/ Yle<\/p>\n<p class=\"aw-1gybjub aw-1p7kakr kEtdKx cEmitX yle__article__paragraph\">Influenssakausi on alkamassa tavanomaista aikaisemmin, kertoo Terveyden ja hyvinvoinnin laitos THL.<\/p>\n<p class=\"aw-1gybjub aw-1p7kakr kEtdKx cEmitX yle__article__paragraph\">THL:n mukaan useat maat eri puolilla maailmaa ovat kertoneet influenssakauden alkaneen t\u00e4n\u00e4 vuonna poikkeuksellisen varhain.<\/p>\n<p class=\"aw-1gybjub aw-1p7kakr kEtdKx cEmitX yle__article__paragraph\">My\u00f6s Suomessa tapausm\u00e4\u00e4r\u00e4t ovat kasvussa.<\/p>\n<p class=\"aw-1gybjub aw-1p7kakr kEtdKx cEmitX yle__article__paragraph\">Etenkin riskiryhmiin kuuluville suositellaan influenssarokotteen ottamista viipym\u00e4tt\u00e4.<\/p>\n<p class=\"aw-1gybjub aw-1p7kakr kEtdKx cEmitX yle__article__paragraph\">Rokotussuojan syntyminen kest\u00e4\u00e4 noin kaksi viikkoa.<\/p>\n<p class=\"aw-1gybjub aw-1p7kakr kEtdKx cEmitX yle__article__paragraph\">Keski-Suomen hyvinvointialue aloitti riskiryhmien influenssa- ja koronarokotukset lokakuun lopulla.<\/p>\n<p class=\"aw-1gybjub aw-1p7kakr kEtdKx cEmitX yle__article__paragraph\">Seuraava joukkorokotusp\u00e4iv\u00e4 j\u00e4rjestet\u00e4\u00e4n lauantaina 29. marraskuuta Hankasalmen, Laukaan, Saarij\u00e4rven ja \u00c4\u00e4nekosken terveysasemilla sek\u00e4 Jyv\u00e4skyl\u00e4ss\u00e4 sairaala Novassa.<\/p>\n<p class=\"aw-1gybjub aw-1p7kakr kEtdKx cEmitX yle__article__paragraph\"><a class=\"aw-iao6s4 iHOxEa yle__article__link\" href=\"https:\/\/www.hyvaks.fi\/influenssajakoronarokotukset\" role=\"link\" rel=\"nofollow noopener\" target=\"_blank\">Rokotuksia annetaan<\/a> riskiryhmiin kuuluville 18 vuotta t\u00e4ytt\u00e4neille sek\u00e4 varusmiespalvelun tai vapaaehtoisen asepalveluksen aloittaville.<\/p>\n<p>Joukkorokotuspaikat ja -ajat lauantaina 29.11.2025<\/p>\n<p class=\"aw-1gybjub aw-1p7kakr kEtdKx cEmitX yle__article__paragraph\">Hankasalmen terveysasema, kello 9-15<\/p>\n<p class=\"aw-1gybjub aw-1p7kakr kEtdKx cEmitX yle__article__paragraph\">Jyv\u00e4skyl\u00e4 sairaala Nova, kello 9-15, ovet avautuvat kello 8.45<\/p>\n<p class=\"aw-1gybjub aw-1p7kakr kEtdKx cEmitX yle__article__paragraph\">Laukaan terveysasema, kello 9-14<\/p>\n<p class=\"aw-1gybjub aw-1p7kakr kEtdKx cEmitX yle__article__paragraph\">Saarij\u00e4rven terveysasema, kello 9-15<\/p>\n<p class=\"aw-1gybjub aw-1p7kakr kEtdKx cEmitX yle__article__paragraph\">\u00c4\u00e4nekosken terveysasema, kello 9-15<\/p>\n<p class=\"aw-1gybjub aw-1p7kakr kEtdKx cEmitX yle__article__paragraph\">Koronarokotteen saa t\u00e4n\u00e4 vuonna aiempaa pienempi kohderyhm\u00e4. THL:n suositusten mukaan sen saavat t\u00e4n\u00e4 syksyn\u00e4 ik\u00e4ns\u00e4 perusteella vain 75 vuotta t\u00e4ytt\u00e4neet, eiv\u00e4t 65 vuotta t\u00e4ytt\u00e4neet kuten viime vuonna.<\/p>\n<p class=\"aw-1gybjub aw-1p7kakr kEtdKx cEmitX yle__article__paragraph\">Koronarokotteeseen ovat oikeutettuja my\u00f6s ne 18 vuotta t\u00e4ytt\u00e4neet, joilla on koronarokotukseen oikeuttavia riskisairauksia.<\/p>\n<p class=\"aw-1gybjub aw-1p7kakr kEtdKx cEmitX yle__article__paragraph\">Hyvinvointialue muistuttaa tiedotteessaan, ett\u00e4 influenssarokotteen ottaminen on t\u00e4rke\u00e4\u00e4, koska influenssa voi olla riskiryhm\u00e4l\u00e4isille hankala ja aiheuttaa vakavia j\u00e4lkitauteja.<\/p>\n<p class=\"aw-1gybjub aw-1p7kakr kEtdKx cEmitX yle__article__paragraph\">Influenssarokotteella voidaan ehk\u00e4ist\u00e4 sairastumista sek\u00e4 v\u00e4hent\u00e4\u00e4 vakavan taudin riski\u00e4.<\/p>\n<p class=\"aw-1gybjub aw-1p7kakr kEtdKx cEmitX yle__article__paragraph\">\u2013 Rokotteiden ottajien olisi hyv\u00e4 muistaa, ett\u00e4 influenssa voi edelleen aiheuttaa saajalleen vakavan taudin. Influenssan vakavuus taudinaiheuttajana on tuntunut unohtuneen koronapandemian aikana, toteaa Keski-Suomen hyvinvointialueen infektioylil\u00e4\u00e4k\u00e4ri <strong class=\"aw-ak79eh KyCXm yle__article__strong\">Jaana Lepp\u00e4aho-Lakka<\/strong>.<\/p>\n","protected":false},"excerpt":{"rendered":"Rokotuksia annetaan riskiryhmiin kuuluville 18 vuotta t\u00e4ytt\u00e4neille sek\u00e4 varusmiespalvelun tai vapaaehtoisen asepalveluksen aloittaville. Avaa kuvien katselu Keski-Suomen hyvinvointialue&hellip;\n","protected":false},"author":2,"featured_media":102082,"comment_status":"","ping_status":"","sticky":false,"template":"","format":"standard","meta":{"footnotes":""},"categories":[165],"tags":[7138,33,31,30,4130,166,2218,6313,14546,425,2749,474,2559,10894,32,167],"class_list":{"0":"post-102081","1":"post","2":"type-post","3":"status-publish","4":"format-standard","5":"has-post-thumbnail","7":"category-terveys","8":"tag-aanekoski","9":"tag-fi","10":"tag-finland","11":"tag-finnish","12":"tag-hankasalmi","13":"tag-health","14":"tag-hyvinvointialueet","15":"tag-influenssa","16":"tag-influenssarokotteet","17":"tag-jyvaskyla","18":"tag-jyvaskylan-seutukunta","19":"tag-keski-suomi","20":"tag-laukaa","21":"tag-saarijarvi","22":"tag-suomi","23":"tag-terveys"},"share_on_mastodon":{"url":"https:\/\/pubeurope.com\/@fi\/115625806420985061","error":""},"_links":{"self":[{"href":"https:\/\/www.europesays.com\/fi\/wp-json\/wp\/v2\/posts\/102081","targetHints":{"allow":["GET"]}}],"collection":[{"href":"https:\/\/www.europesays.com\/fi\/wp-json\/wp\/v2\/posts"}],"about":[{"href":"https:\/\/www.europesays.com\/fi\/wp-json\/wp\/v2\/types\/post"}],"author":[{"embeddable":true,"href":"https:\/\/www.europesays.com\/fi\/wp-json\/wp\/v2\/users\/2"}],"replies":[{"embeddable":true,"href":"https:\/\/www.europesays.com\/fi\/wp-json\/wp\/v2\/comments?post=102081"}],"version-history":[{"count":0,"href":"https:\/\/www.europesays.com\/fi\/wp-json\/wp\/v2\/posts\/102081\/revisions"}],"wp:featuredmedia":[{"embeddable":true,"href":"https:\/\/www.europesays.com\/fi\/wp-json\/wp\/v2\/media\/102082"}],"wp:attachment":[{"href":"https:\/\/www.europesays.com\/fi\/wp-json\/wp\/v2\/media?parent=102081"}],"wp:term":[{"taxonomy":"category","embeddable":true,"href":"https:\/\/www.europesays.com\/fi\/wp-json\/wp\/v2\/categories?post=102081"},{"taxonomy":"post_tag","embeddable":true,"href":"https:\/\/www.europesays.com\/fi\/wp-json\/wp\/v2\/tags?post=102081"}],"curies":[{"name":"wp","href":"https:\/\/api.w.org\/{rel}","templated":true}]}}