{"id":102097,"date":"2025-11-28T06:25:08","date_gmt":"2025-11-28T06:25:08","guid":{"rendered":"https:\/\/www.europesays.com\/fi\/102097\/"},"modified":"2025-11-28T06:25:08","modified_gmt":"2025-11-28T06:25:08","slug":"rotten-soundilla-on-painavaa-asiaa-idealist-on-kyyninen-d-beat-anthem-taistelulle-paremmasta-tulevaisuudesta","status":"publish","type":"post","link":"https:\/\/www.europesays.com\/fi\/102097\/","title":{"rendered":"Rotten Soundilla on painavaa asiaa &#8211; &#8221;Idealist on kyyninen d-beat -anthem taistelulle paremmasta tulevaisuudesta&#8221;"},"content":{"rendered":"<p>Kotimainen grindcore-jyr\u00e4 <strong>Rotten Sound<\/strong> julkaisee 12. joulukuuta uuden, napakasti alle kymmeneen minuuttiin mahtuvan kahdeksanbiisisen Mass Extinction -ep:n. Levylt\u00e4 <a href=\"https:\/\/www.inferno.fi\/uutiset\/rajahtava-ensipuraisu-rotten-soundin-tulevaan-ep-levyyn-julki\/\" target=\"_blank\" rel=\"noreferrer noopener nofollow\">on aiemmin julkaistu<\/a> n\u00e4ytteeksi kappale Brave New World, ja nyt tarjolla on uusi maistiainen Idealist-kappaleen muodossa.<\/p>\n<p>\u201dIdealist on kyyninen d-beat -anthem taistelulle paremmasta tulevaisuudesta. Uskon todella, ett\u00e4 paremmat ajat ovat tulossa, mutta tuntuu mahdottomalta l\u00f6yt\u00e4\u00e4 uutta tasoa ihmisyydess\u00e4. Muutos tuntuu kest\u00e4v\u00e4n ikuisuuden. Sanoitukset kumpuavat t\u00e4st\u00e4 turhautumisesta\u201d, toteaa solisti <strong>Keijo Niinimaa<\/strong>.<\/p>\n<p><img loading=\"lazy\" decoding=\"async\" alt=\"YouTube video\" width=\"480\" height=\"360\" data-pin-nopin=\"true\" nopin=\"nopin\" class=\"perfmatters-lazy\" src=\"https:\/\/www.europesays.com\/fi\/wp-content\/uploads\/2025\/11\/1764311108_641_hqdefault.jpg\"\/><\/p>\n<p>Lue my\u00f6s: <a href=\"https:\/\/www.inferno.fi\/uutiset\/rajahtava-ensipuraisu-rotten-soundin-tulevaan-ep-levyyn-julki\/\" title=\"R\u00e4j\u00e4ht\u00e4v\u00e4 ensipuraisu Rotten Soundin tulevaan ep-levyyn julki\" class=\"underline-custom !font-montserrat !font-bold !underline-offset-4 !decoration-4 !decoration-red-600 !text-md\" rel=\"nofollow noopener\" target=\"_blank\">R\u00e4j\u00e4ht\u00e4v\u00e4 ensipuraisu Rotten Soundin tulevaan ep-levyyn julki<\/a><\/p>\n","protected":false},"excerpt":{"rendered":"Kotimainen grindcore-jyr\u00e4 Rotten Sound julkaisee 12. joulukuuta uuden, napakasti alle kymmeneen minuuttiin mahtuvan kahdeksanbiisisen Mass Extinction -ep:n. Levylt\u00e4&hellip;\n","protected":false},"author":2,"featured_media":102098,"comment_status":"","ping_status":"","sticky":false,"template":"","format":"standard","meta":{"footnotes":"","_share_on_mastodon":"0"},"categories":[132],"tags":[137,3149,33,31,30,12519,195,47,1244,32,109],"class_list":["post-102097","post","type-post","status-publish","format-standard","has-post-thumbnail","category-musiikki","tag-entertainment","tag-ep","tag-fi","tag-finland","tag-finnish","tag-grindcore","tag-music","tag-musiikki","tag-single","tag-suomi","tag-viihde"],"share_on_mastodon":{"url":"https:\/\/pubeurope.com\/@fi\/115625900413931315","error":""},"_links":{"self":[{"href":"https:\/\/www.europesays.com\/fi\/wp-json\/wp\/v2\/posts\/102097","targetHints":{"allow":["GET"]}}],"collection":[{"href":"https:\/\/www.europesays.com\/fi\/wp-json\/wp\/v2\/posts"}],"about":[{"href":"https:\/\/www.europesays.com\/fi\/wp-json\/wp\/v2\/types\/post"}],"author":[{"embeddable":true,"href":"https:\/\/www.europesays.com\/fi\/wp-json\/wp\/v2\/users\/2"}],"replies":[{"embeddable":true,"href":"https:\/\/www.europesays.com\/fi\/wp-json\/wp\/v2\/comments?post=102097"}],"version-history":[{"count":0,"href":"https:\/\/www.europesays.com\/fi\/wp-json\/wp\/v2\/posts\/102097\/revisions"}],"wp:featuredmedia":[{"embeddable":true,"href":"https:\/\/www.europesays.com\/fi\/wp-json\/wp\/v2\/media\/102098"}],"wp:attachment":[{"href":"https:\/\/www.europesays.com\/fi\/wp-json\/wp\/v2\/media?parent=102097"}],"wp:term":[{"taxonomy":"category","embeddable":true,"href":"https:\/\/www.europesays.com\/fi\/wp-json\/wp\/v2\/categories?post=102097"},{"taxonomy":"post_tag","embeddable":true,"href":"https:\/\/www.europesays.com\/fi\/wp-json\/wp\/v2\/tags?post=102097"}],"curies":[{"name":"wp","href":"https:\/\/api.w.org\/{rel}","templated":true}]}}