{"id":102101,"date":"2025-11-28T06:29:08","date_gmt":"2025-11-28T06:29:08","guid":{"rendered":"https:\/\/www.europesays.com\/fi\/102101\/"},"modified":"2025-11-28T06:29:08","modified_gmt":"2025-11-28T06:29:08","slug":"oletko-aina-katsonut-stranger-thingsia-vaarin-sarjan-luoja-muistutti-mita-pitaa-tehda-ennen-netflixin-avaamista","status":"publish","type":"post","link":"https:\/\/www.europesays.com\/fi\/102101\/","title":{"rendered":"Oletko aina katsonut Stranger Thingsi\u00e4 v\u00e4\u00e4rin? Sarjan luoja muistutti mit\u00e4 pit\u00e4\u00e4 tehd\u00e4 ennen Netflixin avaamista"},"content":{"rendered":"<p>Kuva: \u00a9 2025 Netflix, Inc.<\/p>\n<p>Stranger Things -sarjan finaalikauden ensimm\u00e4inen osa l\u00f6ytyy nyt Netflixist\u00e4.<\/p>\n<p><a href=\"https:\/\/muropaketti.com\/avainsana\/stranger-things\" rel=\"nofollow noopener\" target=\"_blank\">Stranger Things<\/a> -sarjan viimeisen kauden nelj\u00e4 ensimm\u00e4ist\u00e4 jaksoa julkaistiin eilen. Sarjan toinen luoja ja showrunner Ross Duffer puolestaan julkaisi Instagram-tilill\u00e4\u00e4n videop\u00e4tk\u00e4n, jossa h\u00e4n muistuttaa katsojia laittamaan televisioidensa asetukset kohdilleen. <\/p>\n<p>Moderneissa \u00e4lytelkkareissa on hurja m\u00e4\u00e4r\u00e4 erilaisia \u201dkuvanparannusasetuksia\u201d, joista suurin osa kannattaa ottaa pois p\u00e4\u00e4lt\u00e4. Duffer k\u00e4y videossa kaikki l\u00e4pi.<\/p>\n<p>Katselukokemuksen taatusti parhaiten pilaava on niin sanottu motion smoothing, joka p\u00e4\u00e4ll\u00e4 olleessaan saa kaiken n\u00e4ytt\u00e4m\u00e4\u00e4n halvalta saippuaoopperalta. Asetuksen nimi vaihtelee merkist\u00e4 ja mallista riippuen. Suuresta osasta viime vuosien tv-malleja l\u00f6ytyy asetus nimelt\u00e4\u00e4n filmmaker mode, joka k\u00e4\u00e4nt\u00e4\u00e4 saippusarjahirvityksen lis\u00e4ksi suuren osan muistakin kuvanpilaajista pois p\u00e4\u00e4lt\u00e4.<\/p>\n<p>Stranger Things -sarjan eilen tarjolle tulleet uudet jaksot kiinnostivat katsojia niin paljon, ett\u00e4 <a href=\"https:\/\/muropaketti.com\/elokuvat\/elokuvauutiset\/netflixin-hittisarjan-paluuta-oli-odotettu-niin-kovasti-etta-koko-palvelu-kaatui-kayttajilta\" rel=\"nofollow noopener\" target=\"_blank\">Netflix kyykk\u00e4si hetkeksi<\/a>.<\/p>\n<p>Lis\u00e4\u00e4 on luvassa tapaninp\u00e4iv\u00e4n\u00e4 26. joulukuuta, jolloin julkaistaan kolme jaksoa kello 3.00. Sarjan kahden tunnin mittainen finaaliepisodi tulee tarjolle 1. tammikuuta my\u00f6s kello 3.00.<\/p>\n<blockquote class=\"instagram-media\" data-instgrm-captioned=\"\" data-instgrm-permalink=\"https:\/\/www.instagram.com\/reel\/DRiaP2zEow4\/?utm_source=ig_embed&amp;utm_campaign=loading\" data-instgrm-version=\"14\" style=\" background:#FFF; border:0; border-radius:3px; box-shadow:0 0 1px 0 rgba(0,0,0,0.5),0 1px 10px 0 rgba(0,0,0,0.15); margin: 1px; max-width:540px; min-width:326px; padding:0; width:99.375%; width:-webkit-calc(100% - 2px); width:calc(100% - 2px);\"\/>\n<blockquote class=\"bluesky-embed\" data-bluesky-uri=\"at:\/\/did:plc:stu6mpxfqavffz27xtdcnmnv\/app.bsky.feed.post\/3lbsokem3yc2p\" data-bluesky-cid=\"bafyreieaaepjyie7crvdqtjjsty5nqduw3mykmnbrbrv73p4jm7clpop6i\" data-bluesky-embed-color-mode=\"system\">\n<p lang=\"en\">For those going home to visit family this weekend:<\/p>\n<p>\u2022 Samsung calls it Auto Motion Plus<br \/>\n\u2022 LG calls it TruMotion<br \/>\n\u2022 Sony calls it Motionflow<br \/>\n\u2022 Roku calls it Action Smoothing<br \/>\n\u2022 Google TV calls it Motion Enhancement<br \/>\n\u2022 Vizio calls it Smooth Motion Effect.<\/p>\n<p>\u2014 Elizabeth Smith (<a href=\"https:\/\/bsky.app\/profile\/did:plc:stu6mpxfqavffz27xtdcnmnv?ref_src=embed\" rel=\"nofollow noopener\" target=\"_blank\">@instantsunrise.bsky.social<\/a>) <a href=\"https:\/\/bsky.app\/profile\/did:plc:stu6mpxfqavffz27xtdcnmnv\/post\/3lbsokem3yc2p?ref_src=embed\" rel=\"nofollow noopener\" target=\"_blank\">26. marraskuuta 2024 klo 1.31<\/a><\/p><\/blockquote>\n<p><script async src=\"\/\/www.instagram.com\/embed.js\"><\/script><\/p>\n","protected":false},"excerpt":{"rendered":"Kuva: \u00a9 2025 Netflix, Inc. Stranger Things -sarjan finaalikauden ensimm\u00e4inen osa l\u00f6ytyy nyt Netflixist\u00e4. Stranger Things -sarjan viimeisen&hellip;\n","protected":false},"author":2,"featured_media":102102,"comment_status":"","ping_status":"","sticky":false,"template":"","format":"standard","meta":{"footnotes":""},"categories":[130],"tags":[137,33,31,30,217,1369,13249,32,109],"class_list":{"0":"post-102101","1":"post","2":"type-post","3":"status-publish","4":"format-standard","5":"has-post-thumbnail","7":"category-viihde","8":"tag-entertainment","9":"tag-fi","10":"tag-finland","11":"tag-finnish","12":"tag-netflix","13":"tag-sarjat","14":"tag-stranger-things","15":"tag-suomi","16":"tag-viihde"},"share_on_mastodon":{"url":"https:\/\/pubeurope.com\/@fi\/115625916057355497","error":""},"_links":{"self":[{"href":"https:\/\/www.europesays.com\/fi\/wp-json\/wp\/v2\/posts\/102101","targetHints":{"allow":["GET"]}}],"collection":[{"href":"https:\/\/www.europesays.com\/fi\/wp-json\/wp\/v2\/posts"}],"about":[{"href":"https:\/\/www.europesays.com\/fi\/wp-json\/wp\/v2\/types\/post"}],"author":[{"embeddable":true,"href":"https:\/\/www.europesays.com\/fi\/wp-json\/wp\/v2\/users\/2"}],"replies":[{"embeddable":true,"href":"https:\/\/www.europesays.com\/fi\/wp-json\/wp\/v2\/comments?post=102101"}],"version-history":[{"count":0,"href":"https:\/\/www.europesays.com\/fi\/wp-json\/wp\/v2\/posts\/102101\/revisions"}],"wp:featuredmedia":[{"embeddable":true,"href":"https:\/\/www.europesays.com\/fi\/wp-json\/wp\/v2\/media\/102102"}],"wp:attachment":[{"href":"https:\/\/www.europesays.com\/fi\/wp-json\/wp\/v2\/media?parent=102101"}],"wp:term":[{"taxonomy":"category","embeddable":true,"href":"https:\/\/www.europesays.com\/fi\/wp-json\/wp\/v2\/categories?post=102101"},{"taxonomy":"post_tag","embeddable":true,"href":"https:\/\/www.europesays.com\/fi\/wp-json\/wp\/v2\/tags?post=102101"}],"curies":[{"name":"wp","href":"https:\/\/api.w.org\/{rel}","templated":true}]}}