{"id":102107,"date":"2025-11-28T06:34:09","date_gmt":"2025-11-28T06:34:09","guid":{"rendered":"https:\/\/www.europesays.com\/fi\/102107\/"},"modified":"2025-11-28T06:34:09","modified_gmt":"2025-11-28T06:34:09","slug":"nuori-puukottaja-hyokkasi-neljan-kimppuun-tampereen-keskustassa-il-seuraa-oikeudenkayntia","status":"publish","type":"post","link":"https:\/\/www.europesays.com\/fi\/102107\/","title":{"rendered":"Nuori puukottaja hy\u00f6kk\u00e4si nelj\u00e4n kimppuun Tampereen keskustassa \u2013 IL seuraa oikeudenk\u00e4ynti\u00e4"},"content":{"rendered":"<p>Iltalehti seuraa Ratinan joukkopuukotuksen oikeudenk\u00e4ynti\u00e4 hetki hetkelt\u00e4.<\/p>\n<p><img decoding=\"async\" class=\"image image-show image-preview\" src=\"https:\/\/www.europesays.com\/fi\/wp-content\/uploads\/2025\/11\/dc7feceffdc0111e1891f8751f639522b9643fce6cc2d149a0aff09140c4cbcb.jpg\" alt=\"\"\/><img decoding=\"async\" class=\"image image-show\" src=\"https:\/\/www.europesays.com\/fi\/wp-content\/uploads\/2025\/11\/1764311649_273_dc7feceffdc0111e1891f8751f639522b9643fce6cc2d149a0aff09140c4cbcb.jpg\" alt=\"\"\/><\/p>\n<p>Mies peitteli kasvojaan lehdell\u00e4 vangitsemisistunnon alussa hein\u00e4kuussa. Miia Sir\u00e9n<\/p>\n<p class=\"paragraph\">Ratinan joukkopuukotuksen oikeudenk\u00e4ynti alkaa t\u00e4n\u00e4\u00e4n perjantaina Pirkanmaan k\u00e4r\u00e4j\u00e4oikeudessa.<\/p>\n<p class=\"paragraph\">24-vuotiaalle miehelle vaaditaan rangaistusta kahdesta murhan yrityksest\u00e4, kahdesta t\u00f6rke\u00e4st\u00e4 pahoinpitelyst\u00e4 ja laittomasta uhkauksesta.<\/p>\n<p class=\"paragraph\">Nuori mies puukotti nelj\u00e4\u00e4 itselleen tuntematonta ihmist\u00e4 kauppakeskus Ratinan edustalla viime hein\u00e4kuussa.<\/p>\n<p class=\"paragraph\">Miehen uhriksi joutuivat 35-vuotias mies sek\u00e4 kolme naista, i\u00e4lt\u00e4\u00e4n 34\u201352-vuotiaita. Mies ei tuntenut heit\u00e4 ennalta.<\/p>\n<p class=\"paragraph\">Iltalehti seuraa oikeudenk\u00e4ynti\u00e4 hetki hetkelt\u00e4 t\u00e4ss\u00e4 jutussa.<\/p>\n<p>Ei vanhempia p\u00e4ivityksi\u00e4<\/p>\n<p>N\u00e4in tapahtumat eteniv\u00e4t<\/p>\n<p>Poliisi eristi tapahtuma-alueen torstaina 3. hein\u00e4kuuta. Juha Veli  Jokinen<\/p>\n<p class=\"paragraph\">Tapahtumien aikaan 23-vuotias mies oli poliisin k\u00e4sityksen mukaan suunnitellut veritekoa kuukausia, mahdollisesti jopa vuosia.<\/p>\n<p class=\"paragraph\">H\u00e4n iski uhrien kimppuun torstaina 3. hein\u00e4kuuta kello 16.20.<\/p>\n<p class=\"paragraph\">Ensimm\u00e4iset kaksi uhria tunsivat toisensa. 40- ja 52-vuotiaat naiset olivat samassa seurueessa. Mies puukotti toista useita kertoja, toista h\u00e4n iski olkavarteen ja kylkeen.<\/p>\n<p class=\"paragraph\">Ratinan kulmalla mies hy\u00f6kk\u00e4si kolmannen uhrin, trubaduurimuusikko <a href=\"https:\/\/www.iltalehti.fi\/henkilot\/Markku Ketola\" class=\"article-link-person-page\" rel=\"nofollow noopener\" target=\"_blank\">Markku Ketolan<\/a> tytt\u00e4ren <strong>Sussu Ketolan<\/strong>, 34, kimppuun. Mies puukotti h\u00e4nt\u00e4 kylkeen nelj\u00e4st\u00e4 viiteen kertaan. Ketolan oli tarkoitus esiinty\u00e4 seuraavana p\u00e4iv\u00e4n\u00e4 Ruisrockissa Litku Klemetin yhtyeess\u00e4.<\/p>\n<p class=\"paragraph\">Lopuksi mies iski kolmekymppist\u00e4 miest\u00e4 oikeaan olkavarteen.<\/p>\n<p>Poliisi otti puukottajan kiinni alle minuutin kuluttua viimeisest\u00e4 iskusta. Lukijan kuva<\/p>\n<p class=\"paragraph\">Poliisin k\u00e4sityksen mukaan uhrit olivat valikoituneet sattumalta eik\u00e4 mies tarkoituksella k\u00e4ynyt juuri naisten kimppuun.<\/p>\n<p class=\"paragraph\">Syyte laittomasta uhkauksesta liittyy tapahtumiin ennen hy\u00f6kk\u00e4yst\u00e4. Sen asianomistaja ei ole yksik\u00e4\u00e4n puukotuksen uhreista.<\/p>\n<p class=\"paragraph\">Syytt\u00e4j\u00e4 on vaatinut, ett\u00e4 miehen mielentila tutkitaan. Pirkanmaan k\u00e4r\u00e4j\u00e4oikeus ottaa vaatimukseen kantaa oikeudenk\u00e4ynnin p\u00e4\u00e4tteeksi.<\/p>\n<p>Mies vangittiin Pirkanmaan k\u00e4r\u00e4j\u00e4oikeuden p\u00e4\u00e4t\u00f6ksell\u00e4 7. hein\u00e4kuuta. Miia Sir\u00e9n<\/p>\n","protected":false},"excerpt":{"rendered":"Iltalehti seuraa Ratinan joukkopuukotuksen oikeudenk\u00e4ynti\u00e4 hetki hetkelt\u00e4. Mies peitteli kasvojaan lehdell\u00e4 vangitsemisistunnon alussa hein\u00e4kuussa. Miia Sir\u00e9n Ratinan joukkopuukotuksen&hellip;\n","protected":false},"author":2,"featured_media":102108,"comment_status":"","ping_status":"","sticky":false,"template":"","format":"standard","meta":{"footnotes":""},"categories":[12],"tags":[35,22,23,26,27,33,31,30,17,55,53,24,25,28,29,15,18,21,52,38,32,19,20,16,37],"class_list":{"0":"post-102107","1":"post","2":"type-post","3":"status-publish","4":"format-standard","5":"has-post-thumbnail","7":"category-suomi","8":"tag-24h","9":"tag-breaking-news","10":"tag-breakingnews","11":"tag-featured-news","12":"tag-featurednews","13":"tag-fi","14":"tag-finland","15":"tag-finnish","16":"tag-headlines","17":"tag-lainvalvonta","18":"tag-laki-oikeus-ja-rikos","19":"tag-latest-news","20":"tag-latestnews","21":"tag-main-news","22":"tag-mainnews","23":"tag-news","24":"tag-otsikot","25":"tag-paauutiset","26":"tag-poliisi","27":"tag-rikos","28":"tag-suomi","29":"tag-top-stories","30":"tag-topstories","31":"tag-uutiset","32":"tag-vakivaltarikokset"},"share_on_mastodon":{"url":"https:\/\/pubeurope.com\/@fi\/115625936222640696","error":""},"_links":{"self":[{"href":"https:\/\/www.europesays.com\/fi\/wp-json\/wp\/v2\/posts\/102107","targetHints":{"allow":["GET"]}}],"collection":[{"href":"https:\/\/www.europesays.com\/fi\/wp-json\/wp\/v2\/posts"}],"about":[{"href":"https:\/\/www.europesays.com\/fi\/wp-json\/wp\/v2\/types\/post"}],"author":[{"embeddable":true,"href":"https:\/\/www.europesays.com\/fi\/wp-json\/wp\/v2\/users\/2"}],"replies":[{"embeddable":true,"href":"https:\/\/www.europesays.com\/fi\/wp-json\/wp\/v2\/comments?post=102107"}],"version-history":[{"count":0,"href":"https:\/\/www.europesays.com\/fi\/wp-json\/wp\/v2\/posts\/102107\/revisions"}],"wp:featuredmedia":[{"embeddable":true,"href":"https:\/\/www.europesays.com\/fi\/wp-json\/wp\/v2\/media\/102108"}],"wp:attachment":[{"href":"https:\/\/www.europesays.com\/fi\/wp-json\/wp\/v2\/media?parent=102107"}],"wp:term":[{"taxonomy":"category","embeddable":true,"href":"https:\/\/www.europesays.com\/fi\/wp-json\/wp\/v2\/categories?post=102107"},{"taxonomy":"post_tag","embeddable":true,"href":"https:\/\/www.europesays.com\/fi\/wp-json\/wp\/v2\/tags?post=102107"}],"curies":[{"name":"wp","href":"https:\/\/api.w.org\/{rel}","templated":true}]}}