{"id":102113,"date":"2025-11-28T06:54:08","date_gmt":"2025-11-28T06:54:08","guid":{"rendered":"https:\/\/www.europesays.com\/fi\/102113\/"},"modified":"2025-11-28T06:54:08","modified_gmt":"2025-11-28T06:54:08","slug":"mtv-katsomo-nayttaa-kalle-rovanperan-super-formula-kilpailut-japanissa","status":"publish","type":"post","link":"https:\/\/www.europesays.com\/fi\/102113\/","title":{"rendered":"MTV Katsomo n\u00e4ytt\u00e4\u00e4 Kalle Rovanper\u00e4n Super Formula -kilpailut Japanissa"},"content":{"rendered":"<p><strong class=\"typography-bold\">MTV on hankkinut Japanin Super Formula -sarjan esitysoikeudet kaudelle 2026. \u00a0Japanin kovatasoisessa formulasarjassa ajaa ensi kaudella suomalainen supert\u00e4hti Kalle Rovanper\u00e4.<\/strong><\/p>\n<p>Kaksinkertainen rallin maailmanmestari <strong class=\"typography-bold\">Kalle Rovanper\u00e4 <\/strong>siirtyy Japanin Super Formula -sarjan pariin. Kaudella 2026 Rovanper\u00e4 ajaa t\u00e4yden kauden maailman toiseksi nopeimmassa formulasarjassa, jossa on totuttu n\u00e4kem\u00e4\u00e4n vuosittain ulkomaalaisia kuljettajia. Pitk\u00e4ik\u00e4inen Super Formula -sarja on vuosien varrella ollut my\u00f6s ponnahduslautana useille F1-kuljettajille. Kaikki kauden 2026 osakilpailut esitet\u00e4\u00e4n Suomessa yksinoikeudella MTV Katsomossa.<\/p>\n<p>\u2013 Kalle jatkaa MTV:ll\u00e4! Upeita uutisia moottoriurheilufaneillemme, joille voimme tarjota jatkossakin Kallen otteita, nyt Super Formula -sarjan parissa. Samalla on hienoa tutustuttaa suomalaiset uuteen huipputasoiseen ja mielenkiintoiseen formulasarjaan, iloitsee MTV:n urheiluoikeuksista vastaava <strong class=\"typography-bold\">Jukka Raatikainen<\/strong>.<\/p>\n<p>Super Formulan kausi 2026 kattaa kaksitoista kisaa seitsem\u00e4n\u00e4 viikonloppuna ja kest\u00e4\u00e4 huhtikuun alusta marraskuun lopulle. MTV Katsomossa n\u00e4hd\u00e4\u00e4n suorina l\u00e4hetyksin\u00e4\u00a0 sek\u00e4 aika-ajot ett\u00e4 kilpailut. Kilpailut selostetaan suomeksi, aika-ajot joko suomeksi tai englanniksi selostettuna.<\/p>\n<p>MTV:n moottoriurheilukattaukseen kuuluvat my\u00f6s ensi kaudella rallin MM- ja EM-sarjat sek\u00e4 motocrossin MM-sarja. Lis\u00e4ksi MTV:n monipuoliseen urheiluvuoteen 2026 sis\u00e4ltyv\u00e4t muun muassa Liiga ja Mestis, jalkapallon Mestarien liiga, La Liga, ATP-tennis ja Timanttiliiga. Suomen joukkueen ottelut j\u00e4\u00e4kiekon MM-kisoissa huipentavat kev\u00e4\u00e4n, ja heti per\u00e4\u00e4n seurataan jalkapallon MM-turnausta, jonka otteluista MTV esitt\u00e4\u00e4 puolet.<\/p>\n<p>Super Formula -sarjan kalenteri 2026:<\/p>\n<p>3\u20135.4. Motegi<br \/>24\u201326.4. Autopolis<\/p>\n","protected":false},"excerpt":{"rendered":"MTV on hankkinut Japanin Super Formula -sarjan esitysoikeudet kaudelle 2026. \u00a0Japanin kovatasoisessa formulasarjassa ajaa ensi kaudella suomalainen supert\u00e4hti&hellip;\n","protected":false},"author":2,"featured_media":102114,"comment_status":"","ping_status":"","sticky":false,"template":"","format":"standard","meta":{"footnotes":""},"categories":[158],"tags":[33,31,30,159,32,160],"class_list":{"0":"post-102113","1":"post","2":"type-post","3":"status-publish","4":"format-standard","5":"has-post-thumbnail","7":"category-urheilu","8":"tag-fi","9":"tag-finland","10":"tag-finnish","11":"tag-sports","12":"tag-suomi","13":"tag-urheilu"},"share_on_mastodon":{"url":"https:\/\/pubeurope.com\/@fi\/115626014460180698","error":""},"_links":{"self":[{"href":"https:\/\/www.europesays.com\/fi\/wp-json\/wp\/v2\/posts\/102113","targetHints":{"allow":["GET"]}}],"collection":[{"href":"https:\/\/www.europesays.com\/fi\/wp-json\/wp\/v2\/posts"}],"about":[{"href":"https:\/\/www.europesays.com\/fi\/wp-json\/wp\/v2\/types\/post"}],"author":[{"embeddable":true,"href":"https:\/\/www.europesays.com\/fi\/wp-json\/wp\/v2\/users\/2"}],"replies":[{"embeddable":true,"href":"https:\/\/www.europesays.com\/fi\/wp-json\/wp\/v2\/comments?post=102113"}],"version-history":[{"count":0,"href":"https:\/\/www.europesays.com\/fi\/wp-json\/wp\/v2\/posts\/102113\/revisions"}],"wp:featuredmedia":[{"embeddable":true,"href":"https:\/\/www.europesays.com\/fi\/wp-json\/wp\/v2\/media\/102114"}],"wp:attachment":[{"href":"https:\/\/www.europesays.com\/fi\/wp-json\/wp\/v2\/media?parent=102113"}],"wp:term":[{"taxonomy":"category","embeddable":true,"href":"https:\/\/www.europesays.com\/fi\/wp-json\/wp\/v2\/categories?post=102113"},{"taxonomy":"post_tag","embeddable":true,"href":"https:\/\/www.europesays.com\/fi\/wp-json\/wp\/v2\/tags?post=102113"}],"curies":[{"name":"wp","href":"https:\/\/api.w.org\/{rel}","templated":true}]}}