{"id":102119,"date":"2025-11-28T06:59:10","date_gmt":"2025-11-28T06:59:10","guid":{"rendered":"https:\/\/www.europesays.com\/fi\/102119\/"},"modified":"2025-11-28T06:59:10","modified_gmt":"2025-11-28T06:59:10","slug":"merkit-venajan-talouden-alamaesta-voimistuvat-ero-kremlin-kertomaan-tarinaan-kasvaa-nyt-jyrkasti-ulkomaat","status":"publish","type":"post","link":"https:\/\/www.europesays.com\/fi\/102119\/","title":{"rendered":"Merkit Ven\u00e4j\u00e4n talouden alam\u00e4est\u00e4 voimistuvat \u2013 ero Kremlin kertomaan tarinaan kasvaa nyt jyrk\u00e4sti | Ulkomaat"},"content":{"rendered":"<p>Juttu tiivistettyn\u00e4<\/p>\n<ul class=\"aw-1jjocuh iJTSwP yle__article__list yle__article__list--ul\">\n<li class=\"aw-1j7gwms gNYKfi\">Ven\u00e4j\u00e4n sotatalous aiheuttaa vakavia ongelmia, kuten kiihtyv\u00e4\u00e4 inflaatiota ja pulaa ty\u00f6ntekij\u00f6ist\u00e4.<\/li>\n<li class=\"aw-1j7gwms gNYKfi\">Professori Kari Liuhdon mukaan tuleva veronkorotus ja valtionyhti\u00f6iden vaikeudet ovat merkkej\u00e4 talouden alam\u00e4est\u00e4.<\/li>\n<li class=\"aw-1j7gwms gNYKfi\">Sodan ja v\u00e4est\u00f6n ik\u00e4\u00e4ntymisen pahentama ty\u00f6voimapula jarruttaa taloutta. Paluu voimakkaaseen kasvuun on ep\u00e4todenn\u00e4k\u00f6ist\u00e4, arvioi tutkija Alexander Kolyandr.<\/li>\n<\/ul>\n<p class=\"aw-1gybjub aw-1p7kakr kEtdKx cEmitX yle__article__paragraph\">T\u00e4m\u00e4 on teko\u00e4lyn avulla tuotettu, toimittajan tarkistama tiivistelm\u00e4.<\/p>\n<p class=\"aw-1gybjub aw-1p7kakr kEtdKx cEmitX yle__article__paragraph\"><strong class=\"aw-ak79eh KyCXm yle__article__strong\">MOSKOVA<\/strong> T\u00e4ydell\u00e4 teholla k\u00e4yv\u00e4t asetehtaat kilpailevat ty\u00f6ntekij\u00f6ist\u00e4 kaivosten ja maatilojen kanssa.<\/p>\n<p class=\"aw-1gybjub aw-1p7kakr kEtdKx cEmitX yle__article__paragraph\">Gazprom kertoo laajentaneensa maakaasuverkostojaan jo 180\u00a0000 kilometrin mittaisiksi, mutta huoltoasemilla on v\u00e4lill\u00e4 pulaa polttoaineesta.<\/p>\n<p class=\"aw-1gybjub aw-1p7kakr kEtdKx cEmitX yle__article__paragraph\">Kauppojen kassoilla asiakkaat taivastelevat, ett\u00e4 elintarvikkeet ovat taas kallistuneet eilisest\u00e4.<\/p>\n<p class=\"aw-1gybjub aw-1p7kakr kEtdKx cEmitX yle__article__paragraph\">T\u00e4llaista on el\u00e4m\u00e4 Ven\u00e4j\u00e4n sotataloudessa.<\/p>\n<p class=\"aw-1gybjub aw-1p7kakr kEtdKx cEmitX yle__article__paragraph\">Ven\u00e4j\u00e4n johto antaa ymm\u00e4rt\u00e4\u00e4, ett\u00e4 vakavampia ongelmia ei ole. Presidentti <strong class=\"aw-ak79eh KyCXm yle__article__strong\">Vladimir Putinin<\/strong> ja h\u00e4nen l\u00e4hipiirins\u00e4 mielest\u00e4 maan talous on osoittanut kest\u00e4vyytens\u00e4 vajaan nelj\u00e4n vuoden aikana. Se kest\u00e4\u00e4 sodan rasitukset jatkossakin.<\/p>\n<p class=\"aw-1gybjub aw-1p7kakr kEtdKx cEmitX yle__article__paragraph\">Putin nimitti toukokuussa 2024 puolustusministeriksi <strong class=\"aw-ak79eh KyCXm yle__article__strong\">Andrei Belousovin<\/strong>, joka on koulutukseltaan taloustieteilij\u00e4. Belousovin ajattelun taustalla on se, ett\u00e4 j\u00e4ttim\u00e4iset sijoitukset puolustusteollisuuteen paitsi pit\u00e4v\u00e4t yll\u00e4 talouskasvua, my\u00f6s synnytt\u00e4v\u00e4t maan kaipaamia teknologisia innovaatioita.<\/p>\n<p><img decoding=\"async\" alt=\"Dolce&amp;Gabbanan liike moskovalaisessa ostoskeskuksessa.\" src=\"https:\/\/www.europesays.com\/fi\/wp-content\/uploads\/2025\/11\/39-1560640692840c81e0ce.jpeg\" loading=\"lazy\" class=\"aw-1l9m598 hKVVvP\"\/><\/p>\n<p>Avaa kuvien katselu<\/p>\n<p>Dolce &amp; Gabbanan liike Moskovassa helmikuussa 2025. Moni ulkomaisista muotimerkeist\u00e4 on poistunut Ven\u00e4j\u00e4lt\u00e4.  Kuva: Sefa Karacan \/ AOP<\/p>\n<p class=\"aw-1gybjub aw-1p7kakr kEtdKx cEmitX yle__article__paragraph\">Vastakkaisia n\u00e4kemyksi\u00e4 esitet\u00e4\u00e4n kuitenkin koko ajan enemm\u00e4n.<\/p>\n<p class=\"aw-1gybjub aw-1p7kakr kEtdKx cEmitX yle__article__paragraph\"><strong class=\"aw-ak79eh KyCXm yle__article__strong\">\u2013<\/strong> L\u00e4nnen etumatka teknologisissa innovaatioissa on kasvanut. Koska teollisen tuotannon lis\u00e4ys on kohdistunut l\u00e4hinn\u00e4 valtion tukemaan aseteollisuuteen, palkat ovat nousseet, mutta kulutus ei ole. Se on vauhdittanut inflaatiota, Center for European Policy Analysis -ajatushautomon vanhempi tutkija <strong class=\"aw-ak79eh KyCXm yle__article__strong\">Alexander Kolyandr<\/strong> sanoo Ylelle.<\/p>\n<p class=\"aw-1gybjub aw-1p7kakr kEtdKx cEmitX yle__article__paragraph\">Kolyandr kuuluu riippumattomaan Ven\u00e4j\u00e4n politiikkaa ja taloutta seuraavaan kansainv\u00e4liseen Bell-ryhm\u00e4\u00e4n.<\/p>\n<p class=\"aw-1gybjub aw-1p7kakr kEtdKx cEmitX yle__article__paragraph\">Katso videolta, milt\u00e4 Ven\u00e4j\u00e4n aseteollisuuden uusin ylpeydenaihe, ydink\u00e4ytt\u00f6inen Poseidon-meridrooni n\u00e4ytt\u00e4\u00e4.<\/p>\n<p>Meridrooni Poseidon edustaa Ven\u00e4j\u00e4n merivoimien uusinta teknologiaa. Video: Denis Baranov \/ Yle, ReutersVeronkorotus merkki huolesta<\/p>\n<p class=\"aw-1gybjub aw-1p7kakr kEtdKx cEmitX yle__article__paragraph\">Ven\u00e4j\u00e4n hallitus puhuu talouden resilienssist\u00e4 eli siit\u00e4, ett\u00e4 se pystyy ottamaan vastaan iskuja ja toipumaan niist\u00e4. Talouden todellista tilaa on vaikea arvioida, koska julkisessa keskustelussa ei sora\u00e4\u00e4ni\u00e4 juurikaan kuulu.<\/p>\n<p class=\"aw-1gybjub aw-1p7kakr kEtdKx cEmitX yle__article__paragraph\">\u2013 Asioiden tilasta ei kerrotta v\u00e4ltt\u00e4m\u00e4tt\u00e4 my\u00f6sk\u00e4\u00e4n Putinille, Turun yliopiston ja Maanpuolustuskorkeakoulun professori, id\u00e4nkaupan asiantuntija <strong class=\"aw-ak79eh KyCXm yle__article__strong\">Kari Liuhto<\/strong> sanoo.<\/p>\n<p class=\"aw-1gybjub aw-1p7kakr kEtdKx cEmitX yle__article__paragraph\">Liuhto nostaa esiin silm\u00e4t avaavia merkkej\u00e4 Ven\u00e4j\u00e4n talouden alam\u00e4est\u00e4 viime ajoilta.<\/p>\n<p class=\"aw-1gybjub aw-1p7kakr kEtdKx cEmitX yle__article__paragraph\">Useiden suuryhti\u00f6iden talous- ja rahoitustilanne on heikentynyt. Ven\u00e4j\u00e4n hallitus kokoontui viime viikolla keskustelemaan 700\u00a0000 ihmist\u00e4 ty\u00f6llist\u00e4v\u00e4n <a class=\"aw-iao6s4 iHOxEa yle__article__link\" href=\"https:\/\/www.reuters.com\/sustainability\/boards-policy-regulation\/russia-weighs-how-prop-up-russian-railways-which-is-51-billion-debt-sources-2025-11-25\/\" role=\"link\" rel=\"nofollow noopener\" target=\"_blank\">valtion rautatieyhti\u00f6 RZD:n<\/a> tilasta. Yhti\u00f6ll\u00e4 on yli 40 miljardin euron velat.<\/p>\n<p class=\"aw-1gybjub aw-1p7kakr kEtdKx cEmitX yle__article__paragraph\">Kolme suurta liikepankkia pyysi viime kes\u00e4n\u00e4 valtiolta h\u00e4t\u00e4rahoitusta, mik\u00e4 on poikkeuksellista Ven\u00e4j\u00e4ll\u00e4.<\/p>\n<p class=\"aw-1gybjub aw-1p7kakr kEtdKx cEmitX yle__article__paragraph\">Duuma p\u00e4\u00e4tti viime viikolla korottaa arvonlis\u00e4veroa vuoden 2026 alusta alkaen 20:st\u00e4 22 prosenttiin.<\/p>\n<p class=\"aw-1gybjub aw-1p7kakr kEtdKx cEmitX yle__article__paragraph\">\u2013 Se on p\u00e4\u00e4t\u00f6s, jota Ven\u00e4j\u00e4n federaatio ei huvikseen tee, Liuhto t\u00e4sment\u00e4\u00e4.<\/p>\n<p class=\"aw-1gybjub aw-1p7kakr kEtdKx cEmitX yle__article__paragraph\">P\u00e4\u00e4t\u00f6s voi v\u00e4hent\u00e4\u00e4 kulutusta entisest\u00e4\u00e4n. Ven\u00e4j\u00e4 kuitenkin tarvitsee lis\u00e4\u00e4 verotuloja.<\/p>\n<p class=\"aw-1gybjub aw-1p7kakr kEtdKx cEmitX yle__article__paragraph\">Kaksi ven\u00e4l\u00e4ist\u00e4 tutkimuslaitosta arvioi syyskuussa, ett\u00e4 \u00f6ljytuloista koostuva<a class=\"aw-iao6s4 iHOxEa yle__article__link\" href=\"https:\/\/www.themoscowtimes.com\/2025\/06\/09\/russias-national-welfare-fund-at-risk-of-depletion-by-2026-economists-warn-a89395\" role=\"link\" rel=\"nofollow noopener\" target=\"_blank\"> hyvinvointirahasto<\/a> ehtyy vuoden 2026 aikana, mik\u00e4li talouskehitys jatkuu nykyisenlaisena. Hy\u00f6kk\u00e4yssodan alkaessa talvella 2022 rahastossa oli noin sata miljardia euroa.<\/p>\n<p>Roimaan kasvuun ei ole paluuta<\/p>\n<p class=\"aw-1gybjub aw-1p7kakr kEtdKx cEmitX yle__article__paragraph\">Kolyandr nostaa esiin ongelmat ty\u00f6markkinoilla. Vuoden 2024 lopussa Ven\u00e4j\u00e4ll\u00e4 oli 2,2 miljoonan ty\u00f6ntekij\u00e4n vaje. <a class=\"aw-iao6s4 iHOxEa yle__article__link\" href=\"https:\/\/www.foreignaffairs.com\/russia\/cracks-russias-war-economy\" role=\"link\" rel=\"nofollow noopener\" target=\"_blank\">70 prosenttia yrityksist\u00e4<\/a> valitti, etteiv\u00e4t ne l\u00f6yt\u00e4neet riitt\u00e4v\u00e4sti ty\u00f6ntekij\u00f6it\u00e4.<\/p>\n<p class=\"aw-1gybjub aw-1p7kakr kEtdKx cEmitX yle__article__paragraph\">Aseteollisuus kilpailee osaavista ty\u00f6ntekij\u00f6ist\u00e4 muun muassa rakennusteollisuuden, liikenteen ja maatalouden kanssa. Ulkomaisen ty\u00f6voiman palkkaamista vaikeuttavat l\u00e4nsimaiden pakotteet ja Ven\u00e4j\u00e4n j\u00e4ykk\u00e4 lains\u00e4\u00e4d\u00e4nt\u00f6.<\/p>\n<p><img decoding=\"async\" alt=\"Kasvokuva Aleksander Kolyandrista.\" src=\"https:\/\/www.europesays.com\/fi\/wp-content\/uploads\/2025\/11\/39-156051769282d9756c8d.jpeg\" loading=\"lazy\" class=\"aw-1l9m598 hKVVvP\"\/><\/p>\n<p>Avaa kuvien katselu<\/p>\n<p>Tutkija Alexander Kolyandr n\u00e4kee Ven\u00e4j\u00e4n taloudessa useita rakenteellisia ongelmia.  Kuva: CEPA<\/p>\n<p class=\"aw-1gybjub aw-1p7kakr kEtdKx cEmitX yle__article__paragraph\">Ty\u00f6voimapula tuskin helpottaa, vaan p\u00e4invastoin k\u00e4rjistyy. L\u00e4hes joka viides ven\u00e4l\u00e4inen on t\u00e4ytt\u00e4nyt 65 vuotta. Ennusteiden mukaan ik\u00e4ihmisten m\u00e4\u00e4r\u00e4 Ven\u00e4j\u00e4ll\u00e4 nousee 24 prosenttiin vuoteen 2050 menness\u00e4.<\/p>\n<p class=\"aw-1gybjub aw-1p7kakr kEtdKx cEmitX yle__article__paragraph\">Sota on pahentanut tilannetta. BBC:n ja <a class=\"aw-iao6s4 iHOxEa yle__article__link\" href=\"https:\/\/zona.media\/casualties\" role=\"link\" rel=\"nofollow noopener\" target=\"_blank\">Mediazonan<\/a> arvioiden mukaan Ukrainan rintamilla oli kuollut t\u00e4m\u00e4n vuoden elokuuhun menness\u00e4 219 000 ty\u00f6ik\u00e4ist\u00e4 ven\u00e4l\u00e4ismiest\u00e4. Moni my\u00f6s palaa sodasta invalideina.<\/p>\n<p class=\"aw-1gybjub aw-1p7kakr kEtdKx cEmitX yle__article__paragraph\">\u2013 Ven\u00e4j\u00e4n n\u00e4kym\u00e4t eiv\u00e4t ole valoisat. Vaikea n\u00e4hd\u00e4, ett\u00e4 Ven\u00e4j\u00e4 palaisi l\u00e4hivuosina voimakkaan kasvun aikaan, joka vallitsi 2000-luvun alussa ja vuosien 2011\u20132015 aikana, Kolyandr sanoo.<\/p>\n<p class=\"aw-1gybjub aw-1p7kakr kEtdKx cEmitX yle__article__paragraph\">Talouden nousun l\u00e4ht\u00f6kohtana olisi hy\u00f6kk\u00e4yssodan loppuminen ja Ven\u00e4j\u00e4n vastaisten pakotteiden purkaminen. Pakotteet ovat paitsi erist\u00e4neet Ven\u00e4j\u00e4n kansainv\u00e4lisest\u00e4 kaupasta, my\u00f6s vaikeuttaneet vaikkapa puolijohteiden ja erikoisty\u00f6kalujen hankkimista.<\/p>\n<p class=\"aw-1gybjub aw-1p7kakr kEtdKx cEmitX yle__article__paragraph\">Taloudessa on lis\u00e4ksi paljon rakenteellisia ongelmia, joihin ei ole miss\u00e4\u00e4n vaiheessa puututtu, koska Ven\u00e4j\u00e4 on leimallisesti raaka-aineiden ja aseiden tuottaja.<\/p>\n<p class=\"aw-1gybjub aw-1p7kakr kEtdKx cEmitX yle__article__paragraph\">\u2013 Ven\u00e4j\u00e4 osaa koota aseita, mutta sill\u00e4 ei ole kyky\u00e4 rakentaa monimutkaisia teollisia rakenteita, joita kilpailukyky pitk\u00e4ll\u00e4 t\u00e4ht\u00e4imell\u00e4 edellytt\u00e4isi, Carnegien Ven\u00e4j\u00e4n ja Euraasian keskuksen tutkija <strong class=\"aw-ak79eh KyCXm yle__article__strong\">Aleksandra Prokopenko<\/strong> arvioi <a class=\"aw-iao6s4 iHOxEa yle__article__link\" href=\"https:\/\/www.foreignaffairs.com\/russia\/cracks-russias-war-economy\" role=\"link\" rel=\"nofollow noopener\" target=\"_blank\">Foreign Affairs<\/a> -lehdess\u00e4.<\/p>\n<p class=\"aw-1gybjub aw-1p7kakr kEtdKx cEmitX yle__article__paragraph\">Putinin ja Ven\u00e4j\u00e4n hallituksen n\u00e4kemys on toisenlainen. Heid\u00e4n mielest\u00e4\u00e4n Ven\u00e4j\u00e4 pystyy korvaamaan menett\u00e4mi\u00e4\u00e4n markkinoita etenkin Aasiassa.<\/p>\n<p class=\"aw-1gybjub aw-1p7kakr kEtdKx cEmitX yle__article__paragraph\">Kiinan osuus Ven\u00e4j\u00e4n ulkomaankaupasta on noussut sodan aikana noin nelj\u00e4sosasta puoleen.<\/p>\n","protected":false},"excerpt":{"rendered":"Juttu tiivistettyn\u00e4 Ven\u00e4j\u00e4n sotatalous aiheuttaa vakavia ongelmia, kuten kiihtyv\u00e4\u00e4 inflaatiota ja pulaa ty\u00f6ntekij\u00f6ist\u00e4. Professori Kari Liuhdon mukaan tuleva&hellip;\n","protected":false},"author":2,"featured_media":102120,"comment_status":"","ping_status":"","sticky":false,"template":"","format":"standard","meta":{"footnotes":""},"categories":[14],"tags":[22,23,26,27,33,31,30,17,24,25,28,29,15,18,21,32,19,20,56,16,547,19504,987,10849,1262,8502,59,60,61],"class_list":{"0":"post-102119","1":"post","2":"type-post","3":"status-publish","4":"format-standard","5":"has-post-thumbnail","7":"category-ulkomaat","8":"tag-breaking-news","9":"tag-breakingnews","10":"tag-featured-news","11":"tag-featurednews","12":"tag-fi","13":"tag-finland","14":"tag-finnish","15":"tag-headlines","16":"tag-latest-news","17":"tag-latestnews","18":"tag-main-news","19":"tag-mainnews","20":"tag-news","21":"tag-otsikot","22":"tag-paauutiset","23":"tag-suomi","24":"tag-top-stories","25":"tag-topstories","26":"tag-ulkomaat","27":"tag-uutiset","28":"tag-venaja","29":"tag-venajan-asevoimat","30":"tag-venajan-hyokkays","31":"tag-venajan-poliittiset-puolueet","32":"tag-venajan-politiikka","33":"tag-venajan-talous","34":"tag-world","35":"tag-world-news","36":"tag-worldnews"},"share_on_mastodon":{"url":"https:\/\/pubeurope.com\/@fi\/115626034296728167","error":""},"_links":{"self":[{"href":"https:\/\/www.europesays.com\/fi\/wp-json\/wp\/v2\/posts\/102119","targetHints":{"allow":["GET"]}}],"collection":[{"href":"https:\/\/www.europesays.com\/fi\/wp-json\/wp\/v2\/posts"}],"about":[{"href":"https:\/\/www.europesays.com\/fi\/wp-json\/wp\/v2\/types\/post"}],"author":[{"embeddable":true,"href":"https:\/\/www.europesays.com\/fi\/wp-json\/wp\/v2\/users\/2"}],"replies":[{"embeddable":true,"href":"https:\/\/www.europesays.com\/fi\/wp-json\/wp\/v2\/comments?post=102119"}],"version-history":[{"count":0,"href":"https:\/\/www.europesays.com\/fi\/wp-json\/wp\/v2\/posts\/102119\/revisions"}],"wp:featuredmedia":[{"embeddable":true,"href":"https:\/\/www.europesays.com\/fi\/wp-json\/wp\/v2\/media\/102120"}],"wp:attachment":[{"href":"https:\/\/www.europesays.com\/fi\/wp-json\/wp\/v2\/media?parent=102119"}],"wp:term":[{"taxonomy":"category","embeddable":true,"href":"https:\/\/www.europesays.com\/fi\/wp-json\/wp\/v2\/categories?post=102119"},{"taxonomy":"post_tag","embeddable":true,"href":"https:\/\/www.europesays.com\/fi\/wp-json\/wp\/v2\/tags?post=102119"}],"curies":[{"name":"wp","href":"https:\/\/api.w.org\/{rel}","templated":true}]}}