{"id":102125,"date":"2025-11-28T07:13:07","date_gmt":"2025-11-28T07:13:07","guid":{"rendered":"https:\/\/www.europesays.com\/fi\/102125\/"},"modified":"2025-11-28T07:13:07","modified_gmt":"2025-11-28T07:13:07","slug":"shawn-ja-tilda-huff-jattivat-avioerohakemuksen","status":"publish","type":"post","link":"https:\/\/www.europesays.com\/fi\/102125\/","title":{"rendered":"Shawn ja Tilda Huff j\u00e4ttiv\u00e4t avioerohakemuksen"},"content":{"rendered":"<p>Shawn ja Tilda Huff ilmoittivat erostaan yli kaksi kuukautta sitten.<\/p>\n<p class=\"article-body mb-nof-24 px-nof-16\">Ex-koripalloilija <a class=\"article-personlink\" href=\"https:\/\/www.is.fi\/haku\/?query=Shawn%20Huff\" rel=\"nofollow noopener\" target=\"_blank\">Shawn Huff<\/a> ja h\u00e4nen aviopuolisonsa<a class=\"article-personlink\" href=\"https:\/\/www.is.fi\/haku\/?query=%20Tilda%20Huff\" rel=\"nofollow noopener\" target=\"_blank\"> Tilda Huff<\/a> ovat j\u00e4tt\u00e4neet avioerohakemuksen Helsingin k\u00e4r\u00e4j\u00e4oikeuteen.<\/p>\n<p class=\"article-body mb-nof-24 px-nof-16\">K\u00e4r\u00e4j\u00e4oikeudesta vahvistetaan IS:lle, ett\u00e4 hakemus on j\u00e4tetty 4. marraskuuta. Avioerohakemus on tehty yhdess\u00e4.<\/p>\n<p class=\"article-body mb-nof-24 px-nof-16\">Asiasta uutisoi ensimm\u00e4isen\u00e4 <a class=\"article-genericlink\" href=\"https:\/\/www.iltalehti.fi\/viihdeuutiset\/a\/035b777c-70ae-4696-87a6-43550129981a\" rel=\"nofollow noopener\" target=\"_blank\">Iltalehti<\/a>.<\/p>\n<p class=\"article-body mb-nof-24 px-nof-16\">Huffit ilmoittivat erop\u00e4\u00e4t\u00f6ksest\u00e4\u00e4n jo elokuun alussa. Tuolloin he julkaisivat Instagramissa yhteisen p\u00e4ivityksen, jossa kertoivat asiasta.<\/p>\n<p class=\"article-body mb-nof-24 px-nof-16\">\u2013 Ollaan yhdess\u00e4 tultu p\u00e4\u00e4t\u00f6kseen, ett\u00e4 olemme antaneet kaiken toisillemme. Emme en\u00e4\u00e4 l\u00f6yt\u00e4neet tiet\u00e4, jota kulkea yhdess\u00e4. Tulemme j\u00e4tt\u00e4m\u00e4\u00e4n yhdess\u00e4 avioerohakemuksen. P\u00e4\u00e4t\u00f6s on raskas, mutta olemme tehneet sen yhdess\u00e4 pitk\u00e4n harkinnan j\u00e4lkeen, he kirjoittivat julkaisussa.<\/p>\n<p class=\"article-body mb-nof-24 px-nof-16\">Huffit koristavat p\u00e4ivityksess\u00e4, ett\u00e4 eroon ei liity dramatiikkaa, vaan he kokivat, ett\u00e4 on parempi jatkaa yst\u00e4vin\u00e4. Parilla on kaksi yhteist\u00e4 lasta.<\/p>\n<p class=\"article-body mb-nof-24 px-nof-16\">\u2013 Jatkamme yhdess\u00e4 tiiviill\u00e4 yhteispelill\u00e4 rakkaiden lastemme vanhempina. He tulevat olemaan prioriteetti nyt ja jatkossa, he kirjoittavat.<\/p>\n<p class=\"article-body mb-nof-24 px-nof-16\">Suhteestaan Huffit ovat n\u00e4ytt\u00e4neet julkisuuteen vain v\u00e4h\u00e4n. Kun Shawn kilpaili Tanssii t\u00e4htien kanssa-ohjelmassa syksyll\u00e4 2023, h\u00e4n kertoi <a class=\"article-genericlink\" href=\"https:\/\/vuosaarilehti.fi\/2023\/10\/02\/ttk-kisaaja-shawn-huffin-tarkein-tuki-on-vaimo\/\" rel=\"nofollow noopener\" target=\"_blank\">Vuosaari-<\/a> lehdelle vaimon olleen h\u00e4nelle t\u00e4rke\u00e4 tuki.<\/p>\n<p class=\"article-body mb-nof-24 px-nof-16\">\u2013 Olemme Tildan kanssa hyv\u00e4 tiimi. Arjen py\u00f6ritt\u00e4misest\u00e4 ei tulisi mit\u00e4\u00e4n ilman upeaa vaimoani, h\u00e4n kertoi lehdelle.<\/p>\n","protected":false},"excerpt":{"rendered":"Shawn ja Tilda Huff ilmoittivat erostaan yli kaksi kuukautta sitten. Ex-koripalloilija Shawn Huff ja h\u00e4nen aviopuolisonsa Tilda Huff&hellip;\n","protected":false},"author":2,"featured_media":102126,"comment_status":"","ping_status":"","sticky":false,"template":"","format":"standard","meta":{"footnotes":""},"categories":[136],"tags":[407,137,33,31,30,34,408,32,109],"class_list":{"0":"post-102125","1":"post","2":"type-post","3":"status-publish","4":"format-standard","5":"has-post-thumbnail","7":"category-julkkikset","8":"tag-celebrities","9":"tag-entertainment","10":"tag-fi","11":"tag-finland","12":"tag-finnish","13":"tag-ilta-sanomat","14":"tag-julkkikset","15":"tag-suomi","16":"tag-viihde"},"share_on_mastodon":{"url":"https:\/\/pubeurope.com\/@fi\/115626089058561746","error":""},"_links":{"self":[{"href":"https:\/\/www.europesays.com\/fi\/wp-json\/wp\/v2\/posts\/102125","targetHints":{"allow":["GET"]}}],"collection":[{"href":"https:\/\/www.europesays.com\/fi\/wp-json\/wp\/v2\/posts"}],"about":[{"href":"https:\/\/www.europesays.com\/fi\/wp-json\/wp\/v2\/types\/post"}],"author":[{"embeddable":true,"href":"https:\/\/www.europesays.com\/fi\/wp-json\/wp\/v2\/users\/2"}],"replies":[{"embeddable":true,"href":"https:\/\/www.europesays.com\/fi\/wp-json\/wp\/v2\/comments?post=102125"}],"version-history":[{"count":0,"href":"https:\/\/www.europesays.com\/fi\/wp-json\/wp\/v2\/posts\/102125\/revisions"}],"wp:featuredmedia":[{"embeddable":true,"href":"https:\/\/www.europesays.com\/fi\/wp-json\/wp\/v2\/media\/102126"}],"wp:attachment":[{"href":"https:\/\/www.europesays.com\/fi\/wp-json\/wp\/v2\/media?parent=102125"}],"wp:term":[{"taxonomy":"category","embeddable":true,"href":"https:\/\/www.europesays.com\/fi\/wp-json\/wp\/v2\/categories?post=102125"},{"taxonomy":"post_tag","embeddable":true,"href":"https:\/\/www.europesays.com\/fi\/wp-json\/wp\/v2\/tags?post=102125"}],"curies":[{"name":"wp","href":"https:\/\/api.w.org\/{rel}","templated":true}]}}