{"id":102139,"date":"2025-11-28T07:39:08","date_gmt":"2025-11-28T07:39:08","guid":{"rendered":"https:\/\/www.europesays.com\/fi\/102139\/"},"modified":"2025-11-28T07:39:08","modified_gmt":"2025-11-28T07:39:08","slug":"povipommin-asu-kuin-postimerkit-nicole-zavala-sai-jakamattoman-huomion-stara-fi","status":"publish","type":"post","link":"https:\/\/www.europesays.com\/fi\/102139\/","title":{"rendered":"Povipommin asu kuin postimerkit \u2013 Nicole Zavala sai jakamattoman huomion \u2013 Stara.fi"},"content":{"rendered":"<p>Maailmankuulu mallikaunotar Nicole Zavala on tehnyt eritt\u00e4in n\u00e4ytt\u00e4v\u00e4\u00e4 uraa varsinkin tavallista kurvikkaampien kaunotarten sarjassa, sill\u00e4 h\u00e4nen saamansa huomio j\u00e4tt\u00e4\u00e4 taakseen monet aidot huippumallit. Nykyisin Nicole on my\u00f6s televisiot\u00e4hti, sill\u00e4 h\u00e4n oli taannoin mukana realitysarjassa Cartel Crew.<\/p>\n<p>Nyt Nicole n\u00e4hd\u00e4\u00e4n jylhiss\u00e4 j\u00e4rvimaisemissa, jossa h\u00e4n istuskelee kalteri-ikkunan edess\u00e4 kuin postimerkit yll\u00e4\u00e4n. Asuvalinta on saanut positiivisen vastaanoton h\u00e4nen seuraajiensa keskuudessa, mik\u00e4 ei ole kuvan perusteella varsinainen yll\u00e4tys.<\/p>\n<p>Nainen itse kertoo l\u00f6yt\u00e4neens\u00e4 otoksen sattumalta puhelimensa kuva-albumista. Aika varmasti n\u00e4ytt\u00e4\u00e4 l\u00f6ytyik\u00f6 sielt\u00e4 muitakin vastaavia kuvia. Zavala ei kerro miss\u00e4 kuva on ikuistettu, mutta maisemien perusteella se voisi hyvinkin olla per\u00e4isin Euroopasta ja esimerkiksi Italian Gardalta ja Comolta.<\/p>\n<p>Menestyksek\u00e4s n\u00e4yttelij\u00e4ura ei viel\u00e4 ottanut tuulta alleen, mutta realitydebyytti on nyt kuitenkin tehty. Zavalan intressit viihteen alalla ovat kuitenkin hieman toisaalla kuin televisiossa, sill\u00e4 h\u00e4n on tehnyt aktiivisesti t\u00f6it\u00e4 somet\u00e4hteyden eteen ja se on my\u00f6s onnistunut kiitett\u00e4v\u00e4sti. Lis\u00e4ksi h\u00e4n lanseerasi taannoin oman vaatemerkin.<\/p>\n<p>Nicole Zavala on viime vuosina laajentanut uraansa mallinty\u00f6n ohella my\u00f6s yritt\u00e4jyyteen oman vaatemalliston kautta. H\u00e4nen aktiivisuutensa sosiaalisessa mediassa on tehnyt h\u00e4nest\u00e4 suositun my\u00f6s muotipiirien ulkopuolella. Zavala tunnetaan paitsi ep\u00e4luonnollisen kurvikkaasta vartalostaan my\u00f6s tyylitajustaan, joka on vet\u00e4nyt puoleensa suuren m\u00e4\u00e4r\u00e4n someseuraajia.<\/p>\n<blockquote class=\"instagram-media\" data-instgrm-captioned=\"\" data-instgrm-permalink=\"https:\/\/www.instagram.com\/p\/DRiM7d7kT1b\/?utm_source=ig_embed&amp;utm_campaign=loading\" data-instgrm-version=\"14\" style=\" background:#FFF; border:0; border-radius:3px; box-shadow:0 0 1px 0 rgba(0,0,0,0.5),0 1px 10px 0 rgba(0,0,0,0.15); margin: 1px; max-width:540px; min-width:326px; padding:0; width:99.375%; width:-webkit-calc(100% - 2px); width:calc(100% - 2px);\">\n<\/blockquote>\n<p>\n\t\t\t\tVoit lukea Starassa my\u00f6s lis\u00e4\u00e4 t\u00e4h\u00e4n kyseiseen artikkeliin liittyvist\u00e4 aiheista, kuten <a href=\"https:\/\/www.stara.fi\/asiasanat\/nicole-zavala\/\" rel=\"tag nofollow noopener\" target=\"_blank\">Nicole Zavala<\/a> tai laajemmin aihealueesta <a href=\"https:\/\/www.stara.fi\/category\/viihdeuutiset\/\" rel=\"category tag nofollow noopener\" target=\"_blank\">Viihdeuutiset<\/a>.\n\t\t\t<\/p>\n<p>\t\t\t\t\t<script async src=\"\/\/www.instagram.com\/embed.js\"><\/script><\/p>\n","protected":false},"excerpt":{"rendered":"Maailmankuulu mallikaunotar Nicole Zavala on tehnyt eritt\u00e4in n\u00e4ytt\u00e4v\u00e4\u00e4 uraa varsinkin tavallista kurvikkaampien kaunotarten sarjassa, sill\u00e4 h\u00e4nen saamansa huomio&hellip;\n","protected":false},"author":2,"featured_media":3995,"comment_status":"","ping_status":"","sticky":false,"template":"","format":"standard","meta":{"footnotes":""},"categories":[136],"tags":[407,137,33,31,30,408,32,109],"class_list":{"0":"post-102139","1":"post","2":"type-post","3":"status-publish","4":"format-standard","5":"has-post-thumbnail","7":"category-julkkikset","8":"tag-celebrities","9":"tag-entertainment","10":"tag-fi","11":"tag-finland","12":"tag-finnish","13":"tag-julkkikset","14":"tag-suomi","15":"tag-viihde"},"share_on_mastodon":{"url":"https:\/\/pubeurope.com\/@fi\/115626191297073618","error":""},"_links":{"self":[{"href":"https:\/\/www.europesays.com\/fi\/wp-json\/wp\/v2\/posts\/102139","targetHints":{"allow":["GET"]}}],"collection":[{"href":"https:\/\/www.europesays.com\/fi\/wp-json\/wp\/v2\/posts"}],"about":[{"href":"https:\/\/www.europesays.com\/fi\/wp-json\/wp\/v2\/types\/post"}],"author":[{"embeddable":true,"href":"https:\/\/www.europesays.com\/fi\/wp-json\/wp\/v2\/users\/2"}],"replies":[{"embeddable":true,"href":"https:\/\/www.europesays.com\/fi\/wp-json\/wp\/v2\/comments?post=102139"}],"version-history":[{"count":0,"href":"https:\/\/www.europesays.com\/fi\/wp-json\/wp\/v2\/posts\/102139\/revisions"}],"wp:featuredmedia":[{"embeddable":true,"href":"https:\/\/www.europesays.com\/fi\/wp-json\/wp\/v2\/media\/3995"}],"wp:attachment":[{"href":"https:\/\/www.europesays.com\/fi\/wp-json\/wp\/v2\/media?parent=102139"}],"wp:term":[{"taxonomy":"category","embeddable":true,"href":"https:\/\/www.europesays.com\/fi\/wp-json\/wp\/v2\/categories?post=102139"},{"taxonomy":"post_tag","embeddable":true,"href":"https:\/\/www.europesays.com\/fi\/wp-json\/wp\/v2\/tags?post=102139"}],"curies":[{"name":"wp","href":"https:\/\/api.w.org\/{rel}","templated":true}]}}