{"id":102146,"date":"2025-11-28T07:50:07","date_gmt":"2025-11-28T07:50:07","guid":{"rendered":"https:\/\/www.europesays.com\/fi\/102146\/"},"modified":"2025-11-28T07:50:07","modified_gmt":"2025-11-28T07:50:07","slug":"sijoittaja-2025-kokosi-kotimaisen-sijoittamisen-huippunimet-ja-ajankohtaiset-teemat-helsingin-messukeskukseen","status":"publish","type":"post","link":"https:\/\/www.europesays.com\/fi\/102146\/","title":{"rendered":"Sijoittaja 2025 kokosi kotimaisen sijoittamisen huippunimet ja ajankohtaiset teemat Helsingin Messukeskukseen"},"content":{"rendered":"<p>Yhden p\u00e4iv\u00e4n tiivis tapahtuma ker\u00e4si yhteen laajan joukon sijoittajia ja talouden asiantuntijoita. Ohjelmassa kuultiin nimekk\u00e4it\u00e4 puhujia, kuten\u00a0<strong>Charly Salonius-Pasternak<\/strong>, joka avasi miten ajankohtaiset aiheet kuten geopoliittiset j\u00e4nnitteet ja turvallisuuspolitiikan muutokset vaikuttavat markkinoihin.<\/p>\n<p>P\u00e4iv\u00e4n aikana kuultiin my\u00f6s puheenvuoro suuren suosion saavuttaneesta Mimmit sijoittaa -yhteis\u00f6st\u00e4, joka on tuonut kymmeni\u00e4 tuhansia uusia sijoittajia markkinaan, jossa yhteis\u00f6llisyys ja vaikuttajailmi\u00f6t ovat kasvava trendi.<\/p>\n<p>\u201dToimimme toimialalla, joka ei v\u00e4ltt\u00e4m\u00e4tt\u00e4 n\u00e4y kaikkien arjessa niin n\u00e4kyv\u00e4sti kuin moni muu yritys. T\u00e4m\u00e4 on loistava tilaisuus tavata nykyisi\u00e4 osakkeenomistajia ja uusia sijoittajia. On ollut ilo n\u00e4hd\u00e4 n\u00e4in paljon uutta ja laajempaa yleis\u00f6\u00e4 mukana sijoittamisen tapahtumassa. Kasvavalla kiinnostuksella on valtava kansantaloudellinen potentiaali, ja mit\u00e4 useampi saadaan innostumaan, niin sen parempi,\u201d sanoo Sitowisen Interim CFO\u00a0<strong>Kim Str\u00f6mberg<\/strong>\u201d.<\/p>\n<p>Osakev\u00e4litt\u00e4j\u00e4 Nordnetin kahdeksatta kertaa j\u00e4rjestetyn Vuoden Sijoittaja 2025 -kilpailun voitti\u00a0<strong>Merja M\u00e4hk\u00e4<\/strong>, joka on yksi Suomen tunnetuimmista talousvaikuttajista. Vuoden Sijoitusteko -voittaja oli t\u00e4n\u00e4 vuonna Marttojen talousneuvonta, joka yhdist\u00e4\u00e4 kest\u00e4v\u00e4t kulutusvalinnat ja k\u00e4yt\u00e4nn\u00f6n rahataidot saavutettavalla ja ymm\u00e4rrett\u00e4v\u00e4ll\u00e4 tavalla. Kilpailujen tavoitteena on tuoda esiin yksityissijoittajia ja toimijoita, jotka edist\u00e4v\u00e4t suomalaista sijoituskeskustelua, omistajuutta ja kansankapitalismia.<\/p>\n<p>Sijoittaja on monille p\u00f6rssiyrityksille t\u00e4rke\u00e4 tapahtuma sijoittajasuhteiden kannalta ja erinomainen tilaisuus tavata yksityissijoittajia.\u00a0<\/p>\n<p>\u201dMeid\u00e4n tapahtumakokemuksemme on ollut eritt\u00e4in positiivinen. Osastolla on k\u00e4yty vilkasta keskustelua innokkaan tunnelman saattelemana, nyt kun olemme mukana hetken tauon j\u00e4lkeen. On ollut hienoa tavata tapahtumassa pitk\u00e4aikaisia sijoittajia, mutta my\u00f6s uutta yleis\u00f6\u00e4, jossa viimeaikaiset uutisemme mm. presidentin kansainv\u00e4list\u00e4mispalkinnosta on her\u00e4tt\u00e4nyt positiivista kiinnostusta,\u201d sanoo Orion Pharman Communications&amp;Brand Manager\u00a0<strong>Verna Vuorinen<\/strong>.<\/p>\n<p>Sijoittaja-tapahtuma jatkaa perinnett\u00e4\u00e4n tarjota ajankohtaista tietoa ja verkostoitumismahdollisuuksia kaikille sijoittamisesta kiinnostuneille.<\/p>\n<p>Sijoittaja 2026 -tapahtuma j\u00e4rjestet\u00e4\u00e4n seuraavan kerran 23.11.2026 Helsingin Messukeskuksessa. Helsingin Messukeskus j\u00e4rjest\u00e4\u00e4 Sijoittaja -tapahtuman yhdess\u00e4 Arvopaperin ja Kauppalehden kanssa.<\/p>\n<p><a href=\"https:\/\/sijoittaja.messukeskus.com\/\" rel=\"nofollow noopener\" target=\"_blank\">Sijoittajamessut.fi<\/a>\u00a0|\u00a0<a href=\"https:\/\/www.linkedin.com\/company\/sijoittaja-investor-event-helsinki\/\" rel=\"nofollow noopener\" target=\"_blank\">Linkedin<\/a><\/p>\n<p>Lis\u00e4tietoja: \u00a0<\/p>\n<p>Tihana Biga-Laatikainen, projektip\u00e4\u00e4llikk\u00f6, viestint\u00e4, Alma Media, puh. + 358 40 960 22796<br \/>Satu Papadopoulos, liiketoimintap\u00e4\u00e4llikk\u00f6, Suomen Messut Oyj, puh. +358 50 540 3670<\/p>\n<p>Jaa:Jaa sosiaalisessa mediassa<\/p>\n","protected":false},"excerpt":{"rendered":"Yhden p\u00e4iv\u00e4n tiivis tapahtuma ker\u00e4si yhteen laajan joukon sijoittajia ja talouden asiantuntijoita. Ohjelmassa kuultiin nimekk\u00e4it\u00e4 puhujia, kuten\u00a0Charly Salonius-Pasternak,&hellip;\n","protected":false},"author":2,"featured_media":102147,"comment_status":"","ping_status":"","sticky":false,"template":"","format":"standard","meta":{"footnotes":""},"categories":[76],"tags":[79,77,33,31,30,32,78],"class_list":{"0":"post-102146","1":"post","2":"type-post","3":"status-publish","4":"format-standard","5":"has-post-thumbnail","7":"category-talous","8":"tag-business","9":"tag-economy","10":"tag-fi","11":"tag-finland","12":"tag-finnish","13":"tag-suomi","14":"tag-talous"},"share_on_mastodon":{"url":"https:\/\/pubeurope.com\/@fi\/115626234563447874","error":""},"_links":{"self":[{"href":"https:\/\/www.europesays.com\/fi\/wp-json\/wp\/v2\/posts\/102146","targetHints":{"allow":["GET"]}}],"collection":[{"href":"https:\/\/www.europesays.com\/fi\/wp-json\/wp\/v2\/posts"}],"about":[{"href":"https:\/\/www.europesays.com\/fi\/wp-json\/wp\/v2\/types\/post"}],"author":[{"embeddable":true,"href":"https:\/\/www.europesays.com\/fi\/wp-json\/wp\/v2\/users\/2"}],"replies":[{"embeddable":true,"href":"https:\/\/www.europesays.com\/fi\/wp-json\/wp\/v2\/comments?post=102146"}],"version-history":[{"count":0,"href":"https:\/\/www.europesays.com\/fi\/wp-json\/wp\/v2\/posts\/102146\/revisions"}],"wp:featuredmedia":[{"embeddable":true,"href":"https:\/\/www.europesays.com\/fi\/wp-json\/wp\/v2\/media\/102147"}],"wp:attachment":[{"href":"https:\/\/www.europesays.com\/fi\/wp-json\/wp\/v2\/media?parent=102146"}],"wp:term":[{"taxonomy":"category","embeddable":true,"href":"https:\/\/www.europesays.com\/fi\/wp-json\/wp\/v2\/categories?post=102146"},{"taxonomy":"post_tag","embeddable":true,"href":"https:\/\/www.europesays.com\/fi\/wp-json\/wp\/v2\/tags?post=102146"}],"curies":[{"name":"wp","href":"https:\/\/api.w.org\/{rel}","templated":true}]}}