{"id":102148,"date":"2025-11-28T07:51:07","date_gmt":"2025-11-28T07:51:07","guid":{"rendered":"https:\/\/www.europesays.com\/fi\/102148\/"},"modified":"2025-11-28T07:51:07","modified_gmt":"2025-11-28T07:51:07","slug":"hongkongin-tornitalojen-tulipalossa-kuolleita-jo-lahes-130-uutissuomalainen","status":"publish","type":"post","link":"https:\/\/www.europesays.com\/fi\/102148\/","title":{"rendered":"Hongkongin tornitalojen tulipalossa kuolleita jo l\u00e4hes 130 | Uutissuomalainen"},"content":{"rendered":"<p>Hongkongin tornitalojen tulipalon uhriluku on noussut ainakin 128 kuolleeseen, kertovat paikallisviranomaiset. Palo syttyi keskiviikkona kahdeksan kerrostalon kokonaisuudessa, jossa on noin kaksituhatta asuntoa.<\/p>\n<p>Pelastusty\u00f6ntekij\u00e4t ovat jatkaneet kadonneiden etsint\u00f6j\u00e4 tornitaloista. Kadonneiden tarkka m\u00e4\u00e4r\u00e4 ei ole tiedossa.<\/p>\n<p>Kuolleiden lis\u00e4ksi tulipalossa on loukkaantunut kymmeni\u00e4 ihmisi\u00e4. Heid\u00e4n joukossaan on runsaasti pelastusty\u00f6ntekij\u00f6it\u00e4.<\/p>\n<p>Tulipalo syttyi keskiviikkona Tai Pon kaupunginosassa Hongkongin pohjoisosassa. Sammutusty\u00f6t p\u00e4\u00e4ttyiv\u00e4t varhain perjantaina Suomen aikaa.<\/p>\n<p>Tornitalojen asukkaat ovat kertoneet, etteiv\u00e4t he kuulleet palovaroittimien h\u00e4lytyst\u00e4. Asukkaat joutuivat varoittamaan toisiaan tulipalosta kulkemalla ovelta ovelle.<\/p>\n<p>\t\t\t\tViranomaiset tutkivat paloa<\/p>\n<p>Viranomaiset ovat k\u00e4ynnist\u00e4neet tulipalosta rikostutkinnan. Poliisi kertoi aiemmin ottaneensa kiinni kolme miest\u00e4, joiden se ep\u00e4ilee toimineen t\u00f6rke\u00e4n piittaamattomasti. Miesten ep\u00e4ill\u00e4\u00e4n syyllistyneen tekoihin, jotka vastaavat suomalaisessa oikeusj\u00e4rjestelm\u00e4ss\u00e4 kutakuinkin tappoa tai kuolemantuottamusta.<\/p>\n<p>Poliisi kertoi, ett\u00e4 kiinni otetuista miehist\u00e4 kaksi on johtajia ja yksi konsulttina rakennusyhti\u00f6ss\u00e4, joka on vastannut tornitalojen remontoinnista.<\/p>\n<p>My\u00f6s Hongkongin korruption vastainen toimielin kertoi torstaina asettaneensa ty\u00f6ryhm\u00e4n tutkimaan, onko tornitalojen remontointihankkeeseen liittynyt korruptiota.<\/p>\n<p>Tulipalo on Hongkongin tuhoisin sitten vuoden 1948, jolloin r\u00e4j\u00e4hdyksen aiheuttamassa tulipalossa kuoli 135 ihmist\u00e4.<\/p>\n","protected":false},"excerpt":{"rendered":"Hongkongin tornitalojen tulipalon uhriluku on noussut ainakin 128 kuolleeseen, kertovat paikallisviranomaiset. Palo syttyi keskiviikkona kahdeksan kerrostalon kokonaisuudessa, jossa&hellip;\n","protected":false},"author":2,"featured_media":102149,"comment_status":"","ping_status":"","sticky":false,"template":"","format":"standard","meta":{"footnotes":""},"categories":[14],"tags":[36,542,22,23,26,27,33,31,30,17,24,25,720,28,29,15,18,21,122,544,32,78,822,19,20,546,56,16,59,60,61],"class_list":{"0":"post-102148","1":"post","2":"type-post","3":"status-publish","4":"format-standard","5":"has-post-thumbnail","7":"category-ulkomaat","8":"tag-asuintalot-ja-asunnot","9":"tag-asuminen","10":"tag-breaking-news","11":"tag-breakingnews","12":"tag-featured-news","13":"tag-featurednews","14":"tag-fi","15":"tag-finland","16":"tag-finnish","17":"tag-headlines","18":"tag-latest-news","19":"tag-latestnews","20":"tag-liiketoiminta-ja-rahoitus","21":"tag-main-news","22":"tag-mainnews","23":"tag-news","24":"tag-otsikot","25":"tag-paauutiset","26":"tag-pelastaminen","27":"tag-rahoitus-ja-kiinteistoala-sektori","28":"tag-suomi","29":"tag-talous","30":"tag-teollisuustuotteet-ja-palvelut-sektori","31":"tag-top-stories","32":"tag-topstories","33":"tag-turvallisuus","34":"tag-ulkomaat","35":"tag-uutiset","36":"tag-world","37":"tag-world-news","38":"tag-worldnews"},"share_on_mastodon":{"url":"","error":"Validation failed: Text character limit of 500 exceeded"},"_links":{"self":[{"href":"https:\/\/www.europesays.com\/fi\/wp-json\/wp\/v2\/posts\/102148","targetHints":{"allow":["GET"]}}],"collection":[{"href":"https:\/\/www.europesays.com\/fi\/wp-json\/wp\/v2\/posts"}],"about":[{"href":"https:\/\/www.europesays.com\/fi\/wp-json\/wp\/v2\/types\/post"}],"author":[{"embeddable":true,"href":"https:\/\/www.europesays.com\/fi\/wp-json\/wp\/v2\/users\/2"}],"replies":[{"embeddable":true,"href":"https:\/\/www.europesays.com\/fi\/wp-json\/wp\/v2\/comments?post=102148"}],"version-history":[{"count":0,"href":"https:\/\/www.europesays.com\/fi\/wp-json\/wp\/v2\/posts\/102148\/revisions"}],"wp:featuredmedia":[{"embeddable":true,"href":"https:\/\/www.europesays.com\/fi\/wp-json\/wp\/v2\/media\/102149"}],"wp:attachment":[{"href":"https:\/\/www.europesays.com\/fi\/wp-json\/wp\/v2\/media?parent=102148"}],"wp:term":[{"taxonomy":"category","embeddable":true,"href":"https:\/\/www.europesays.com\/fi\/wp-json\/wp\/v2\/categories?post=102148"},{"taxonomy":"post_tag","embeddable":true,"href":"https:\/\/www.europesays.com\/fi\/wp-json\/wp\/v2\/tags?post=102148"}],"curies":[{"name":"wp","href":"https:\/\/api.w.org\/{rel}","templated":true}]}}