{"id":102150,"date":"2025-11-28T07:52:08","date_gmt":"2025-11-28T07:52:08","guid":{"rendered":"https:\/\/www.europesays.com\/fi\/102150\/"},"modified":"2025-11-28T07:52:08","modified_gmt":"2025-11-28T07:52:08","slug":"ratinan-puukottaja-lahetteli-huolestuttavia-viesteja-ja-hyokkasi-koska-halusi-uutisiin-miehella-erilainen-selitys","status":"publish","type":"post","link":"https:\/\/www.europesays.com\/fi\/102150\/","title":{"rendered":"Ratinan puukottaja l\u00e4hetteli huolestuttavia viestej\u00e4 ja hy\u00f6kk\u00e4si, koska halusi uutisiin \u2013 miehell\u00e4 erilainen selitys"},"content":{"rendered":"<p>Mies onnistui puukottamaan nelj\u00e4\u00e4 tuntematonta ihmist\u00e4 noin minuutin aikana Tampereen Ratinassa. Perjantaina h\u00e4nt\u00e4 vastaan luettiin syytteet v\u00e4kivallanteosta. Aamulehti seuraa oikeudenk\u00e4ynti\u00e4 hetki hetkelt\u00e4 t\u00e4ss\u00e4 jutussa.<\/p>\n<p class=\"article-body mb-nof-24 px-nof-16\">Aamulehti<\/p>\n<p class=\"article-body mb-nof-24 px-nof-16\">Ratinan puukotuksesta ep\u00e4ilty\u00e4 24-vuotiasta miest\u00e4 vastaan luettiin syytteet v\u00e4kivallanteosta Ratinassa. H\u00e4n puukotti nelj\u00e4\u00e4 tuntematonta Ratinan kauppakeskuksen edustalla torstaina 3. hein\u00e4kuuta.<\/p>\n<p class=\"article-body mb-nof-24 px-nof-16\">Syytt\u00e4j\u00e4 vaatii miehelle tuomiota kahdesta murhan yrityksest\u00e4, kahdesta t\u00f6rke\u00e4st\u00e4 pahoinpitelyst\u00e4 ja ennen puukotusta v\u00e4itetysti tapahtuneesta laittomasta uhkauksesta.<\/p>\n<p class=\"article-body mb-nof-24 px-nof-16\">Mies kiist\u00e4\u00e4 syytteet laittomasta uhkauksesta ja murhan yrityksist\u00e4. H\u00e4n my\u00f6nt\u00e4\u00e4 syyllistyneens\u00e4 kahteen tapon yritykseen ja kahteen t\u00f6rke\u00e4\u00e4n pahoinpitelyyn.<\/p>\n<p class=\"article-body mb-nof-24 px-nof-16\">K\u00e4r\u00e4j\u00e4oikeus ei todenn\u00e4k\u00f6isesti anna lopullista tuomiota perjantaina, sill\u00e4 syytt\u00e4j\u00e4 on vaatinut miehen m\u00e4\u00e4r\u00e4\u00e4mist\u00e4 mielentila\u00adtutkimukseen. Mik\u00e4li k\u00e4r\u00e4j\u00e4oikeus m\u00e4\u00e4r\u00e4\u00e4 miehen mielentila\u00adtutkimukseen, se antaa perjantaina v\u00e4lituomion.<\/p>\n<p class=\"article-body mb-nof-24 px-nof-16\">Oikeus on linjannut etuk\u00e4teen, ett\u00e4 oikeudenk\u00e4ynti tullaan k\u00e4ym\u00e4\u00e4n p\u00e4\u00e4asiassa julkisesti. Oikeudenk\u00e4ynti\u00e4 seuraamaan saapui suuri m\u00e4\u00e4r\u00e4 mediaa. Mies itse osallistui oikeudenk\u00e4yntiin et\u00e4yhteydell\u00e4.<\/p>\n<p class=\"article-body nof-ui-body-medium mb-nof-24 px-nof-16\">T\u00e4m\u00e4 on p\u00e4ivittyv\u00e4 uutinen.<\/p>\n","protected":false},"excerpt":{"rendered":"Mies onnistui puukottamaan nelj\u00e4\u00e4 tuntematonta ihmist\u00e4 noin minuutin aikana Tampereen Ratinassa. Perjantaina h\u00e4nt\u00e4 vastaan luettiin syytteet v\u00e4kivallanteosta. Aamulehti&hellip;\n","protected":false},"author":2,"featured_media":102151,"comment_status":"","ping_status":"","sticky":false,"template":"","format":"standard","meta":{"footnotes":""},"categories":[12],"tags":[157,22,23,26,27,33,31,30,17,24,25,28,29,15,18,21,32,19,20,16],"class_list":{"0":"post-102150","1":"post","2":"type-post","3":"status-publish","4":"format-standard","5":"has-post-thumbnail","7":"category-suomi","8":"tag-aamulehti","9":"tag-breaking-news","10":"tag-breakingnews","11":"tag-featured-news","12":"tag-featurednews","13":"tag-fi","14":"tag-finland","15":"tag-finnish","16":"tag-headlines","17":"tag-latest-news","18":"tag-latestnews","19":"tag-main-news","20":"tag-mainnews","21":"tag-news","22":"tag-otsikot","23":"tag-paauutiset","24":"tag-suomi","25":"tag-top-stories","26":"tag-topstories","27":"tag-uutiset"},"share_on_mastodon":{"url":"https:\/\/pubeurope.com\/@fi\/115626242497255684","error":""},"_links":{"self":[{"href":"https:\/\/www.europesays.com\/fi\/wp-json\/wp\/v2\/posts\/102150","targetHints":{"allow":["GET"]}}],"collection":[{"href":"https:\/\/www.europesays.com\/fi\/wp-json\/wp\/v2\/posts"}],"about":[{"href":"https:\/\/www.europesays.com\/fi\/wp-json\/wp\/v2\/types\/post"}],"author":[{"embeddable":true,"href":"https:\/\/www.europesays.com\/fi\/wp-json\/wp\/v2\/users\/2"}],"replies":[{"embeddable":true,"href":"https:\/\/www.europesays.com\/fi\/wp-json\/wp\/v2\/comments?post=102150"}],"version-history":[{"count":0,"href":"https:\/\/www.europesays.com\/fi\/wp-json\/wp\/v2\/posts\/102150\/revisions"}],"wp:featuredmedia":[{"embeddable":true,"href":"https:\/\/www.europesays.com\/fi\/wp-json\/wp\/v2\/media\/102151"}],"wp:attachment":[{"href":"https:\/\/www.europesays.com\/fi\/wp-json\/wp\/v2\/media?parent=102150"}],"wp:term":[{"taxonomy":"category","embeddable":true,"href":"https:\/\/www.europesays.com\/fi\/wp-json\/wp\/v2\/categories?post=102150"},{"taxonomy":"post_tag","embeddable":true,"href":"https:\/\/www.europesays.com\/fi\/wp-json\/wp\/v2\/tags?post=102150"}],"curies":[{"name":"wp","href":"https:\/\/api.w.org\/{rel}","templated":true}]}}